{"id":218,"date":"2012-10-05T16:48:22","date_gmt":"2012-10-05T16:48:22","guid":{"rendered":"http:\/\/northiberianctc.com\/blog\/ca\/?p=218"},"modified":"2013-10-01T17:06:44","modified_gmt":"2013-10-01T17:06:44","slug":"etapa-6-camprodon-ribes-de-freser","status":"publish","type":"post","link":"https:\/\/northiberianctc.com\/blog\/ca\/?p=218","title":{"rendered":"Etapa 6: Camprodon \u2013 Ribes de Freser"},"content":{"rendered":"<p><img loading=\"lazy\" decoding=\"async\" class=\"alignright\" style=\"margin-left: 5px; margin-right: 5px;\" alt=\"Camprodon \u2013 Ribes de Freser\" src=\"https:\/\/northiberianctc.com\/img\/stages\/6-pyre.jpg\" width=\"320\" height=\"195\" \/>Partim del c\u00e0mping i anem per carretera fins a Camprodon, seguim fins a Vilallonga de Ter i una mica m\u00e9s amunt abandonem la carretera i anem per pistes en bon estat fins als dos nuclis de Tegur\u00e0, a uns 14 quil\u00f2metres del nostre punt d&#8217;inici. Des de Tregur\u00e0 fins a Ribes de Freser ja no tornarem a trobar cap poblaci\u00f3 en 28 quil\u00f2metres, de manera que val la pena que duguem a sobre aigua i menjar.<\/p>\n<p>\u00c9s el primer dia de ruta en espais de pastura, a uns 1.800 m d&#8217;al\u00e7\u00e0ria. Les pujades s\u00f3n suaus, el paisatge est\u00e0 net i les pistes forestals en bastant bon estat, per\u00f2 \u00e9s un terreny molt pedreg\u00f3s i anar tota l&#8217;estona damunt de la bicicleta \u00e9s complicat de pujada. Al final hi ha una espectacular baixada per pistes, amb terreny pols\u00f3s per\u00f2 ciclable en la seva totalitat.<\/p>\n<p>M&#8217;allotjo al c\u00e0mping \u201cVall de Ribes\u201d, \u00e9s a un quil\u00f2metre del poble i est\u00e0 ben equipat.<\/p>\n<div style=\"margin: 0 auto 0 auto; width: 400px;\"><iframe loading=\"lazy\" src=\"https:\/\/ssl.panoramio.com\/wapi\/template\/photo.html?user=7124452&amp;tag=stage6nictc&amp;bgcolor=%23FFFFFF\" height=\"400\" width=\"500\" frameborder=\"0\" marginwidth=\"0\" marginheight=\"0\" scrolling=\"no\"><\/iframe><\/div>\n<p><strong>Etapa 6 a Wikiloc<\/strong>: <a title=\"etapa 6\" href=\"http:\/\/ca.wikiloc.com\/wikiloc\/view.do?id=4973143\">http:\/\/ca.wikiloc.com\/wikiloc\/view.do?id=4973143<\/a><\/p>\n<p><strong>Track GPS Epata 6 per descarregar<\/strong>: <a title=\"track 6\" href=\"http:\/\/goo.gl\/DfjGsq\">http:\/\/goo.gl\/DfjGsq<\/a><\/p>\n<p><strong>Dist\u00e0ncies<\/strong>: C\u00e0mping Vall de Camprodon \u2013 C\u00e0mping Vall de Ribes 44 km<\/p>\n<div style=\"width: 210px\" class=\"wp-caption alignright\"><img loading=\"lazy\" decoding=\"async\" alt=\"Camprodon \u2013 Ribes de Freser Descarregueu el track 6 amb BIDI QR\" src=\"https:\/\/northiberianctc.com\/img\/qr\/6-pyre.png\" width=\"200\" height=\"200\" \/><p class=\"wp-caption-text\">Descarregueu el track 6 amb BIDI QR<\/p><\/div>\n<p><strong>Poblacions<\/strong>:<\/p>\n<p>La col\u00f2nia Estevenell<br \/>\nCamprodon<br \/>\nLlanars<br \/>\nVilallonga de Ter<br \/>\nTregur\u00e0 de baix<br \/>\nTregur\u00e0 de dalt<br \/>\nRibes de Freser<\/p>\n<p><strong>Preu de l&#8217;allotjament<\/strong>: 10 euros<\/p>\n<p><strong>Refer\u00e8ncies<\/strong>: C\u00e0mping Vall de Ribes. Ctra de Pardines, km 0.5. 17534 &#8211; Ribes de Freser. www.campingvallderibes.com<\/p>\n<p><strong><a title=\"Stage 6\" href=\"https:\/\/northiberianctc.com\/blog\/en\/?p=230\" rel=\"alternate\" hreflang=\"en\">Stage 6 in English<\/a><\/strong> \u00b7 <strong><a title=\"Etapa 6\" href=\"https:\/\/northiberianctc.com\/blog\/es\/?p=160\" rel=\"alternate\" hreflang=\"es\">Etapa 6 en castellano<\/a><\/strong><\/p>\n","protected":false},"excerpt":{"rendered":"<p>Partim del c\u00e0mping i anem per carretera fins a Camprodon, seguim fins a Vilallonga de Ter i una mica m\u00e9s amunt abandonem la carretera i anem per pistes en bon estat fins als dos nuclis de Tegur\u00e0, a uns 14 quil\u00f2metres del nostre punt d&#8217;inici. Des de Tregur\u00e0 fins a Ribes de Freser ja no [&hellip;]<\/p>\n","protected":false},"author":1,"featured_media":0,"comment_status":"open","ping_status":"open","sticky":false,"template":"","format":"standard","meta":{"footnotes":""},"categories":[1],"tags":[],"yoast_head":"<!-- This site is optimized with the Yoast SEO plugin v24.5 - https:\/\/yoast.com\/wordpress\/plugins\/seo\/ -->\n<title>Etapa 6: Camprodon \u2013 Ribes de Freser - Nord Ib\u00e8ric de costa a costa<\/title>\n<meta name=\"robots\" content=\"index, follow, max-snippet:-1, max-image-preview:large, max-video-preview:-1\" \/>\n<link rel=\"canonical\" href=\"https:\/\/northiberianctc.com\/blog\/ca\/?p=218\" \/>\n<meta property=\"og:locale\" content=\"ca_ES\" \/>\n<meta property=\"og:type\" content=\"article\" \/>\n<meta property=\"og:title\" content=\"Etapa 6: Camprodon \u2013 Ribes de Freser - Nord Ib\u00e8ric de costa a costa\" \/>\n<meta property=\"og:description\" content=\"Partim del c\u00e0mping i anem per carretera fins a Camprodon, seguim fins a Vilallonga de Ter i una mica m\u00e9s amunt abandonem la carretera i anem per pistes en bon estat fins als dos nuclis de Tegur\u00e0, a uns 14 quil\u00f2metres del nostre punt d&#8217;inici. Des de Tregur\u00e0 fins a Ribes de Freser ja no [&hellip;]\" \/>\n<meta property=\"og:url\" content=\"https:\/\/northiberianctc.com\/blog\/ca\/?p=218\" \/>\n<meta property=\"og:site_name\" content=\"Nord Ib\u00e8ric de costa a costa\" \/>\n<meta property=\"article:published_time\" content=\"2012-10-05T16:48:22+00:00\" \/>\n<meta property=\"article:modified_time\" content=\"2013-10-01T17:06:44+00:00\" \/>\n<meta property=\"og:image\" content=\"https:\/\/northiberianctc.com\/img\/stages\/6-pyre.jpg\" \/>\n<meta name=\"author\" content=\"gerard\" \/>\n<meta name=\"twitter:label1\" content=\"Escrit per\" \/>\n\t<meta name=\"twitter:data1\" content=\"gerard\" \/>\n\t<meta name=\"twitter:label2\" content=\"Temps estimat de lectura\" \/>\n\t<meta name=\"twitter:data2\" content=\"1 minut\" \/>\n<script type=\"application\/ld+json\" class=\"yoast-schema-graph\">{\"@context\":\"https:\/\/schema.org\",\"@graph\":[{\"@type\":\"WebPage\",\"@id\":\"https:\/\/northiberianctc.com\/blog\/ca\/?p=218\",\"url\":\"https:\/\/northiberianctc.com\/blog\/ca\/?p=218\",\"name\":\"Etapa 6: Camprodon \u2013 Ribes de Freser - Nord Ib\u00e8ric de costa a costa\",\"isPartOf\":{\"@id\":\"https:\/\/northiberianctc.com\/blog\/ca\/#website\"},\"primaryImageOfPage\":{\"@id\":\"https:\/\/northiberianctc.com\/blog\/ca\/?p=218#primaryimage\"},\"image\":{\"@id\":\"https:\/\/northiberianctc.com\/blog\/ca\/?p=218#primaryimage\"},\"thumbnailUrl\":\"https:\/\/northiberianctc.com\/img\/stages\/6-pyre.jpg\",\"datePublished\":\"2012-10-05T16:48:22+00:00\",\"dateModified\":\"2013-10-01T17:06:44+00:00\",\"author\":{\"@id\":\"https:\/\/northiberianctc.com\/blog\/ca\/#\/schema\/person\/bf4335cdd9e1c68e5396ab9deacbf1a5\"},\"breadcrumb\":{\"@id\":\"https:\/\/northiberianctc.com\/blog\/ca\/?p=218#breadcrumb\"},\"inLanguage\":\"ca\",\"potentialAction\":[{\"@type\":\"ReadAction\",\"target\":[\"https:\/\/northiberianctc.com\/blog\/ca\/?p=218\"]}]},{\"@type\":\"ImageObject\",\"inLanguage\":\"ca\",\"@id\":\"https:\/\/northiberianctc.com\/blog\/ca\/?p=218#primaryimage\",\"url\":\"https:\/\/northiberianctc.com\/img\/stages\/6-pyre.jpg\",\"contentUrl\":\"https:\/\/northiberianctc.com\/img\/stages\/6-pyre.jpg\"},{\"@type\":\"BreadcrumbList\",\"@id\":\"https:\/\/northiberianctc.com\/blog\/ca\/?p=218#breadcrumb\",\"itemListElement\":[{\"@type\":\"ListItem\",\"position\":1,\"name\":\"Home\",\"item\":\"https:\/\/northiberianctc.com\/blog\/ca\/\"},{\"@type\":\"ListItem\",\"position\":2,\"name\":\"Etapa 6: Camprodon \u2013 Ribes de Freser\"}]},{\"@type\":\"WebSite\",\"@id\":\"https:\/\/northiberianctc.com\/blog\/ca\/#website\",\"url\":\"https:\/\/northiberianctc.com\/blog\/ca\/\",\"name\":\"Nord Ib\u00e8ric de costa a costa\",\"description\":\"Nord de la Pen\u00ednsula Ib\u00e8rica, 2.400 km d&#039;experi\u00e8ncia en bicicleta de muntanya\",\"potentialAction\":[{\"@type\":\"SearchAction\",\"target\":{\"@type\":\"EntryPoint\",\"urlTemplate\":\"https:\/\/northiberianctc.com\/blog\/ca\/?s={search_term_string}\"},\"query-input\":{\"@type\":\"PropertyValueSpecification\",\"valueRequired\":true,\"valueName\":\"search_term_string\"}}],\"inLanguage\":\"ca\"},{\"@type\":\"Person\",\"@id\":\"https:\/\/northiberianctc.com\/blog\/ca\/#\/schema\/person\/bf4335cdd9e1c68e5396ab9deacbf1a5\",\"name\":\"gerard\",\"image\":{\"@type\":\"ImageObject\",\"inLanguage\":\"ca\",\"@id\":\"https:\/\/northiberianctc.com\/blog\/ca\/#\/schema\/person\/image\/\",\"url\":\"https:\/\/secure.gravatar.com\/avatar\/0878a6750dc6aa874826b162dc943830?s=96&d=mm&r=g\",\"contentUrl\":\"https:\/\/secure.gravatar.com\/avatar\/0878a6750dc6aa874826b162dc943830?s=96&d=mm&r=g\",\"caption\":\"gerard\"},\"url\":\"https:\/\/northiberianctc.com\/blog\/ca\/?author=1\"}]}<\/script>\n<!-- \/ Yoast SEO plugin. -->","yoast_head_json":{"title":"Etapa 6: Camprodon \u2013 Ribes de Freser - Nord Ib\u00e8ric de costa a costa","robots":{"index":"index","follow":"follow","max-snippet":"max-snippet:-1","max-image-preview":"max-image-preview:large","max-video-preview":"max-video-preview:-1"},"canonical":"https:\/\/northiberianctc.com\/blog\/ca\/?p=218","og_locale":"ca_ES","og_type":"article","og_title":"Etapa 6: Camprodon \u2013 Ribes de Freser - Nord Ib\u00e8ric de costa a costa","og_description":"Partim del c\u00e0mping i anem per carretera fins a Camprodon, seguim fins a Vilallonga de Ter i una mica m\u00e9s amunt abandonem la carretera i anem per pistes en bon estat fins als dos nuclis de Tegur\u00e0, a uns 14 quil\u00f2metres del nostre punt d&#8217;inici. Des de Tregur\u00e0 fins a Ribes de Freser ja no [&hellip;]","og_url":"https:\/\/northiberianctc.com\/blog\/ca\/?p=218","og_site_name":"Nord Ib\u00e8ric de costa a costa","article_published_time":"2012-10-05T16:48:22+00:00","article_modified_time":"2013-10-01T17:06:44+00:00","og_image":[{"url":"https:\/\/northiberianctc.com\/img\/stages\/6-pyre.jpg","type":"","width":"","height":""}],"author":"gerard","twitter_misc":{"Escrit per":"gerard","Temps estimat de lectura":"1 minut"},"schema":{"@context":"https:\/\/schema.org","@graph":[{"@type":"WebPage","@id":"https:\/\/northiberianctc.com\/blog\/ca\/?p=218","url":"https:\/\/northiberianctc.com\/blog\/ca\/?p=218","name":"Etapa 6: Camprodon \u2013 Ribes de Freser - Nord Ib\u00e8ric de costa a costa","isPartOf":{"@id":"https:\/\/northiberianctc.com\/blog\/ca\/#website"},"primaryImageOfPage":{"@id":"https:\/\/northiberianctc.com\/blog\/ca\/?p=218#primaryimage"},"image":{"@id":"https:\/\/northiberianctc.com\/blog\/ca\/?p=218#primaryimage"},"thumbnailUrl":"https:\/\/northiberianctc.com\/img\/stages\/6-pyre.jpg","datePublished":"2012-10-05T16:48:22+00:00","dateModified":"2013-10-01T17:06:44+00:00","author":{"@id":"https:\/\/northiberianctc.com\/blog\/ca\/#\/schema\/person\/bf4335cdd9e1c68e5396ab9deacbf1a5"},"breadcrumb":{"@id":"https:\/\/northiberianctc.com\/blog\/ca\/?p=218#breadcrumb"},"inLanguage":"ca","potentialAction":[{"@type":"ReadAction","target":["https:\/\/northiberianctc.com\/blog\/ca\/?p=218"]}]},{"@type":"ImageObject","inLanguage":"ca","@id":"https:\/\/northiberianctc.com\/blog\/ca\/?p=218#primaryimage","url":"https:\/\/northiberianctc.com\/img\/stages\/6-pyre.jpg","contentUrl":"https:\/\/northiberianctc.com\/img\/stages\/6-pyre.jpg"},{"@type":"BreadcrumbList","@id":"https:\/\/northiberianctc.com\/blog\/ca\/?p=218#breadcrumb","itemListElement":[{"@type":"ListItem","position":1,"name":"Home","item":"https:\/\/northiberianctc.com\/blog\/ca\/"},{"@type":"ListItem","position":2,"name":"Etapa 6: Camprodon \u2013 Ribes de Freser"}]},{"@type":"WebSite","@id":"https:\/\/northiberianctc.com\/blog\/ca\/#website","url":"https:\/\/northiberianctc.com\/blog\/ca\/","name":"Nord Ib\u00e8ric de costa a costa","description":"Nord de la Pen\u00ednsula Ib\u00e8rica, 2.400 km d&#039;experi\u00e8ncia en bicicleta de muntanya","potentialAction":[{"@type":"SearchAction","target":{"@type":"EntryPoint","urlTemplate":"https:\/\/northiberianctc.com\/blog\/ca\/?s={search_term_string}"},"query-input":{"@type":"PropertyValueSpecification","valueRequired":true,"valueName":"search_term_string"}}],"inLanguage":"ca"},{"@type":"Person","@id":"https:\/\/northiberianctc.com\/blog\/ca\/#\/schema\/person\/bf4335cdd9e1c68e5396ab9deacbf1a5","name":"gerard","image":{"@type":"ImageObject","inLanguage":"ca","@id":"https:\/\/northiberianctc.com\/blog\/ca\/#\/schema\/person\/image\/","url":"https:\/\/secure.gravatar.com\/avatar\/0878a6750dc6aa874826b162dc943830?s=96&d=mm&r=g","contentUrl":"https:\/\/secure.gravatar.com\/avatar\/0878a6750dc6aa874826b162dc943830?s=96&d=mm&r=g","caption":"gerard"},"url":"https:\/\/northiberianctc.com\/blog\/ca\/?author=1"}]}},"_links":{"self":[{"href":"https:\/\/northiberianctc.com\/blog\/ca\/index.php?rest_route=\/wp\/v2\/posts\/218"}],"collection":[{"href":"https:\/\/northiberianctc.com\/blog\/ca\/index.php?rest_route=\/wp\/v2\/posts"}],"about":[{"href":"https:\/\/northiberianctc.com\/blog\/ca\/index.php?rest_route=\/wp\/v2\/types\/post"}],"author":[{"embeddable":true,"href":"https:\/\/northiberianctc.com\/blog\/ca\/index.php?rest_route=\/wp\/v2\/users\/1"}],"replies":[{"embeddable":true,"href":"https:\/\/northiberianctc.com\/blog\/ca\/index.php?rest_route=%2Fwp%2Fv2%2Fcomments&post=218"}],"version-history":[{"count":12,"href":"https:\/\/northiberianctc.com\/blog\/ca\/index.php?rest_route=\/wp\/v2\/posts\/218\/revisions"}],"predecessor-version":[{"id":672,"href":"https:\/\/northiberianctc.com\/blog\/ca\/index.php?rest_route=\/wp\/v2\/posts\/218\/revisions\/672"}],"wp:attachment":[{"href":"https:\/\/northiberianctc.com\/blog\/ca\/index.php?rest_route=%2Fwp%2Fv2%2Fmedia&parent=218"}],"wp:term":[{"taxonomy":"category","embeddable":true,"href":"https:\/\/northiberianctc.com\/blog\/ca\/index.php?rest_route=%2Fwp%2Fv2%2Fcategories&post=218"},{"taxonomy":"post_tag","embeddable":true,"href":"https:\/\/northiberianctc.com\/blog\/ca\/index.php?rest_route=%2Fwp%2Fv2%2Ftags&post=218"}],"curies":[{"name":"wp","href":"https:\/\/api.w.org\/{rel}","templated":true}]}}