{"id":286,"date":"2013-06-07T12:57:07","date_gmt":"2013-06-07T12:57:07","guid":{"rendered":"http:\/\/northiberianctc.com\/blog\/ca\/?p=286"},"modified":"2013-10-01T17:26:09","modified_gmt":"2013-10-01T17:26:09","slug":"excursio-puyarruego-ainsa-puyarruego","status":"publish","type":"post","link":"https:\/\/northiberianctc.com\/blog\/ca\/?p=286","title":{"rendered":"Excursi\u00f3: Puyarruego \u2013 Ainsa \u2013 Puyarruego"},"content":{"rendered":"<p><img loading=\"lazy\" decoding=\"async\" class=\"alignright\" style=\"margin-left: 6px; margin-right: 6px;\" alt=\"Puyarruego \u2013 Ainsa \u2013 Puyarruego\" src=\"https:\/\/northiberianctc.com\/img\/stages\/trip-pyre.jpg\" width=\"320\" height=\"195\" \/>No era part del pla saltar-me un dia de muntanya, per\u00f2 est\u00e0 plovent una mica i no \u00e9s gaire segur endinsar-se per les muntanyes amb una mala previsi\u00f3 meteorol\u00f2gica. Prefereixo quedar-me a la comarca i fer turisme, ja que Ainsa \u00e9s a prop i t\u00e9 atractius culturals que es poden aprofitar. L&#8217;excursi\u00f3 \u00e9s un viatge del c\u00e0mping a Ainsa, dinar all\u00ed i tornar per sopar al c\u00e0mping.<\/p>\n<p>A Ainsa es pot visitar el casc antic, amb una interessant oferta gastron\u00f2mica. Per a qui li pugui agradar veure museus, n&#8217;hi ha dos que permeten interpretar la comarca del Sobrarbe: l&#8217;Ecomuseu, sobre l&#8217;entorn natural de flora i fauna, i el centre d&#8217;interpretaci\u00f3 del Geoespai, tamb\u00e9 de la comarca, amb informaci\u00f3 sobre el desenvolupament del negoci miner del ferro i l&#8217;estructura geol\u00f2gica d&#8217;aquesta part dels Pirineus. Els dos museus es poden visitar completament en unes tres hores, aproximadament.<\/p>\n<div style=\"margin: 0 auto 0 auto; width: 400px;\"><iframe loading=\"lazy\" src=\"https:\/\/ssl.panoramio.com\/wapi\/template\/photo.html?user=7124452&amp;tag=daytripainsa&amp;bgcolor=%23FFFFFF\" height=\"400\" width=\"500\" frameborder=\"0\" marginwidth=\"0\" marginheight=\"0\" scrolling=\"no\"><\/iframe><\/div>\n<p><strong>Excursi\u00f3 a Ainsa a Wikiloc<\/strong>: <a title=\"excursi\u00f3 a Ainsa\" href=\"http:\/\/ca.wikiloc.com\/wikiloc\/view.do?id=4996657\">http:\/\/ca.wikiloc.com\/wikiloc\/view.do?id=4996657<\/a><\/p>\n<p><strong>Track GPS Excursi\u00f3 a Ainsa per descarregar<\/strong>: <a title=\"track excursi\u00f3 a Ainsa\" href=\"http:\/\/goo.gl\/VP5ajm\">http:\/\/goo.gl\/VP5ajm<\/a><\/p>\n<p><strong>Dist\u00e0ncies<\/strong>: C\u00e0mping Valle de A\u00f1isclo &#8211;\u00a0 Ainsa &#8211;\u00a0 C\u00e0mping Valle de A\u00f1isclo 25 km<\/p>\n<div style=\"width: 210px\" class=\"wp-caption alignnone\"><img loading=\"lazy\" decoding=\"async\" alt=\"Descarregueu el track amb BIDI QR\" src=\"https:\/\/northiberianctc.com\/img\/qr\/trip-pyre.png\" width=\"200\" height=\"200\" \/><p class=\"wp-caption-text\">Descarregueu el track amb BIDI QR<\/p><\/div>\n<p><strong><a title=\"Trip to Ainsa\" href=\"https:\/\/northiberianctc.com\/blog\/en\/?p=251\" rel=\"alternate\" hreflang=\"en\">Trip to Ainsa in English<\/a><\/strong> \u00b7 <strong><a title=\"Excursi\u00f3n a Ainsa\" href=\"https:\/\/northiberianctc.com\/blog\/es\/?p=180\" rel=\"alternate\" hreflang=\"es\">Excursi\u00f3n a Ainsa en castellano<\/a><\/strong><\/p>\n","protected":false},"excerpt":{"rendered":"<p>No era part del pla saltar-me un dia de muntanya, per\u00f2 est\u00e0 plovent una mica i no \u00e9s gaire segur endinsar-se per les muntanyes amb una mala previsi\u00f3 meteorol\u00f2gica. Prefereixo quedar-me a la comarca i fer turisme, ja que Ainsa \u00e9s a prop i t\u00e9 atractius culturals que es poden aprofitar. L&#8217;excursi\u00f3 \u00e9s un viatge [&hellip;]<\/p>\n","protected":false},"author":1,"featured_media":0,"comment_status":"open","ping_status":"open","sticky":false,"template":"","format":"standard","meta":{"footnotes":""},"categories":[1],"tags":[],"yoast_head":"<!-- This site is optimized with the Yoast SEO plugin v24.5 - https:\/\/yoast.com\/wordpress\/plugins\/seo\/ -->\n<title>Excursi\u00f3: Puyarruego \u2013 Ainsa \u2013 Puyarruego - Nord Ib\u00e8ric de costa a costa<\/title>\n<meta name=\"robots\" content=\"index, follow, max-snippet:-1, max-image-preview:large, max-video-preview:-1\" \/>\n<link rel=\"canonical\" href=\"https:\/\/northiberianctc.com\/blog\/ca\/?p=286\" \/>\n<meta property=\"og:locale\" content=\"ca_ES\" \/>\n<meta property=\"og:type\" content=\"article\" \/>\n<meta property=\"og:title\" content=\"Excursi\u00f3: Puyarruego \u2013 Ainsa \u2013 Puyarruego - Nord Ib\u00e8ric de costa a costa\" \/>\n<meta property=\"og:description\" content=\"No era part del pla saltar-me un dia de muntanya, per\u00f2 est\u00e0 plovent una mica i no \u00e9s gaire segur endinsar-se per les muntanyes amb una mala previsi\u00f3 meteorol\u00f2gica. Prefereixo quedar-me a la comarca i fer turisme, ja que Ainsa \u00e9s a prop i t\u00e9 atractius culturals que es poden aprofitar. L&#8217;excursi\u00f3 \u00e9s un viatge [&hellip;]\" \/>\n<meta property=\"og:url\" content=\"https:\/\/northiberianctc.com\/blog\/ca\/?p=286\" \/>\n<meta property=\"og:site_name\" content=\"Nord Ib\u00e8ric de costa a costa\" \/>\n<meta property=\"article:published_time\" content=\"2013-06-07T12:57:07+00:00\" \/>\n<meta property=\"article:modified_time\" content=\"2013-10-01T17:26:09+00:00\" \/>\n<meta property=\"og:image\" content=\"https:\/\/northiberianctc.com\/img\/stages\/trip-pyre.jpg\" \/>\n<meta name=\"author\" content=\"gerard\" \/>\n<meta name=\"twitter:label1\" content=\"Escrit per\" \/>\n\t<meta name=\"twitter:data1\" content=\"gerard\" \/>\n\t<meta name=\"twitter:label2\" content=\"Temps estimat de lectura\" \/>\n\t<meta name=\"twitter:data2\" content=\"1 minut\" \/>\n<script type=\"application\/ld+json\" class=\"yoast-schema-graph\">{\"@context\":\"https:\/\/schema.org\",\"@graph\":[{\"@type\":\"WebPage\",\"@id\":\"https:\/\/northiberianctc.com\/blog\/ca\/?p=286\",\"url\":\"https:\/\/northiberianctc.com\/blog\/ca\/?p=286\",\"name\":\"Excursi\u00f3: Puyarruego \u2013 Ainsa \u2013 Puyarruego - Nord Ib\u00e8ric de costa a costa\",\"isPartOf\":{\"@id\":\"https:\/\/northiberianctc.com\/blog\/ca\/#website\"},\"primaryImageOfPage\":{\"@id\":\"https:\/\/northiberianctc.com\/blog\/ca\/?p=286#primaryimage\"},\"image\":{\"@id\":\"https:\/\/northiberianctc.com\/blog\/ca\/?p=286#primaryimage\"},\"thumbnailUrl\":\"https:\/\/northiberianctc.com\/img\/stages\/trip-pyre.jpg\",\"datePublished\":\"2013-06-07T12:57:07+00:00\",\"dateModified\":\"2013-10-01T17:26:09+00:00\",\"author\":{\"@id\":\"https:\/\/northiberianctc.com\/blog\/ca\/#\/schema\/person\/bf4335cdd9e1c68e5396ab9deacbf1a5\"},\"breadcrumb\":{\"@id\":\"https:\/\/northiberianctc.com\/blog\/ca\/?p=286#breadcrumb\"},\"inLanguage\":\"ca\",\"potentialAction\":[{\"@type\":\"ReadAction\",\"target\":[\"https:\/\/northiberianctc.com\/blog\/ca\/?p=286\"]}]},{\"@type\":\"ImageObject\",\"inLanguage\":\"ca\",\"@id\":\"https:\/\/northiberianctc.com\/blog\/ca\/?p=286#primaryimage\",\"url\":\"https:\/\/northiberianctc.com\/img\/stages\/trip-pyre.jpg\",\"contentUrl\":\"https:\/\/northiberianctc.com\/img\/stages\/trip-pyre.jpg\"},{\"@type\":\"BreadcrumbList\",\"@id\":\"https:\/\/northiberianctc.com\/blog\/ca\/?p=286#breadcrumb\",\"itemListElement\":[{\"@type\":\"ListItem\",\"position\":1,\"name\":\"Home\",\"item\":\"https:\/\/northiberianctc.com\/blog\/ca\/\"},{\"@type\":\"ListItem\",\"position\":2,\"name\":\"Excursi\u00f3: Puyarruego \u2013 Ainsa \u2013 Puyarruego\"}]},{\"@type\":\"WebSite\",\"@id\":\"https:\/\/northiberianctc.com\/blog\/ca\/#website\",\"url\":\"https:\/\/northiberianctc.com\/blog\/ca\/\",\"name\":\"Nord Ib\u00e8ric de costa a costa\",\"description\":\"Nord de la Pen\u00ednsula Ib\u00e8rica, 2.400 km d&#039;experi\u00e8ncia en bicicleta de muntanya\",\"potentialAction\":[{\"@type\":\"SearchAction\",\"target\":{\"@type\":\"EntryPoint\",\"urlTemplate\":\"https:\/\/northiberianctc.com\/blog\/ca\/?s={search_term_string}\"},\"query-input\":{\"@type\":\"PropertyValueSpecification\",\"valueRequired\":true,\"valueName\":\"search_term_string\"}}],\"inLanguage\":\"ca\"},{\"@type\":\"Person\",\"@id\":\"https:\/\/northiberianctc.com\/blog\/ca\/#\/schema\/person\/bf4335cdd9e1c68e5396ab9deacbf1a5\",\"name\":\"gerard\",\"image\":{\"@type\":\"ImageObject\",\"inLanguage\":\"ca\",\"@id\":\"https:\/\/northiberianctc.com\/blog\/ca\/#\/schema\/person\/image\/\",\"url\":\"https:\/\/secure.gravatar.com\/avatar\/0878a6750dc6aa874826b162dc943830?s=96&d=mm&r=g\",\"contentUrl\":\"https:\/\/secure.gravatar.com\/avatar\/0878a6750dc6aa874826b162dc943830?s=96&d=mm&r=g\",\"caption\":\"gerard\"},\"url\":\"https:\/\/northiberianctc.com\/blog\/ca\/?author=1\"}]}<\/script>\n<!-- \/ Yoast SEO plugin. -->","yoast_head_json":{"title":"Excursi\u00f3: Puyarruego \u2013 Ainsa \u2013 Puyarruego - Nord Ib\u00e8ric de costa a costa","robots":{"index":"index","follow":"follow","max-snippet":"max-snippet:-1","max-image-preview":"max-image-preview:large","max-video-preview":"max-video-preview:-1"},"canonical":"https:\/\/northiberianctc.com\/blog\/ca\/?p=286","og_locale":"ca_ES","og_type":"article","og_title":"Excursi\u00f3: Puyarruego \u2013 Ainsa \u2013 Puyarruego - Nord Ib\u00e8ric de costa a costa","og_description":"No era part del pla saltar-me un dia de muntanya, per\u00f2 est\u00e0 plovent una mica i no \u00e9s gaire segur endinsar-se per les muntanyes amb una mala previsi\u00f3 meteorol\u00f2gica. Prefereixo quedar-me a la comarca i fer turisme, ja que Ainsa \u00e9s a prop i t\u00e9 atractius culturals que es poden aprofitar. L&#8217;excursi\u00f3 \u00e9s un viatge [&hellip;]","og_url":"https:\/\/northiberianctc.com\/blog\/ca\/?p=286","og_site_name":"Nord Ib\u00e8ric de costa a costa","article_published_time":"2013-06-07T12:57:07+00:00","article_modified_time":"2013-10-01T17:26:09+00:00","og_image":[{"url":"https:\/\/northiberianctc.com\/img\/stages\/trip-pyre.jpg","type":"","width":"","height":""}],"author":"gerard","twitter_misc":{"Escrit per":"gerard","Temps estimat de lectura":"1 minut"},"schema":{"@context":"https:\/\/schema.org","@graph":[{"@type":"WebPage","@id":"https:\/\/northiberianctc.com\/blog\/ca\/?p=286","url":"https:\/\/northiberianctc.com\/blog\/ca\/?p=286","name":"Excursi\u00f3: Puyarruego \u2013 Ainsa \u2013 Puyarruego - Nord Ib\u00e8ric de costa a costa","isPartOf":{"@id":"https:\/\/northiberianctc.com\/blog\/ca\/#website"},"primaryImageOfPage":{"@id":"https:\/\/northiberianctc.com\/blog\/ca\/?p=286#primaryimage"},"image":{"@id":"https:\/\/northiberianctc.com\/blog\/ca\/?p=286#primaryimage"},"thumbnailUrl":"https:\/\/northiberianctc.com\/img\/stages\/trip-pyre.jpg","datePublished":"2013-06-07T12:57:07+00:00","dateModified":"2013-10-01T17:26:09+00:00","author":{"@id":"https:\/\/northiberianctc.com\/blog\/ca\/#\/schema\/person\/bf4335cdd9e1c68e5396ab9deacbf1a5"},"breadcrumb":{"@id":"https:\/\/northiberianctc.com\/blog\/ca\/?p=286#breadcrumb"},"inLanguage":"ca","potentialAction":[{"@type":"ReadAction","target":["https:\/\/northiberianctc.com\/blog\/ca\/?p=286"]}]},{"@type":"ImageObject","inLanguage":"ca","@id":"https:\/\/northiberianctc.com\/blog\/ca\/?p=286#primaryimage","url":"https:\/\/northiberianctc.com\/img\/stages\/trip-pyre.jpg","contentUrl":"https:\/\/northiberianctc.com\/img\/stages\/trip-pyre.jpg"},{"@type":"BreadcrumbList","@id":"https:\/\/northiberianctc.com\/blog\/ca\/?p=286#breadcrumb","itemListElement":[{"@type":"ListItem","position":1,"name":"Home","item":"https:\/\/northiberianctc.com\/blog\/ca\/"},{"@type":"ListItem","position":2,"name":"Excursi\u00f3: Puyarruego \u2013 Ainsa \u2013 Puyarruego"}]},{"@type":"WebSite","@id":"https:\/\/northiberianctc.com\/blog\/ca\/#website","url":"https:\/\/northiberianctc.com\/blog\/ca\/","name":"Nord Ib\u00e8ric de costa a costa","description":"Nord de la Pen\u00ednsula Ib\u00e8rica, 2.400 km d&#039;experi\u00e8ncia en bicicleta de muntanya","potentialAction":[{"@type":"SearchAction","target":{"@type":"EntryPoint","urlTemplate":"https:\/\/northiberianctc.com\/blog\/ca\/?s={search_term_string}"},"query-input":{"@type":"PropertyValueSpecification","valueRequired":true,"valueName":"search_term_string"}}],"inLanguage":"ca"},{"@type":"Person","@id":"https:\/\/northiberianctc.com\/blog\/ca\/#\/schema\/person\/bf4335cdd9e1c68e5396ab9deacbf1a5","name":"gerard","image":{"@type":"ImageObject","inLanguage":"ca","@id":"https:\/\/northiberianctc.com\/blog\/ca\/#\/schema\/person\/image\/","url":"https:\/\/secure.gravatar.com\/avatar\/0878a6750dc6aa874826b162dc943830?s=96&d=mm&r=g","contentUrl":"https:\/\/secure.gravatar.com\/avatar\/0878a6750dc6aa874826b162dc943830?s=96&d=mm&r=g","caption":"gerard"},"url":"https:\/\/northiberianctc.com\/blog\/ca\/?author=1"}]}},"_links":{"self":[{"href":"https:\/\/northiberianctc.com\/blog\/ca\/index.php?rest_route=\/wp\/v2\/posts\/286"}],"collection":[{"href":"https:\/\/northiberianctc.com\/blog\/ca\/index.php?rest_route=\/wp\/v2\/posts"}],"about":[{"href":"https:\/\/northiberianctc.com\/blog\/ca\/index.php?rest_route=\/wp\/v2\/types\/post"}],"author":[{"embeddable":true,"href":"https:\/\/northiberianctc.com\/blog\/ca\/index.php?rest_route=\/wp\/v2\/users\/1"}],"replies":[{"embeddable":true,"href":"https:\/\/northiberianctc.com\/blog\/ca\/index.php?rest_route=%2Fwp%2Fv2%2Fcomments&post=286"}],"version-history":[{"count":6,"href":"https:\/\/northiberianctc.com\/blog\/ca\/index.php?rest_route=\/wp\/v2\/posts\/286\/revisions"}],"predecessor-version":[{"id":288,"href":"https:\/\/northiberianctc.com\/blog\/ca\/index.php?rest_route=\/wp\/v2\/posts\/286\/revisions\/288"}],"wp:attachment":[{"href":"https:\/\/northiberianctc.com\/blog\/ca\/index.php?rest_route=%2Fwp%2Fv2%2Fmedia&parent=286"}],"wp:term":[{"taxonomy":"category","embeddable":true,"href":"https:\/\/northiberianctc.com\/blog\/ca\/index.php?rest_route=%2Fwp%2Fv2%2Fcategories&post=286"},{"taxonomy":"post_tag","embeddable":true,"href":"https:\/\/northiberianctc.com\/blog\/ca\/index.php?rest_route=%2Fwp%2Fv2%2Ftags&post=286"}],"curies":[{"name":"wp","href":"https:\/\/api.w.org\/{rel}","templated":true}]}}