{"id":291,"date":"2013-06-10T13:08:27","date_gmt":"2013-06-10T13:08:27","guid":{"rendered":"http:\/\/northiberianctc.com\/blog\/ca\/?p=291"},"modified":"2013-10-01T17:27:18","modified_gmt":"2013-10-01T17:27:18","slug":"etapa-15-puyarruego-torla","status":"publish","type":"post","link":"https:\/\/northiberianctc.com\/blog\/ca\/?p=291","title":{"rendered":"Etapa 15: Puyarruego \u2013 Torla"},"content":{"rendered":"<p><img loading=\"lazy\" decoding=\"async\" class=\"alignright\" style=\"margin-left: 6px; margin-right: 6px;\" alt=\"Puyarruego \u2013 Torla\" src=\"https:\/\/northiberianctc.com\/img\/stages\/15-pyre.jpg\" width=\"320\" height=\"195\" \/>M&#8217;he hagut de quedar tres dies al c\u00e0mping perqu\u00e8 no parava de ploure. \u00c9s un mes de juny at\u00edpic: plou cada dia i fa prou fred com per mantenir la neu a les carenes a mitjans de juny. Comen\u00e7a a notar-se l&#8217;acumulaci\u00f3 d&#8217;aigua a tots els Pirineus, ja que l&#8217;aigua ha fet pujar els nivells dels rius i ja hi ha algunes alertes permanents dels serveis de Protecci\u00f3 Civil. Comen\u00e7a a haver-hi inundacions importants als Pirineus catalans.<\/p>\n<p>Finalment avui m&#8217;he posat en marxa per seguir amb la meva ruta prefixada. Per carretera he passat pel Ca\u00f1\u00f3n de A\u00f1isclo fins a la Pe\u00f1a Los Sestrales i he arribat a Ner\u00edn. He pujat per una pista forestal i a partir de 2.000 metres he trobat neu en abund\u00e0ncia, boira i fred. Hi ha hagut trams perillosos que m&#8217;han retardat i m&#8217;he vist obligat a quedar-me a Torla en un dels c\u00e0mpings que hi ha, el \u201cR\u00edo Ara\u201d, perqu\u00e8 ja es comen\u00e7ava a fer tard.<\/p>\n<div style=\"margin: 0 auto 0 auto; width: 400px;\"><iframe loading=\"lazy\" src=\"https:\/\/ssl.panoramio.com\/wapi\/template\/photo.html?user=7124452&amp;tag=stage15nictc&amp;bgcolor=%23FFFFFF\" height=\"400\" width=\"500\" frameborder=\"0\" marginwidth=\"0\" marginheight=\"0\" scrolling=\"no\"><\/iframe><\/div>\n<p><strong>Etapa 15 a Wikiloc<\/strong>: <a title=\"etapa 15\" href=\"http:\/\/ca.wikiloc.com\/wikiloc\/view.do?id=4973422\">http:\/\/ca.wikiloc.com\/wikiloc\/view.do?id=4973422<\/a><\/p>\n<p><strong>Track GPS Etapa 15 per descarregar<\/strong>: <a title=\"track 15\" href=\"http:\/\/goo.gl\/yjfonz\">http:\/\/goo.gl\/yjfonz<\/a><\/p>\n<p><strong>Dist\u00e0ncies<\/strong>:\u00a0 C\u00e0mping Valle de A\u00f1isclo \u2013 C\u00e0mping R\u00edo Ara 50 km.<\/p>\n<p><strong>Poblacions<\/strong>:<\/p>\n<div style=\"width: 210px\" class=\"wp-caption alignright\"><img loading=\"lazy\" decoding=\"async\" alt=\"Descarregueu el track 15 amb BIDI QR\" src=\"https:\/\/northiberianctc.com\/img\/qr\/15-pyre.png\" width=\"200\" height=\"200\" \/><p class=\"wp-caption-text\">Descarregueu el track 15 amb BIDI QR<\/p><\/div>\n<p>Puyarruego<br \/>\nNer\u00edn<br \/>\nTorla<\/p>\n<p><strong>Preu de l&#8217;allotjament<\/strong>: 9,20 euros.<\/p>\n<p><strong>Refer\u00e8ncies<\/strong>: Camping R\u00edo Ara. 22376 Torla (Huesca). Tel +34.974486248. www.ordesa.net\/camping-rioara<\/p>\n<p><strong><a title=\"Stage 15\" href=\"https:\/\/northiberianctc.com\/blog\/en\/?p=253\" rel=\"alternate\" hreflang=\"en\">Stage 15 in English<\/a><\/strong> \u00b7 <strong><a title=\"Etapa 15\" href=\"https:\/\/northiberianctc.com\/blog\/es\/?p=178\" rel=\"alternate\" hreflang=\"es\">Etapa 15 en castellano<\/a><\/strong><\/p>\n","protected":false},"excerpt":{"rendered":"<p>M&#8217;he hagut de quedar tres dies al c\u00e0mping perqu\u00e8 no parava de ploure. \u00c9s un mes de juny at\u00edpic: plou cada dia i fa prou fred com per mantenir la neu a les carenes a mitjans de juny. Comen\u00e7a a notar-se l&#8217;acumulaci\u00f3 d&#8217;aigua a tots els Pirineus, ja que l&#8217;aigua ha fet pujar els nivells [&hellip;]<\/p>\n","protected":false},"author":1,"featured_media":0,"comment_status":"open","ping_status":"open","sticky":false,"template":"","format":"standard","meta":{"footnotes":""},"categories":[1],"tags":[],"yoast_head":"<!-- This site is optimized with the Yoast SEO plugin v24.5 - https:\/\/yoast.com\/wordpress\/plugins\/seo\/ -->\n<title>Etapa 15: Puyarruego \u2013 Torla - Nord Ib\u00e8ric de costa a costa<\/title>\n<meta name=\"robots\" content=\"index, follow, max-snippet:-1, max-image-preview:large, max-video-preview:-1\" \/>\n<link rel=\"canonical\" href=\"https:\/\/northiberianctc.com\/blog\/ca\/?p=291\" \/>\n<meta property=\"og:locale\" content=\"ca_ES\" \/>\n<meta property=\"og:type\" content=\"article\" \/>\n<meta property=\"og:title\" content=\"Etapa 15: Puyarruego \u2013 Torla - Nord Ib\u00e8ric de costa a costa\" \/>\n<meta property=\"og:description\" content=\"M&#8217;he hagut de quedar tres dies al c\u00e0mping perqu\u00e8 no parava de ploure. \u00c9s un mes de juny at\u00edpic: plou cada dia i fa prou fred com per mantenir la neu a les carenes a mitjans de juny. Comen\u00e7a a notar-se l&#8217;acumulaci\u00f3 d&#8217;aigua a tots els Pirineus, ja que l&#8217;aigua ha fet pujar els nivells [&hellip;]\" \/>\n<meta property=\"og:url\" content=\"https:\/\/northiberianctc.com\/blog\/ca\/?p=291\" \/>\n<meta property=\"og:site_name\" content=\"Nord Ib\u00e8ric de costa a costa\" \/>\n<meta property=\"article:published_time\" content=\"2013-06-10T13:08:27+00:00\" \/>\n<meta property=\"article:modified_time\" content=\"2013-10-01T17:27:18+00:00\" \/>\n<meta property=\"og:image\" content=\"https:\/\/northiberianctc.com\/img\/stages\/15-pyre.jpg\" \/>\n<meta name=\"author\" content=\"gerard\" \/>\n<meta name=\"twitter:label1\" content=\"Escrit per\" \/>\n\t<meta name=\"twitter:data1\" content=\"gerard\" \/>\n\t<meta name=\"twitter:label2\" content=\"Temps estimat de lectura\" \/>\n\t<meta name=\"twitter:data2\" content=\"1 minut\" \/>\n<script type=\"application\/ld+json\" class=\"yoast-schema-graph\">{\"@context\":\"https:\/\/schema.org\",\"@graph\":[{\"@type\":\"WebPage\",\"@id\":\"https:\/\/northiberianctc.com\/blog\/ca\/?p=291\",\"url\":\"https:\/\/northiberianctc.com\/blog\/ca\/?p=291\",\"name\":\"Etapa 15: Puyarruego \u2013 Torla - Nord Ib\u00e8ric de costa a costa\",\"isPartOf\":{\"@id\":\"https:\/\/northiberianctc.com\/blog\/ca\/#website\"},\"primaryImageOfPage\":{\"@id\":\"https:\/\/northiberianctc.com\/blog\/ca\/?p=291#primaryimage\"},\"image\":{\"@id\":\"https:\/\/northiberianctc.com\/blog\/ca\/?p=291#primaryimage\"},\"thumbnailUrl\":\"https:\/\/northiberianctc.com\/img\/stages\/15-pyre.jpg\",\"datePublished\":\"2013-06-10T13:08:27+00:00\",\"dateModified\":\"2013-10-01T17:27:18+00:00\",\"author\":{\"@id\":\"https:\/\/northiberianctc.com\/blog\/ca\/#\/schema\/person\/bf4335cdd9e1c68e5396ab9deacbf1a5\"},\"breadcrumb\":{\"@id\":\"https:\/\/northiberianctc.com\/blog\/ca\/?p=291#breadcrumb\"},\"inLanguage\":\"ca\",\"potentialAction\":[{\"@type\":\"ReadAction\",\"target\":[\"https:\/\/northiberianctc.com\/blog\/ca\/?p=291\"]}]},{\"@type\":\"ImageObject\",\"inLanguage\":\"ca\",\"@id\":\"https:\/\/northiberianctc.com\/blog\/ca\/?p=291#primaryimage\",\"url\":\"https:\/\/northiberianctc.com\/img\/stages\/15-pyre.jpg\",\"contentUrl\":\"https:\/\/northiberianctc.com\/img\/stages\/15-pyre.jpg\"},{\"@type\":\"BreadcrumbList\",\"@id\":\"https:\/\/northiberianctc.com\/blog\/ca\/?p=291#breadcrumb\",\"itemListElement\":[{\"@type\":\"ListItem\",\"position\":1,\"name\":\"Home\",\"item\":\"https:\/\/northiberianctc.com\/blog\/ca\/\"},{\"@type\":\"ListItem\",\"position\":2,\"name\":\"Etapa 15: Puyarruego \u2013 Torla\"}]},{\"@type\":\"WebSite\",\"@id\":\"https:\/\/northiberianctc.com\/blog\/ca\/#website\",\"url\":\"https:\/\/northiberianctc.com\/blog\/ca\/\",\"name\":\"Nord Ib\u00e8ric de costa a costa\",\"description\":\"Nord de la Pen\u00ednsula Ib\u00e8rica, 2.400 km d&#039;experi\u00e8ncia en bicicleta de muntanya\",\"potentialAction\":[{\"@type\":\"SearchAction\",\"target\":{\"@type\":\"EntryPoint\",\"urlTemplate\":\"https:\/\/northiberianctc.com\/blog\/ca\/?s={search_term_string}\"},\"query-input\":{\"@type\":\"PropertyValueSpecification\",\"valueRequired\":true,\"valueName\":\"search_term_string\"}}],\"inLanguage\":\"ca\"},{\"@type\":\"Person\",\"@id\":\"https:\/\/northiberianctc.com\/blog\/ca\/#\/schema\/person\/bf4335cdd9e1c68e5396ab9deacbf1a5\",\"name\":\"gerard\",\"image\":{\"@type\":\"ImageObject\",\"inLanguage\":\"ca\",\"@id\":\"https:\/\/northiberianctc.com\/blog\/ca\/#\/schema\/person\/image\/\",\"url\":\"https:\/\/secure.gravatar.com\/avatar\/0878a6750dc6aa874826b162dc943830?s=96&d=mm&r=g\",\"contentUrl\":\"https:\/\/secure.gravatar.com\/avatar\/0878a6750dc6aa874826b162dc943830?s=96&d=mm&r=g\",\"caption\":\"gerard\"},\"url\":\"https:\/\/northiberianctc.com\/blog\/ca\/?author=1\"}]}<\/script>\n<!-- \/ Yoast SEO plugin. -->","yoast_head_json":{"title":"Etapa 15: Puyarruego \u2013 Torla - Nord Ib\u00e8ric de costa a costa","robots":{"index":"index","follow":"follow","max-snippet":"max-snippet:-1","max-image-preview":"max-image-preview:large","max-video-preview":"max-video-preview:-1"},"canonical":"https:\/\/northiberianctc.com\/blog\/ca\/?p=291","og_locale":"ca_ES","og_type":"article","og_title":"Etapa 15: Puyarruego \u2013 Torla - Nord Ib\u00e8ric de costa a costa","og_description":"M&#8217;he hagut de quedar tres dies al c\u00e0mping perqu\u00e8 no parava de ploure. \u00c9s un mes de juny at\u00edpic: plou cada dia i fa prou fred com per mantenir la neu a les carenes a mitjans de juny. Comen\u00e7a a notar-se l&#8217;acumulaci\u00f3 d&#8217;aigua a tots els Pirineus, ja que l&#8217;aigua ha fet pujar els nivells [&hellip;]","og_url":"https:\/\/northiberianctc.com\/blog\/ca\/?p=291","og_site_name":"Nord Ib\u00e8ric de costa a costa","article_published_time":"2013-06-10T13:08:27+00:00","article_modified_time":"2013-10-01T17:27:18+00:00","og_image":[{"url":"https:\/\/northiberianctc.com\/img\/stages\/15-pyre.jpg","type":"","width":"","height":""}],"author":"gerard","twitter_misc":{"Escrit per":"gerard","Temps estimat de lectura":"1 minut"},"schema":{"@context":"https:\/\/schema.org","@graph":[{"@type":"WebPage","@id":"https:\/\/northiberianctc.com\/blog\/ca\/?p=291","url":"https:\/\/northiberianctc.com\/blog\/ca\/?p=291","name":"Etapa 15: Puyarruego \u2013 Torla - Nord Ib\u00e8ric de costa a costa","isPartOf":{"@id":"https:\/\/northiberianctc.com\/blog\/ca\/#website"},"primaryImageOfPage":{"@id":"https:\/\/northiberianctc.com\/blog\/ca\/?p=291#primaryimage"},"image":{"@id":"https:\/\/northiberianctc.com\/blog\/ca\/?p=291#primaryimage"},"thumbnailUrl":"https:\/\/northiberianctc.com\/img\/stages\/15-pyre.jpg","datePublished":"2013-06-10T13:08:27+00:00","dateModified":"2013-10-01T17:27:18+00:00","author":{"@id":"https:\/\/northiberianctc.com\/blog\/ca\/#\/schema\/person\/bf4335cdd9e1c68e5396ab9deacbf1a5"},"breadcrumb":{"@id":"https:\/\/northiberianctc.com\/blog\/ca\/?p=291#breadcrumb"},"inLanguage":"ca","potentialAction":[{"@type":"ReadAction","target":["https:\/\/northiberianctc.com\/blog\/ca\/?p=291"]}]},{"@type":"ImageObject","inLanguage":"ca","@id":"https:\/\/northiberianctc.com\/blog\/ca\/?p=291#primaryimage","url":"https:\/\/northiberianctc.com\/img\/stages\/15-pyre.jpg","contentUrl":"https:\/\/northiberianctc.com\/img\/stages\/15-pyre.jpg"},{"@type":"BreadcrumbList","@id":"https:\/\/northiberianctc.com\/blog\/ca\/?p=291#breadcrumb","itemListElement":[{"@type":"ListItem","position":1,"name":"Home","item":"https:\/\/northiberianctc.com\/blog\/ca\/"},{"@type":"ListItem","position":2,"name":"Etapa 15: Puyarruego \u2013 Torla"}]},{"@type":"WebSite","@id":"https:\/\/northiberianctc.com\/blog\/ca\/#website","url":"https:\/\/northiberianctc.com\/blog\/ca\/","name":"Nord Ib\u00e8ric de costa a costa","description":"Nord de la Pen\u00ednsula Ib\u00e8rica, 2.400 km d&#039;experi\u00e8ncia en bicicleta de muntanya","potentialAction":[{"@type":"SearchAction","target":{"@type":"EntryPoint","urlTemplate":"https:\/\/northiberianctc.com\/blog\/ca\/?s={search_term_string}"},"query-input":{"@type":"PropertyValueSpecification","valueRequired":true,"valueName":"search_term_string"}}],"inLanguage":"ca"},{"@type":"Person","@id":"https:\/\/northiberianctc.com\/blog\/ca\/#\/schema\/person\/bf4335cdd9e1c68e5396ab9deacbf1a5","name":"gerard","image":{"@type":"ImageObject","inLanguage":"ca","@id":"https:\/\/northiberianctc.com\/blog\/ca\/#\/schema\/person\/image\/","url":"https:\/\/secure.gravatar.com\/avatar\/0878a6750dc6aa874826b162dc943830?s=96&d=mm&r=g","contentUrl":"https:\/\/secure.gravatar.com\/avatar\/0878a6750dc6aa874826b162dc943830?s=96&d=mm&r=g","caption":"gerard"},"url":"https:\/\/northiberianctc.com\/blog\/ca\/?author=1"}]}},"_links":{"self":[{"href":"https:\/\/northiberianctc.com\/blog\/ca\/index.php?rest_route=\/wp\/v2\/posts\/291"}],"collection":[{"href":"https:\/\/northiberianctc.com\/blog\/ca\/index.php?rest_route=\/wp\/v2\/posts"}],"about":[{"href":"https:\/\/northiberianctc.com\/blog\/ca\/index.php?rest_route=\/wp\/v2\/types\/post"}],"author":[{"embeddable":true,"href":"https:\/\/northiberianctc.com\/blog\/ca\/index.php?rest_route=\/wp\/v2\/users\/1"}],"replies":[{"embeddable":true,"href":"https:\/\/northiberianctc.com\/blog\/ca\/index.php?rest_route=%2Fwp%2Fv2%2Fcomments&post=291"}],"version-history":[{"count":6,"href":"https:\/\/northiberianctc.com\/blog\/ca\/index.php?rest_route=\/wp\/v2\/posts\/291\/revisions"}],"predecessor-version":[{"id":687,"href":"https:\/\/northiberianctc.com\/blog\/ca\/index.php?rest_route=\/wp\/v2\/posts\/291\/revisions\/687"}],"wp:attachment":[{"href":"https:\/\/northiberianctc.com\/blog\/ca\/index.php?rest_route=%2Fwp%2Fv2%2Fmedia&parent=291"}],"wp:term":[{"taxonomy":"category","embeddable":true,"href":"https:\/\/northiberianctc.com\/blog\/ca\/index.php?rest_route=%2Fwp%2Fv2%2Fcategories&post=291"},{"taxonomy":"post_tag","embeddable":true,"href":"https:\/\/northiberianctc.com\/blog\/ca\/index.php?rest_route=%2Fwp%2Fv2%2Ftags&post=291"}],"curies":[{"name":"wp","href":"https:\/\/api.w.org\/{rel}","templated":true}]}}