{"id":295,"date":"2013-06-11T13:27:35","date_gmt":"2013-06-11T13:27:35","guid":{"rendered":"http:\/\/northiberianctc.com\/blog\/ca\/?p=295"},"modified":"2013-10-01T17:28:55","modified_gmt":"2013-10-01T17:28:55","slug":"etapa-16-torla-senegue","status":"publish","type":"post","link":"https:\/\/northiberianctc.com\/blog\/ca\/?p=295","title":{"rendered":"Etapa 16: Torla &#8211; Seneg\u00fc\u00e9"},"content":{"rendered":"<p><img loading=\"lazy\" decoding=\"async\" class=\"alignright\" style=\"margin-left: 6px; margin-right: 6px;\" alt=\"Torla - Seneg\u00fc\u00e9\" src=\"https:\/\/northiberianctc.com\/img\/stages\/16-pyre.jpg\" width=\"320\" height=\"195\" \/>De Torla a Fiscal s&#8217;hi va per carretera, i s\u00f3n uns 20 km que es fan de pressa, per\u00f2 a partir de Fiscal comen\u00e7a una de les etapes m\u00e9s dures de tota la meva transpirinenca. El motiu fonamental \u00e9s l&#8217;estat de les pistes forestals, que estan molt castigades pels efectes de l&#8217;hivern.<\/p>\n<p>De Fiscal a Seneg\u00fc\u00e9 el juny de 2013 trobem b\u00e0sicament pistes plenes de fang, pedres soltes i terra que es desf\u00e0, de manera que anar damunt de la bicicleta \u00e9s nom\u00e9s possible en zones de s\u00f2l compactat, impossible de trobar a partir dels 1.600 m. Des del Santuari de Santa Orosia, on <strong>hi ha una font d&#8217;aigua<\/strong>, i fins uns 20 km m\u00e9s enll\u00e0 els trams ciclables s\u00f3n minoria i l&#8217;etapa es fa molt llarga.<\/p>\n<p>Tot plegat em fa retardar molt a la part m\u00e9s alta de l&#8217;etapa, Pe\u00f1a Oturia, i he de quedar-me a dormir a 1.700 m amb la tenda de campanya. Al dia seg\u00fcent em costa tres hores arribar a Seneg\u00fc\u00e9, malgrat que gaireb\u00e9 tot el cam\u00ed que em quedava era pla o feia baixada, per\u00f2 est\u00e0 ple de branques de la neteja forestal, aigua i uns quants cent\u00edmetres de fang a totes les zones d&#8217;obaga.<\/p>\n<p>A Seneg\u00fc\u00e9 aprofito el dia per descansar i estar-me al c\u00e0mping \u201cValle de Tena\u201d, al que igualment volia arribar el dia abans.<\/p>\n<div style=\"margin: 0 auto 0 auto; width: 400px;\"><iframe loading=\"lazy\" src=\"https:\/\/ssl.panoramio.com\/wapi\/template\/photo.html?user=7124452&amp;tag=stage16nictc&amp;bgcolor=%23FFFFFF\" height=\"400\" width=\"500\" frameborder=\"0\" marginwidth=\"0\" marginheight=\"0\" scrolling=\"no\"><\/iframe><\/div>\n<p><strong>Etapa 16 a Wikiloc<\/strong>: <a title=\"etapa 16\" href=\"http:\/\/ca.wikiloc.com\/wikiloc\/view.do?id=4973432\">http:\/\/ca.wikiloc.com\/wikiloc\/view.do?id=4973432<\/a><\/p>\n<p><strong>Track GPS Etapa 16 per descarregar<\/strong>: <a title=\"track 16\" href=\"http:\/\/goo.gl\/1v09vh\">http:\/\/goo.gl\/1v09vh<\/a><\/p>\n<p><strong>Dist\u00e0ncies<\/strong>: C\u00e0mping R\u00edo Ara \u2013 C\u00e0mping Valle de Tena 68 km<\/p>\n<p><strong>Poblacions<\/strong>:<\/p>\n<div style=\"width: 210px\" class=\"wp-caption alignright\"><img loading=\"lazy\" decoding=\"async\" alt=\"Descarregueu el track 16 amb BIDI QR\" src=\"https:\/\/northiberianctc.com\/img\/qr\/16-pyre.png\" width=\"200\" height=\"200\" \/><p class=\"wp-caption-text\">Descarregueu el track 16 amb BIDI QR<\/p><\/div>\n<p>Torla<br \/>\nFiscal<br \/>\nBergua<br \/>\nCasbas<br \/>\nOliv\u00e1n<br \/>\nLarrede<br \/>\nSeneg\u00fc\u00e9<\/p>\n<p><strong>Preu de l&#8217;allotjament<\/strong>: 9,5 euros.<\/p>\n<p><strong>Refer\u00e8ncies<\/strong>: Camping Valle de Tena. Ctra. 260, km 513-460. 22666 Sorripas \u2013 Seneg\u00fc\u00e9. Tel. +34.974480977\u00a0 www.campingvalledetena.es<\/p>\n<p><strong><a title=\"Stage 16\" href=\"https:\/\/northiberianctc.com\/blog\/en\/?p=255\" rel=\"alternate\" hreflang=\"en\">Stage 16 in English<\/a><\/strong> \u00b7 <strong><a title=\"Etapa 16\" href=\"https:\/\/northiberianctc.com\/blog\/es\/?p=183\" rel=\"alternate\" hreflang=\"es\">Etapa 16 en castellano<\/a><\/strong><\/p>\n","protected":false},"excerpt":{"rendered":"<p>De Torla a Fiscal s&#8217;hi va per carretera, i s\u00f3n uns 20 km que es fan de pressa, per\u00f2 a partir de Fiscal comen\u00e7a una de les etapes m\u00e9s dures de tota la meva transpirinenca. El motiu fonamental \u00e9s l&#8217;estat de les pistes forestals, que estan molt castigades pels efectes de l&#8217;hivern. De Fiscal a [&hellip;]<\/p>\n","protected":false},"author":1,"featured_media":0,"comment_status":"open","ping_status":"open","sticky":false,"template":"","format":"standard","meta":{"footnotes":""},"categories":[1],"tags":[],"yoast_head":"<!-- This site is optimized with the Yoast SEO plugin v24.5 - https:\/\/yoast.com\/wordpress\/plugins\/seo\/ -->\n<title>Etapa 16: Torla - Seneg\u00fc\u00e9 - Nord Ib\u00e8ric de costa a costa<\/title>\n<meta name=\"robots\" content=\"index, follow, max-snippet:-1, max-image-preview:large, max-video-preview:-1\" \/>\n<link rel=\"canonical\" href=\"https:\/\/northiberianctc.com\/blog\/ca\/?p=295\" \/>\n<meta property=\"og:locale\" content=\"ca_ES\" \/>\n<meta property=\"og:type\" content=\"article\" \/>\n<meta property=\"og:title\" content=\"Etapa 16: Torla - Seneg\u00fc\u00e9 - Nord Ib\u00e8ric de costa a costa\" \/>\n<meta property=\"og:description\" content=\"De Torla a Fiscal s&#8217;hi va per carretera, i s\u00f3n uns 20 km que es fan de pressa, per\u00f2 a partir de Fiscal comen\u00e7a una de les etapes m\u00e9s dures de tota la meva transpirinenca. El motiu fonamental \u00e9s l&#8217;estat de les pistes forestals, que estan molt castigades pels efectes de l&#8217;hivern. De Fiscal a [&hellip;]\" \/>\n<meta property=\"og:url\" content=\"https:\/\/northiberianctc.com\/blog\/ca\/?p=295\" \/>\n<meta property=\"og:site_name\" content=\"Nord Ib\u00e8ric de costa a costa\" \/>\n<meta property=\"article:published_time\" content=\"2013-06-11T13:27:35+00:00\" \/>\n<meta property=\"article:modified_time\" content=\"2013-10-01T17:28:55+00:00\" \/>\n<meta property=\"og:image\" content=\"https:\/\/northiberianctc.com\/img\/stages\/16-pyre.jpg\" \/>\n<meta name=\"author\" content=\"gerard\" \/>\n<meta name=\"twitter:label1\" content=\"Escrit per\" \/>\n\t<meta name=\"twitter:data1\" content=\"gerard\" \/>\n\t<meta name=\"twitter:label2\" content=\"Temps estimat de lectura\" \/>\n\t<meta name=\"twitter:data2\" content=\"2 minuts\" \/>\n<script type=\"application\/ld+json\" class=\"yoast-schema-graph\">{\"@context\":\"https:\/\/schema.org\",\"@graph\":[{\"@type\":\"WebPage\",\"@id\":\"https:\/\/northiberianctc.com\/blog\/ca\/?p=295\",\"url\":\"https:\/\/northiberianctc.com\/blog\/ca\/?p=295\",\"name\":\"Etapa 16: Torla - Seneg\u00fc\u00e9 - Nord Ib\u00e8ric de costa a costa\",\"isPartOf\":{\"@id\":\"https:\/\/northiberianctc.com\/blog\/ca\/#website\"},\"primaryImageOfPage\":{\"@id\":\"https:\/\/northiberianctc.com\/blog\/ca\/?p=295#primaryimage\"},\"image\":{\"@id\":\"https:\/\/northiberianctc.com\/blog\/ca\/?p=295#primaryimage\"},\"thumbnailUrl\":\"https:\/\/northiberianctc.com\/img\/stages\/16-pyre.jpg\",\"datePublished\":\"2013-06-11T13:27:35+00:00\",\"dateModified\":\"2013-10-01T17:28:55+00:00\",\"author\":{\"@id\":\"https:\/\/northiberianctc.com\/blog\/ca\/#\/schema\/person\/bf4335cdd9e1c68e5396ab9deacbf1a5\"},\"breadcrumb\":{\"@id\":\"https:\/\/northiberianctc.com\/blog\/ca\/?p=295#breadcrumb\"},\"inLanguage\":\"ca\",\"potentialAction\":[{\"@type\":\"ReadAction\",\"target\":[\"https:\/\/northiberianctc.com\/blog\/ca\/?p=295\"]}]},{\"@type\":\"ImageObject\",\"inLanguage\":\"ca\",\"@id\":\"https:\/\/northiberianctc.com\/blog\/ca\/?p=295#primaryimage\",\"url\":\"https:\/\/northiberianctc.com\/img\/stages\/16-pyre.jpg\",\"contentUrl\":\"https:\/\/northiberianctc.com\/img\/stages\/16-pyre.jpg\"},{\"@type\":\"BreadcrumbList\",\"@id\":\"https:\/\/northiberianctc.com\/blog\/ca\/?p=295#breadcrumb\",\"itemListElement\":[{\"@type\":\"ListItem\",\"position\":1,\"name\":\"Home\",\"item\":\"https:\/\/northiberianctc.com\/blog\/ca\/\"},{\"@type\":\"ListItem\",\"position\":2,\"name\":\"Etapa 16: Torla &#8211; Seneg\u00fc\u00e9\"}]},{\"@type\":\"WebSite\",\"@id\":\"https:\/\/northiberianctc.com\/blog\/ca\/#website\",\"url\":\"https:\/\/northiberianctc.com\/blog\/ca\/\",\"name\":\"Nord Ib\u00e8ric de costa a costa\",\"description\":\"Nord de la Pen\u00ednsula Ib\u00e8rica, 2.400 km d&#039;experi\u00e8ncia en bicicleta de muntanya\",\"potentialAction\":[{\"@type\":\"SearchAction\",\"target\":{\"@type\":\"EntryPoint\",\"urlTemplate\":\"https:\/\/northiberianctc.com\/blog\/ca\/?s={search_term_string}\"},\"query-input\":{\"@type\":\"PropertyValueSpecification\",\"valueRequired\":true,\"valueName\":\"search_term_string\"}}],\"inLanguage\":\"ca\"},{\"@type\":\"Person\",\"@id\":\"https:\/\/northiberianctc.com\/blog\/ca\/#\/schema\/person\/bf4335cdd9e1c68e5396ab9deacbf1a5\",\"name\":\"gerard\",\"image\":{\"@type\":\"ImageObject\",\"inLanguage\":\"ca\",\"@id\":\"https:\/\/northiberianctc.com\/blog\/ca\/#\/schema\/person\/image\/\",\"url\":\"https:\/\/secure.gravatar.com\/avatar\/0878a6750dc6aa874826b162dc943830?s=96&d=mm&r=g\",\"contentUrl\":\"https:\/\/secure.gravatar.com\/avatar\/0878a6750dc6aa874826b162dc943830?s=96&d=mm&r=g\",\"caption\":\"gerard\"},\"url\":\"https:\/\/northiberianctc.com\/blog\/ca\/?author=1\"}]}<\/script>\n<!-- \/ Yoast SEO plugin. -->","yoast_head_json":{"title":"Etapa 16: Torla - Seneg\u00fc\u00e9 - Nord Ib\u00e8ric de costa a costa","robots":{"index":"index","follow":"follow","max-snippet":"max-snippet:-1","max-image-preview":"max-image-preview:large","max-video-preview":"max-video-preview:-1"},"canonical":"https:\/\/northiberianctc.com\/blog\/ca\/?p=295","og_locale":"ca_ES","og_type":"article","og_title":"Etapa 16: Torla - Seneg\u00fc\u00e9 - Nord Ib\u00e8ric de costa a costa","og_description":"De Torla a Fiscal s&#8217;hi va per carretera, i s\u00f3n uns 20 km que es fan de pressa, per\u00f2 a partir de Fiscal comen\u00e7a una de les etapes m\u00e9s dures de tota la meva transpirinenca. El motiu fonamental \u00e9s l&#8217;estat de les pistes forestals, que estan molt castigades pels efectes de l&#8217;hivern. De Fiscal a [&hellip;]","og_url":"https:\/\/northiberianctc.com\/blog\/ca\/?p=295","og_site_name":"Nord Ib\u00e8ric de costa a costa","article_published_time":"2013-06-11T13:27:35+00:00","article_modified_time":"2013-10-01T17:28:55+00:00","og_image":[{"url":"https:\/\/northiberianctc.com\/img\/stages\/16-pyre.jpg","type":"","width":"","height":""}],"author":"gerard","twitter_misc":{"Escrit per":"gerard","Temps estimat de lectura":"2 minuts"},"schema":{"@context":"https:\/\/schema.org","@graph":[{"@type":"WebPage","@id":"https:\/\/northiberianctc.com\/blog\/ca\/?p=295","url":"https:\/\/northiberianctc.com\/blog\/ca\/?p=295","name":"Etapa 16: Torla - Seneg\u00fc\u00e9 - Nord Ib\u00e8ric de costa a costa","isPartOf":{"@id":"https:\/\/northiberianctc.com\/blog\/ca\/#website"},"primaryImageOfPage":{"@id":"https:\/\/northiberianctc.com\/blog\/ca\/?p=295#primaryimage"},"image":{"@id":"https:\/\/northiberianctc.com\/blog\/ca\/?p=295#primaryimage"},"thumbnailUrl":"https:\/\/northiberianctc.com\/img\/stages\/16-pyre.jpg","datePublished":"2013-06-11T13:27:35+00:00","dateModified":"2013-10-01T17:28:55+00:00","author":{"@id":"https:\/\/northiberianctc.com\/blog\/ca\/#\/schema\/person\/bf4335cdd9e1c68e5396ab9deacbf1a5"},"breadcrumb":{"@id":"https:\/\/northiberianctc.com\/blog\/ca\/?p=295#breadcrumb"},"inLanguage":"ca","potentialAction":[{"@type":"ReadAction","target":["https:\/\/northiberianctc.com\/blog\/ca\/?p=295"]}]},{"@type":"ImageObject","inLanguage":"ca","@id":"https:\/\/northiberianctc.com\/blog\/ca\/?p=295#primaryimage","url":"https:\/\/northiberianctc.com\/img\/stages\/16-pyre.jpg","contentUrl":"https:\/\/northiberianctc.com\/img\/stages\/16-pyre.jpg"},{"@type":"BreadcrumbList","@id":"https:\/\/northiberianctc.com\/blog\/ca\/?p=295#breadcrumb","itemListElement":[{"@type":"ListItem","position":1,"name":"Home","item":"https:\/\/northiberianctc.com\/blog\/ca\/"},{"@type":"ListItem","position":2,"name":"Etapa 16: Torla &#8211; Seneg\u00fc\u00e9"}]},{"@type":"WebSite","@id":"https:\/\/northiberianctc.com\/blog\/ca\/#website","url":"https:\/\/northiberianctc.com\/blog\/ca\/","name":"Nord Ib\u00e8ric de costa a costa","description":"Nord de la Pen\u00ednsula Ib\u00e8rica, 2.400 km d&#039;experi\u00e8ncia en bicicleta de muntanya","potentialAction":[{"@type":"SearchAction","target":{"@type":"EntryPoint","urlTemplate":"https:\/\/northiberianctc.com\/blog\/ca\/?s={search_term_string}"},"query-input":{"@type":"PropertyValueSpecification","valueRequired":true,"valueName":"search_term_string"}}],"inLanguage":"ca"},{"@type":"Person","@id":"https:\/\/northiberianctc.com\/blog\/ca\/#\/schema\/person\/bf4335cdd9e1c68e5396ab9deacbf1a5","name":"gerard","image":{"@type":"ImageObject","inLanguage":"ca","@id":"https:\/\/northiberianctc.com\/blog\/ca\/#\/schema\/person\/image\/","url":"https:\/\/secure.gravatar.com\/avatar\/0878a6750dc6aa874826b162dc943830?s=96&d=mm&r=g","contentUrl":"https:\/\/secure.gravatar.com\/avatar\/0878a6750dc6aa874826b162dc943830?s=96&d=mm&r=g","caption":"gerard"},"url":"https:\/\/northiberianctc.com\/blog\/ca\/?author=1"}]}},"_links":{"self":[{"href":"https:\/\/northiberianctc.com\/blog\/ca\/index.php?rest_route=\/wp\/v2\/posts\/295"}],"collection":[{"href":"https:\/\/northiberianctc.com\/blog\/ca\/index.php?rest_route=\/wp\/v2\/posts"}],"about":[{"href":"https:\/\/northiberianctc.com\/blog\/ca\/index.php?rest_route=\/wp\/v2\/types\/post"}],"author":[{"embeddable":true,"href":"https:\/\/northiberianctc.com\/blog\/ca\/index.php?rest_route=\/wp\/v2\/users\/1"}],"replies":[{"embeddable":true,"href":"https:\/\/northiberianctc.com\/blog\/ca\/index.php?rest_route=%2Fwp%2Fv2%2Fcomments&post=295"}],"version-history":[{"count":9,"href":"https:\/\/northiberianctc.com\/blog\/ca\/index.php?rest_route=\/wp\/v2\/posts\/295\/revisions"}],"predecessor-version":[{"id":298,"href":"https:\/\/northiberianctc.com\/blog\/ca\/index.php?rest_route=\/wp\/v2\/posts\/295\/revisions\/298"}],"wp:attachment":[{"href":"https:\/\/northiberianctc.com\/blog\/ca\/index.php?rest_route=%2Fwp%2Fv2%2Fmedia&parent=295"}],"wp:term":[{"taxonomy":"category","embeddable":true,"href":"https:\/\/northiberianctc.com\/blog\/ca\/index.php?rest_route=%2Fwp%2Fv2%2Fcategories&post=295"},{"taxonomy":"post_tag","embeddable":true,"href":"https:\/\/northiberianctc.com\/blog\/ca\/index.php?rest_route=%2Fwp%2Fv2%2Ftags&post=295"}],"curies":[{"name":"wp","href":"https:\/\/api.w.org\/{rel}","templated":true}]}}