{"id":309,"date":"2013-06-14T14:16:29","date_gmt":"2013-06-14T14:16:29","guid":{"rendered":"http:\/\/northiberianctc.com\/blog\/ca\/?p=309"},"modified":"2013-10-01T17:34:20","modified_gmt":"2013-10-01T17:34:20","slug":"etapa-18-castiello-de-jaca-hecho","status":"publish","type":"post","link":"https:\/\/northiberianctc.com\/blog\/ca\/?p=309","title":{"rendered":"Etapa 18: Castiello de Jaca \u2013 Hecho"},"content":{"rendered":"<p><img loading=\"lazy\" decoding=\"async\" class=\"alignright\" style=\"margin-left: 6px; margin-right: 6px;\" alt=\"Castiello de Jaca \u2013 Hecho\" src=\"https:\/\/northiberianctc.com\/img\/stages\/18-pyre.jpg\" width=\"320\" height=\"195\" \/>Aquesta etapa ja portava a Arag\u00fc\u00e9s per carretera de muntanya, de manera que no s&#8217;altera la ruta de la Transpirinenca cl\u00e0ssica, per\u00f2 he fet una<strong> variaci\u00f3 menor<\/strong> a partir d&#8217;Arag\u00fc\u00e9s, ja que segueixo els consells que m&#8217;han donat algunes persones que coneixen la zona per la que hauria de passar i m&#8217;han informat que l&#8217;estat dels camins \u00e9s nefast. Aix\u00ed doncs, he alterat el recorregut previst i he anat per carretera de Castiello a Hecho, on hi ha un c\u00e0mping, en lloc d&#8217;arribar a Navarra passant per Urdu\u00e9s avui tal i com tenia pensat.<\/p>\n<p>L&#8217;etapa per carretera de muntanya t\u00e9 un paisatge atractiu per\u00f2 no \u00e9s tan divertida com per pistes forestals, per\u00f2 per la muntanya no hi ha gaires pistes en l&#8217;estapa d&#8217;avui i en canvi hi ha molts senders no ciclables, per l&#8217;estat del ferm o per la vegetaci\u00f3 que s&#8217;hi acumula. En qualsevol cas, estan arreglant la carretera local que connecta Arag\u00fc\u00e9s i la carretera provincial A-176, la que porta a Hecho, i \u00e9s una experi\u00e8ncia id\u00e8ntica a circular per pistes forestals sense asfaltar.<\/p>\n<p>Arribo a Hecho molt aviat, sobre les dues del migdia, per\u00f2 en lloc de seguir fins a Roncal em quedar\u00e9 al c\u00e0mping municipal \u201cValle de Hecho\u201d. La Transpirinenca segueix just pel costat del c\u00e0mping, de manera que dem\u00e0 no haur\u00e9 de fer quil\u00f2metres extra per tornar al cam\u00ed marcat.<\/p>\n<p><strong>Etapa 18 a Wikiloc<\/strong>: <a title=\"etapa 18\" href=\"http:\/\/ca.wikiloc.com\/wikiloc\/view.do?id=4973438\">http:\/\/ca.wikiloc.com\/wikiloc\/view.do?id=4973438<\/a><\/p>\n<p><strong>Track GPS Etapa 18 per descarregar<\/strong>: <a title=\"track 18\" href=\"http:\/\/goo.gl\/p3FV17\">http:\/\/goo.gl\/p3FV17<\/a><\/p>\n<p><strong>Dist\u00e0ncies<\/strong>: C\u00e0mping Solopuent \u2013 C\u00e0mping Valle de Hecho 43 km<\/p>\n<p><strong>Poblacions<\/strong>:<\/p>\n<div style=\"width: 210px\" class=\"wp-caption alignright\"><img loading=\"lazy\" decoding=\"async\" class=\" \" style=\"margin-left: 6px; margin-right: 6px;\" alt=\"Descarregueu el track 18 amb BIDI QR\" src=\"https:\/\/northiberianctc.com\/img\/qr\/18-pyre.png\" width=\"200\" height=\"200\" \/><p class=\"wp-caption-text\">Descarregueu el track 18 amb BIDI QR<\/p><\/div>\n<p>Castiello de Jaca<br \/>\nArator\u00e9s<br \/>\nBorau<br \/>\nAisa<br \/>\nJasa<br \/>\nArag\u00fc\u00e9s del Puerto<br \/>\nHecho\/Echo<\/p>\n<p><strong>Preu de l&#8217;allotjament<\/strong>: 12,5 euros.<\/p>\n<p><strong>Refer\u00e8ncies<\/strong>: Camping Valle de Hecho. Ctra Puente la Reina s\/n \u2013 Hecho\/Echo. Tel. +34.974375364 www.campinghecho.com<\/p>\n<p><strong><a title=\"Stage 18\" href=\"https:\/\/northiberianctc.com\/blog\/en\/?p=259\" rel=\"alternate\" hreflang=\"en\">Stage 18 in English<\/a><\/strong> \u00b7 <strong><a title=\"Etapa 18\" href=\"https:\/\/northiberianctc.com\/blog\/es\/?p=187\" rel=\"alternate\" hreflang=\"es\">Etapa 18 en castellano<\/a><\/strong><\/p>\n","protected":false},"excerpt":{"rendered":"<p>Aquesta etapa ja portava a Arag\u00fc\u00e9s per carretera de muntanya, de manera que no s&#8217;altera la ruta de la Transpirinenca cl\u00e0ssica, per\u00f2 he fet una variaci\u00f3 menor a partir d&#8217;Arag\u00fc\u00e9s, ja que segueixo els consells que m&#8217;han donat algunes persones que coneixen la zona per la que hauria de passar i m&#8217;han informat que l&#8217;estat [&hellip;]<\/p>\n","protected":false},"author":1,"featured_media":0,"comment_status":"open","ping_status":"open","sticky":false,"template":"","format":"standard","meta":{"footnotes":""},"categories":[1],"tags":[],"yoast_head":"<!-- This site is optimized with the Yoast SEO plugin v24.5 - https:\/\/yoast.com\/wordpress\/plugins\/seo\/ -->\n<title>Etapa 18: Castiello de Jaca \u2013 Hecho - Nord Ib\u00e8ric de costa a costa<\/title>\n<meta name=\"robots\" content=\"index, follow, max-snippet:-1, max-image-preview:large, max-video-preview:-1\" \/>\n<link rel=\"canonical\" href=\"https:\/\/northiberianctc.com\/blog\/ca\/?p=309\" \/>\n<meta property=\"og:locale\" content=\"ca_ES\" \/>\n<meta property=\"og:type\" content=\"article\" \/>\n<meta property=\"og:title\" content=\"Etapa 18: Castiello de Jaca \u2013 Hecho - Nord Ib\u00e8ric de costa a costa\" \/>\n<meta property=\"og:description\" content=\"Aquesta etapa ja portava a Arag\u00fc\u00e9s per carretera de muntanya, de manera que no s&#8217;altera la ruta de la Transpirinenca cl\u00e0ssica, per\u00f2 he fet una variaci\u00f3 menor a partir d&#8217;Arag\u00fc\u00e9s, ja que segueixo els consells que m&#8217;han donat algunes persones que coneixen la zona per la que hauria de passar i m&#8217;han informat que l&#8217;estat [&hellip;]\" \/>\n<meta property=\"og:url\" content=\"https:\/\/northiberianctc.com\/blog\/ca\/?p=309\" \/>\n<meta property=\"og:site_name\" content=\"Nord Ib\u00e8ric de costa a costa\" \/>\n<meta property=\"article:published_time\" content=\"2013-06-14T14:16:29+00:00\" \/>\n<meta property=\"article:modified_time\" content=\"2013-10-01T17:34:20+00:00\" \/>\n<meta property=\"og:image\" content=\"https:\/\/northiberianctc.com\/img\/stages\/18-pyre.jpg\" \/>\n<meta name=\"author\" content=\"gerard\" \/>\n<meta name=\"twitter:label1\" content=\"Escrit per\" \/>\n\t<meta name=\"twitter:data1\" content=\"gerard\" \/>\n\t<meta name=\"twitter:label2\" content=\"Temps estimat de lectura\" \/>\n\t<meta name=\"twitter:data2\" content=\"2 minuts\" \/>\n<script type=\"application\/ld+json\" class=\"yoast-schema-graph\">{\"@context\":\"https:\/\/schema.org\",\"@graph\":[{\"@type\":\"WebPage\",\"@id\":\"https:\/\/northiberianctc.com\/blog\/ca\/?p=309\",\"url\":\"https:\/\/northiberianctc.com\/blog\/ca\/?p=309\",\"name\":\"Etapa 18: Castiello de Jaca \u2013 Hecho - Nord Ib\u00e8ric de costa a costa\",\"isPartOf\":{\"@id\":\"https:\/\/northiberianctc.com\/blog\/ca\/#website\"},\"primaryImageOfPage\":{\"@id\":\"https:\/\/northiberianctc.com\/blog\/ca\/?p=309#primaryimage\"},\"image\":{\"@id\":\"https:\/\/northiberianctc.com\/blog\/ca\/?p=309#primaryimage\"},\"thumbnailUrl\":\"https:\/\/northiberianctc.com\/img\/stages\/18-pyre.jpg\",\"datePublished\":\"2013-06-14T14:16:29+00:00\",\"dateModified\":\"2013-10-01T17:34:20+00:00\",\"author\":{\"@id\":\"https:\/\/northiberianctc.com\/blog\/ca\/#\/schema\/person\/bf4335cdd9e1c68e5396ab9deacbf1a5\"},\"breadcrumb\":{\"@id\":\"https:\/\/northiberianctc.com\/blog\/ca\/?p=309#breadcrumb\"},\"inLanguage\":\"ca\",\"potentialAction\":[{\"@type\":\"ReadAction\",\"target\":[\"https:\/\/northiberianctc.com\/blog\/ca\/?p=309\"]}]},{\"@type\":\"ImageObject\",\"inLanguage\":\"ca\",\"@id\":\"https:\/\/northiberianctc.com\/blog\/ca\/?p=309#primaryimage\",\"url\":\"https:\/\/northiberianctc.com\/img\/stages\/18-pyre.jpg\",\"contentUrl\":\"https:\/\/northiberianctc.com\/img\/stages\/18-pyre.jpg\"},{\"@type\":\"BreadcrumbList\",\"@id\":\"https:\/\/northiberianctc.com\/blog\/ca\/?p=309#breadcrumb\",\"itemListElement\":[{\"@type\":\"ListItem\",\"position\":1,\"name\":\"Home\",\"item\":\"https:\/\/northiberianctc.com\/blog\/ca\/\"},{\"@type\":\"ListItem\",\"position\":2,\"name\":\"Etapa 18: Castiello de Jaca \u2013 Hecho\"}]},{\"@type\":\"WebSite\",\"@id\":\"https:\/\/northiberianctc.com\/blog\/ca\/#website\",\"url\":\"https:\/\/northiberianctc.com\/blog\/ca\/\",\"name\":\"Nord Ib\u00e8ric de costa a costa\",\"description\":\"Nord de la Pen\u00ednsula Ib\u00e8rica, 2.400 km d&#039;experi\u00e8ncia en bicicleta de muntanya\",\"potentialAction\":[{\"@type\":\"SearchAction\",\"target\":{\"@type\":\"EntryPoint\",\"urlTemplate\":\"https:\/\/northiberianctc.com\/blog\/ca\/?s={search_term_string}\"},\"query-input\":{\"@type\":\"PropertyValueSpecification\",\"valueRequired\":true,\"valueName\":\"search_term_string\"}}],\"inLanguage\":\"ca\"},{\"@type\":\"Person\",\"@id\":\"https:\/\/northiberianctc.com\/blog\/ca\/#\/schema\/person\/bf4335cdd9e1c68e5396ab9deacbf1a5\",\"name\":\"gerard\",\"image\":{\"@type\":\"ImageObject\",\"inLanguage\":\"ca\",\"@id\":\"https:\/\/northiberianctc.com\/blog\/ca\/#\/schema\/person\/image\/\",\"url\":\"https:\/\/secure.gravatar.com\/avatar\/0878a6750dc6aa874826b162dc943830?s=96&d=mm&r=g\",\"contentUrl\":\"https:\/\/secure.gravatar.com\/avatar\/0878a6750dc6aa874826b162dc943830?s=96&d=mm&r=g\",\"caption\":\"gerard\"},\"url\":\"https:\/\/northiberianctc.com\/blog\/ca\/?author=1\"}]}<\/script>\n<!-- \/ Yoast SEO plugin. -->","yoast_head_json":{"title":"Etapa 18: Castiello de Jaca \u2013 Hecho - Nord Ib\u00e8ric de costa a costa","robots":{"index":"index","follow":"follow","max-snippet":"max-snippet:-1","max-image-preview":"max-image-preview:large","max-video-preview":"max-video-preview:-1"},"canonical":"https:\/\/northiberianctc.com\/blog\/ca\/?p=309","og_locale":"ca_ES","og_type":"article","og_title":"Etapa 18: Castiello de Jaca \u2013 Hecho - Nord Ib\u00e8ric de costa a costa","og_description":"Aquesta etapa ja portava a Arag\u00fc\u00e9s per carretera de muntanya, de manera que no s&#8217;altera la ruta de la Transpirinenca cl\u00e0ssica, per\u00f2 he fet una variaci\u00f3 menor a partir d&#8217;Arag\u00fc\u00e9s, ja que segueixo els consells que m&#8217;han donat algunes persones que coneixen la zona per la que hauria de passar i m&#8217;han informat que l&#8217;estat [&hellip;]","og_url":"https:\/\/northiberianctc.com\/blog\/ca\/?p=309","og_site_name":"Nord Ib\u00e8ric de costa a costa","article_published_time":"2013-06-14T14:16:29+00:00","article_modified_time":"2013-10-01T17:34:20+00:00","og_image":[{"url":"https:\/\/northiberianctc.com\/img\/stages\/18-pyre.jpg","type":"","width":"","height":""}],"author":"gerard","twitter_misc":{"Escrit per":"gerard","Temps estimat de lectura":"2 minuts"},"schema":{"@context":"https:\/\/schema.org","@graph":[{"@type":"WebPage","@id":"https:\/\/northiberianctc.com\/blog\/ca\/?p=309","url":"https:\/\/northiberianctc.com\/blog\/ca\/?p=309","name":"Etapa 18: Castiello de Jaca \u2013 Hecho - Nord Ib\u00e8ric de costa a costa","isPartOf":{"@id":"https:\/\/northiberianctc.com\/blog\/ca\/#website"},"primaryImageOfPage":{"@id":"https:\/\/northiberianctc.com\/blog\/ca\/?p=309#primaryimage"},"image":{"@id":"https:\/\/northiberianctc.com\/blog\/ca\/?p=309#primaryimage"},"thumbnailUrl":"https:\/\/northiberianctc.com\/img\/stages\/18-pyre.jpg","datePublished":"2013-06-14T14:16:29+00:00","dateModified":"2013-10-01T17:34:20+00:00","author":{"@id":"https:\/\/northiberianctc.com\/blog\/ca\/#\/schema\/person\/bf4335cdd9e1c68e5396ab9deacbf1a5"},"breadcrumb":{"@id":"https:\/\/northiberianctc.com\/blog\/ca\/?p=309#breadcrumb"},"inLanguage":"ca","potentialAction":[{"@type":"ReadAction","target":["https:\/\/northiberianctc.com\/blog\/ca\/?p=309"]}]},{"@type":"ImageObject","inLanguage":"ca","@id":"https:\/\/northiberianctc.com\/blog\/ca\/?p=309#primaryimage","url":"https:\/\/northiberianctc.com\/img\/stages\/18-pyre.jpg","contentUrl":"https:\/\/northiberianctc.com\/img\/stages\/18-pyre.jpg"},{"@type":"BreadcrumbList","@id":"https:\/\/northiberianctc.com\/blog\/ca\/?p=309#breadcrumb","itemListElement":[{"@type":"ListItem","position":1,"name":"Home","item":"https:\/\/northiberianctc.com\/blog\/ca\/"},{"@type":"ListItem","position":2,"name":"Etapa 18: Castiello de Jaca \u2013 Hecho"}]},{"@type":"WebSite","@id":"https:\/\/northiberianctc.com\/blog\/ca\/#website","url":"https:\/\/northiberianctc.com\/blog\/ca\/","name":"Nord Ib\u00e8ric de costa a costa","description":"Nord de la Pen\u00ednsula Ib\u00e8rica, 2.400 km d&#039;experi\u00e8ncia en bicicleta de muntanya","potentialAction":[{"@type":"SearchAction","target":{"@type":"EntryPoint","urlTemplate":"https:\/\/northiberianctc.com\/blog\/ca\/?s={search_term_string}"},"query-input":{"@type":"PropertyValueSpecification","valueRequired":true,"valueName":"search_term_string"}}],"inLanguage":"ca"},{"@type":"Person","@id":"https:\/\/northiberianctc.com\/blog\/ca\/#\/schema\/person\/bf4335cdd9e1c68e5396ab9deacbf1a5","name":"gerard","image":{"@type":"ImageObject","inLanguage":"ca","@id":"https:\/\/northiberianctc.com\/blog\/ca\/#\/schema\/person\/image\/","url":"https:\/\/secure.gravatar.com\/avatar\/0878a6750dc6aa874826b162dc943830?s=96&d=mm&r=g","contentUrl":"https:\/\/secure.gravatar.com\/avatar\/0878a6750dc6aa874826b162dc943830?s=96&d=mm&r=g","caption":"gerard"},"url":"https:\/\/northiberianctc.com\/blog\/ca\/?author=1"}]}},"_links":{"self":[{"href":"https:\/\/northiberianctc.com\/blog\/ca\/index.php?rest_route=\/wp\/v2\/posts\/309"}],"collection":[{"href":"https:\/\/northiberianctc.com\/blog\/ca\/index.php?rest_route=\/wp\/v2\/posts"}],"about":[{"href":"https:\/\/northiberianctc.com\/blog\/ca\/index.php?rest_route=\/wp\/v2\/types\/post"}],"author":[{"embeddable":true,"href":"https:\/\/northiberianctc.com\/blog\/ca\/index.php?rest_route=\/wp\/v2\/users\/1"}],"replies":[{"embeddable":true,"href":"https:\/\/northiberianctc.com\/blog\/ca\/index.php?rest_route=%2Fwp%2Fv2%2Fcomments&post=309"}],"version-history":[{"count":7,"href":"https:\/\/northiberianctc.com\/blog\/ca\/index.php?rest_route=\/wp\/v2\/posts\/309\/revisions"}],"predecessor-version":[{"id":312,"href":"https:\/\/northiberianctc.com\/blog\/ca\/index.php?rest_route=\/wp\/v2\/posts\/309\/revisions\/312"}],"wp:attachment":[{"href":"https:\/\/northiberianctc.com\/blog\/ca\/index.php?rest_route=%2Fwp%2Fv2%2Fmedia&parent=309"}],"wp:term":[{"taxonomy":"category","embeddable":true,"href":"https:\/\/northiberianctc.com\/blog\/ca\/index.php?rest_route=%2Fwp%2Fv2%2Fcategories&post=309"},{"taxonomy":"post_tag","embeddable":true,"href":"https:\/\/northiberianctc.com\/blog\/ca\/index.php?rest_route=%2Fwp%2Fv2%2Ftags&post=309"}],"curies":[{"name":"wp","href":"https:\/\/api.w.org\/{rel}","templated":true}]}}