{"id":330,"date":"2013-06-17T14:52:56","date_gmt":"2013-06-17T14:52:56","guid":{"rendered":"http:\/\/northiberianctc.com\/blog\/ca\/?p=330"},"modified":"2013-10-01T17:41:05","modified_gmt":"2013-10-01T17:41:05","slug":"etapa-21-orreagaroncesvalles-etxalar","status":"publish","type":"post","link":"https:\/\/northiberianctc.com\/blog\/ca\/?p=330","title":{"rendered":"Etapa 21: Orreaga\/Roncesvalles \u2013 Etxalar"},"content":{"rendered":"<p><img loading=\"lazy\" decoding=\"async\" class=\"alignright\" alt=\"Orreaga\/Roncesvalles \u2013 Etxalar\" src=\"https:\/\/northiberianctc.com\/img\/stages\/21-pyre.jpg\" width=\"320\" height=\"195\" \/>Se surt d&#8217;Orreaga i es puja un petit port de muntanya, Iba\u00f1eta, per carretera abans d&#8217;entrar en una pista forestal al costat de l&#8217;Ermita del Salvador. Des d&#8217;all\u00ed baixarem fins a la vall d&#8217;Aldudes, sota administraci\u00f3 francesa, en un descens inacabable i impressionant.<\/p>\n<p>La seg\u00fcent pujada t\u00e9 un pendent molt pronunciat, fins al coll d&#8217;Elorrieta, i d&#8217;all\u00ed es baixa a Ekizondo. Aquest darrer \u00e9s un bon poble per descansar una bona estona i agafar forces, perqu\u00e8 els seg\u00fcents 25 km d&#8217;etapa s\u00f3n realment molt durs. Al mal estat de les pistes cal afegir que bona part del recorregut es fa per senders, i en el meu cas hi ha boira espessa i plou de manera intermitent. El paisatge \u00e9s espectacular, per\u00f2 el cam\u00ed \u00e9s bastant perill\u00f3s i s&#8217;ha d&#8217;anar en compte.<\/p>\n<p>A Etxalar no hi ha c\u00e0mping per\u00f2 m&#8217;allotjo en un alberg acollidor anomenat \u201cTompalenea\u201d, propietat d&#8217;un senyor molt simp\u00e0tic que s&#8217;anomena Santiago Elizagoien. Val la pena dormir sota cobert perqu\u00e8 fa bastant de mal temps i Etxalar \u00e9s un poble molt humit. Em quedar\u00e9 un dia m\u00e9s a l&#8217;alberg perqu\u00e8 plou intensament, i aprofitar\u00e9 per descansar un dia i preparar el seg\u00fcent bloc d&#8217;etapes de la ruta m\u00e9s enll\u00e0 dels Pirineus.<\/p>\n<p>D&#8217;aquesta etapa he perdut el meu track, per\u00f2 en lloc de refer-lo damunt del mapa, a Wikiloc hi he posat directament el de Zinaztli, ja que vaig fer el recorregut seguint fidelment les seves passes. La difer\u00e8ncia b\u00e0sica \u00e9s que a mi em va costar dues hores m\u00e9s finalitzar l&#8217;etapa.<\/p>\n<div style=\"margin: 0 auto 0 auto; width: 400px;\"><iframe loading=\"lazy\" src=\"https:\/\/ssl.panoramio.com\/wapi\/template\/photo.html?user=7124452&amp;tag=stage21nictc&amp;bgcolor=%23FFFFFF\" height=\"400\" width=\"500\" frameborder=\"0\" marginwidth=\"0\" marginheight=\"0\" scrolling=\"no\"><\/iframe><\/div>\n<p><strong>Etapa 21 a Wikiloc<\/strong>: <a title=\"etapa 21\" href=\"http:\/\/ca.wikiloc.com\/wikiloc\/view.do?id=4973465\">http:\/\/ca.wikiloc.com\/wikiloc\/view.do?id=4973465<\/a><\/p>\n<p><strong>Track GPS Etapa 21 per descarregar<\/strong>: <a title=\"track 21\" href=\"http:\/\/goo.gl\/L52Acp\">http:\/\/goo.gl\/L52Acp<\/a><\/p>\n<p><strong>Dist\u00e0ncies<\/strong>:\u00a0 Alberg de pelegrins de Roncesvalles \u2013 Alberg Tompalenea 70 km<\/p>\n<p><strong>Poblacions<\/strong>:<\/p>\n<div style=\"width: 210px\" class=\"wp-caption alignright\"><img loading=\"lazy\" decoding=\"async\" alt=\"Descarregueu el track 21 amb BIDI QR\" src=\"https:\/\/northiberianctc.com\/img\/qr\/21-pyre.png\" width=\"200\" height=\"200\" \/><p class=\"wp-caption-text\">Descarregueu el track 21 amb BIDI QR<\/p><\/div>\n<p>Orreaga\/Roncesvalles<br \/>\nBanca<br \/>\nErratzu<br \/>\nBozate<br \/>\nArribiltoa<br \/>\nElizondo<br \/>\nOrizki<br \/>\nEtxalar<\/p>\n<p><strong>Preu de l&#8217;allotjament<\/strong>: 13 euros.<\/p>\n<p><strong>Refer\u00e8ncies<\/strong>: Albergue Tompalenea (Santiago Elizagoien). Etxalar (Navarra). Tel. +34.948635166 \/ +34.689702891<\/p>\n<p><strong><a title=\"Stage 21\" href=\"https:\/\/northiberianctc.com\/blog\/en\/?p=267\" rel=\"alternate\" hreflang=\"en\">Stage 21 in English<\/a><\/strong> \u00b7 <strong><a title=\"Etapa 21\" href=\"https:\/\/northiberianctc.com\/blog\/es\/?p=193\" rel=\"alternate\" hreflang=\"es\">Etapa 21 en castellano<\/a><\/strong><\/p>\n","protected":false},"excerpt":{"rendered":"<p>Se surt d&#8217;Orreaga i es puja un petit port de muntanya, Iba\u00f1eta, per carretera abans d&#8217;entrar en una pista forestal al costat de l&#8217;Ermita del Salvador. Des d&#8217;all\u00ed baixarem fins a la vall d&#8217;Aldudes, sota administraci\u00f3 francesa, en un descens inacabable i impressionant. La seg\u00fcent pujada t\u00e9 un pendent molt pronunciat, fins al coll d&#8217;Elorrieta, [&hellip;]<\/p>\n","protected":false},"author":1,"featured_media":0,"comment_status":"open","ping_status":"open","sticky":false,"template":"","format":"standard","meta":{"footnotes":""},"categories":[1],"tags":[],"yoast_head":"<!-- This site is optimized with the Yoast SEO plugin v24.5 - https:\/\/yoast.com\/wordpress\/plugins\/seo\/ -->\n<title>Etapa 21: Orreaga\/Roncesvalles \u2013 Etxalar - Nord Ib\u00e8ric de costa a costa<\/title>\n<meta name=\"robots\" content=\"index, follow, max-snippet:-1, max-image-preview:large, max-video-preview:-1\" \/>\n<link rel=\"canonical\" href=\"https:\/\/northiberianctc.com\/blog\/ca\/?p=330\" \/>\n<meta property=\"og:locale\" content=\"ca_ES\" \/>\n<meta property=\"og:type\" content=\"article\" \/>\n<meta property=\"og:title\" content=\"Etapa 21: Orreaga\/Roncesvalles \u2013 Etxalar - Nord Ib\u00e8ric de costa a costa\" \/>\n<meta property=\"og:description\" content=\"Se surt d&#8217;Orreaga i es puja un petit port de muntanya, Iba\u00f1eta, per carretera abans d&#8217;entrar en una pista forestal al costat de l&#8217;Ermita del Salvador. Des d&#8217;all\u00ed baixarem fins a la vall d&#8217;Aldudes, sota administraci\u00f3 francesa, en un descens inacabable i impressionant. La seg\u00fcent pujada t\u00e9 un pendent molt pronunciat, fins al coll d&#8217;Elorrieta, [&hellip;]\" \/>\n<meta property=\"og:url\" content=\"https:\/\/northiberianctc.com\/blog\/ca\/?p=330\" \/>\n<meta property=\"og:site_name\" content=\"Nord Ib\u00e8ric de costa a costa\" \/>\n<meta property=\"article:published_time\" content=\"2013-06-17T14:52:56+00:00\" \/>\n<meta property=\"article:modified_time\" content=\"2013-10-01T17:41:05+00:00\" \/>\n<meta property=\"og:image\" content=\"https:\/\/northiberianctc.com\/img\/stages\/21-pyre.jpg\" \/>\n<meta name=\"author\" content=\"gerard\" \/>\n<meta name=\"twitter:label1\" content=\"Escrit per\" \/>\n\t<meta name=\"twitter:data1\" content=\"gerard\" \/>\n\t<meta name=\"twitter:label2\" content=\"Temps estimat de lectura\" \/>\n\t<meta name=\"twitter:data2\" content=\"2 minuts\" \/>\n<script type=\"application\/ld+json\" class=\"yoast-schema-graph\">{\"@context\":\"https:\/\/schema.org\",\"@graph\":[{\"@type\":\"WebPage\",\"@id\":\"https:\/\/northiberianctc.com\/blog\/ca\/?p=330\",\"url\":\"https:\/\/northiberianctc.com\/blog\/ca\/?p=330\",\"name\":\"Etapa 21: Orreaga\/Roncesvalles \u2013 Etxalar - Nord Ib\u00e8ric de costa a costa\",\"isPartOf\":{\"@id\":\"https:\/\/northiberianctc.com\/blog\/ca\/#website\"},\"primaryImageOfPage\":{\"@id\":\"https:\/\/northiberianctc.com\/blog\/ca\/?p=330#primaryimage\"},\"image\":{\"@id\":\"https:\/\/northiberianctc.com\/blog\/ca\/?p=330#primaryimage\"},\"thumbnailUrl\":\"https:\/\/northiberianctc.com\/img\/stages\/21-pyre.jpg\",\"datePublished\":\"2013-06-17T14:52:56+00:00\",\"dateModified\":\"2013-10-01T17:41:05+00:00\",\"author\":{\"@id\":\"https:\/\/northiberianctc.com\/blog\/ca\/#\/schema\/person\/bf4335cdd9e1c68e5396ab9deacbf1a5\"},\"breadcrumb\":{\"@id\":\"https:\/\/northiberianctc.com\/blog\/ca\/?p=330#breadcrumb\"},\"inLanguage\":\"ca\",\"potentialAction\":[{\"@type\":\"ReadAction\",\"target\":[\"https:\/\/northiberianctc.com\/blog\/ca\/?p=330\"]}]},{\"@type\":\"ImageObject\",\"inLanguage\":\"ca\",\"@id\":\"https:\/\/northiberianctc.com\/blog\/ca\/?p=330#primaryimage\",\"url\":\"https:\/\/northiberianctc.com\/img\/stages\/21-pyre.jpg\",\"contentUrl\":\"https:\/\/northiberianctc.com\/img\/stages\/21-pyre.jpg\"},{\"@type\":\"BreadcrumbList\",\"@id\":\"https:\/\/northiberianctc.com\/blog\/ca\/?p=330#breadcrumb\",\"itemListElement\":[{\"@type\":\"ListItem\",\"position\":1,\"name\":\"Home\",\"item\":\"https:\/\/northiberianctc.com\/blog\/ca\/\"},{\"@type\":\"ListItem\",\"position\":2,\"name\":\"Etapa 21: Orreaga\/Roncesvalles \u2013 Etxalar\"}]},{\"@type\":\"WebSite\",\"@id\":\"https:\/\/northiberianctc.com\/blog\/ca\/#website\",\"url\":\"https:\/\/northiberianctc.com\/blog\/ca\/\",\"name\":\"Nord Ib\u00e8ric de costa a costa\",\"description\":\"Nord de la Pen\u00ednsula Ib\u00e8rica, 2.400 km d&#039;experi\u00e8ncia en bicicleta de muntanya\",\"potentialAction\":[{\"@type\":\"SearchAction\",\"target\":{\"@type\":\"EntryPoint\",\"urlTemplate\":\"https:\/\/northiberianctc.com\/blog\/ca\/?s={search_term_string}\"},\"query-input\":{\"@type\":\"PropertyValueSpecification\",\"valueRequired\":true,\"valueName\":\"search_term_string\"}}],\"inLanguage\":\"ca\"},{\"@type\":\"Person\",\"@id\":\"https:\/\/northiberianctc.com\/blog\/ca\/#\/schema\/person\/bf4335cdd9e1c68e5396ab9deacbf1a5\",\"name\":\"gerard\",\"image\":{\"@type\":\"ImageObject\",\"inLanguage\":\"ca\",\"@id\":\"https:\/\/northiberianctc.com\/blog\/ca\/#\/schema\/person\/image\/\",\"url\":\"https:\/\/secure.gravatar.com\/avatar\/0878a6750dc6aa874826b162dc943830?s=96&d=mm&r=g\",\"contentUrl\":\"https:\/\/secure.gravatar.com\/avatar\/0878a6750dc6aa874826b162dc943830?s=96&d=mm&r=g\",\"caption\":\"gerard\"},\"url\":\"https:\/\/northiberianctc.com\/blog\/ca\/?author=1\"}]}<\/script>\n<!-- \/ Yoast SEO plugin. -->","yoast_head_json":{"title":"Etapa 21: Orreaga\/Roncesvalles \u2013 Etxalar - Nord Ib\u00e8ric de costa a costa","robots":{"index":"index","follow":"follow","max-snippet":"max-snippet:-1","max-image-preview":"max-image-preview:large","max-video-preview":"max-video-preview:-1"},"canonical":"https:\/\/northiberianctc.com\/blog\/ca\/?p=330","og_locale":"ca_ES","og_type":"article","og_title":"Etapa 21: Orreaga\/Roncesvalles \u2013 Etxalar - Nord Ib\u00e8ric de costa a costa","og_description":"Se surt d&#8217;Orreaga i es puja un petit port de muntanya, Iba\u00f1eta, per carretera abans d&#8217;entrar en una pista forestal al costat de l&#8217;Ermita del Salvador. Des d&#8217;all\u00ed baixarem fins a la vall d&#8217;Aldudes, sota administraci\u00f3 francesa, en un descens inacabable i impressionant. La seg\u00fcent pujada t\u00e9 un pendent molt pronunciat, fins al coll d&#8217;Elorrieta, [&hellip;]","og_url":"https:\/\/northiberianctc.com\/blog\/ca\/?p=330","og_site_name":"Nord Ib\u00e8ric de costa a costa","article_published_time":"2013-06-17T14:52:56+00:00","article_modified_time":"2013-10-01T17:41:05+00:00","og_image":[{"url":"https:\/\/northiberianctc.com\/img\/stages\/21-pyre.jpg","type":"","width":"","height":""}],"author":"gerard","twitter_misc":{"Escrit per":"gerard","Temps estimat de lectura":"2 minuts"},"schema":{"@context":"https:\/\/schema.org","@graph":[{"@type":"WebPage","@id":"https:\/\/northiberianctc.com\/blog\/ca\/?p=330","url":"https:\/\/northiberianctc.com\/blog\/ca\/?p=330","name":"Etapa 21: Orreaga\/Roncesvalles \u2013 Etxalar - Nord Ib\u00e8ric de costa a costa","isPartOf":{"@id":"https:\/\/northiberianctc.com\/blog\/ca\/#website"},"primaryImageOfPage":{"@id":"https:\/\/northiberianctc.com\/blog\/ca\/?p=330#primaryimage"},"image":{"@id":"https:\/\/northiberianctc.com\/blog\/ca\/?p=330#primaryimage"},"thumbnailUrl":"https:\/\/northiberianctc.com\/img\/stages\/21-pyre.jpg","datePublished":"2013-06-17T14:52:56+00:00","dateModified":"2013-10-01T17:41:05+00:00","author":{"@id":"https:\/\/northiberianctc.com\/blog\/ca\/#\/schema\/person\/bf4335cdd9e1c68e5396ab9deacbf1a5"},"breadcrumb":{"@id":"https:\/\/northiberianctc.com\/blog\/ca\/?p=330#breadcrumb"},"inLanguage":"ca","potentialAction":[{"@type":"ReadAction","target":["https:\/\/northiberianctc.com\/blog\/ca\/?p=330"]}]},{"@type":"ImageObject","inLanguage":"ca","@id":"https:\/\/northiberianctc.com\/blog\/ca\/?p=330#primaryimage","url":"https:\/\/northiberianctc.com\/img\/stages\/21-pyre.jpg","contentUrl":"https:\/\/northiberianctc.com\/img\/stages\/21-pyre.jpg"},{"@type":"BreadcrumbList","@id":"https:\/\/northiberianctc.com\/blog\/ca\/?p=330#breadcrumb","itemListElement":[{"@type":"ListItem","position":1,"name":"Home","item":"https:\/\/northiberianctc.com\/blog\/ca\/"},{"@type":"ListItem","position":2,"name":"Etapa 21: Orreaga\/Roncesvalles \u2013 Etxalar"}]},{"@type":"WebSite","@id":"https:\/\/northiberianctc.com\/blog\/ca\/#website","url":"https:\/\/northiberianctc.com\/blog\/ca\/","name":"Nord Ib\u00e8ric de costa a costa","description":"Nord de la Pen\u00ednsula Ib\u00e8rica, 2.400 km d&#039;experi\u00e8ncia en bicicleta de muntanya","potentialAction":[{"@type":"SearchAction","target":{"@type":"EntryPoint","urlTemplate":"https:\/\/northiberianctc.com\/blog\/ca\/?s={search_term_string}"},"query-input":{"@type":"PropertyValueSpecification","valueRequired":true,"valueName":"search_term_string"}}],"inLanguage":"ca"},{"@type":"Person","@id":"https:\/\/northiberianctc.com\/blog\/ca\/#\/schema\/person\/bf4335cdd9e1c68e5396ab9deacbf1a5","name":"gerard","image":{"@type":"ImageObject","inLanguage":"ca","@id":"https:\/\/northiberianctc.com\/blog\/ca\/#\/schema\/person\/image\/","url":"https:\/\/secure.gravatar.com\/avatar\/0878a6750dc6aa874826b162dc943830?s=96&d=mm&r=g","contentUrl":"https:\/\/secure.gravatar.com\/avatar\/0878a6750dc6aa874826b162dc943830?s=96&d=mm&r=g","caption":"gerard"},"url":"https:\/\/northiberianctc.com\/blog\/ca\/?author=1"}]}},"_links":{"self":[{"href":"https:\/\/northiberianctc.com\/blog\/ca\/index.php?rest_route=\/wp\/v2\/posts\/330"}],"collection":[{"href":"https:\/\/northiberianctc.com\/blog\/ca\/index.php?rest_route=\/wp\/v2\/posts"}],"about":[{"href":"https:\/\/northiberianctc.com\/blog\/ca\/index.php?rest_route=\/wp\/v2\/types\/post"}],"author":[{"embeddable":true,"href":"https:\/\/northiberianctc.com\/blog\/ca\/index.php?rest_route=\/wp\/v2\/users\/1"}],"replies":[{"embeddable":true,"href":"https:\/\/northiberianctc.com\/blog\/ca\/index.php?rest_route=%2Fwp%2Fv2%2Fcomments&post=330"}],"version-history":[{"count":9,"href":"https:\/\/northiberianctc.com\/blog\/ca\/index.php?rest_route=\/wp\/v2\/posts\/330\/revisions"}],"predecessor-version":[{"id":334,"href":"https:\/\/northiberianctc.com\/blog\/ca\/index.php?rest_route=\/wp\/v2\/posts\/330\/revisions\/334"}],"wp:attachment":[{"href":"https:\/\/northiberianctc.com\/blog\/ca\/index.php?rest_route=%2Fwp%2Fv2%2Fmedia&parent=330"}],"wp:term":[{"taxonomy":"category","embeddable":true,"href":"https:\/\/northiberianctc.com\/blog\/ca\/index.php?rest_route=%2Fwp%2Fv2%2Fcategories&post=330"},{"taxonomy":"post_tag","embeddable":true,"href":"https:\/\/northiberianctc.com\/blog\/ca\/index.php?rest_route=%2Fwp%2Fv2%2Ftags&post=330"}],"curies":[{"name":"wp","href":"https:\/\/api.w.org\/{rel}","templated":true}]}}