{"id":361,"date":"2013-06-22T15:53:50","date_gmt":"2013-06-22T15:53:50","guid":{"rendered":"http:\/\/northiberianctc.com\/blog\/ca\/?p=361"},"modified":"2013-10-02T12:11:27","modified_gmt":"2013-10-02T12:11:27","slug":"etapa-25-zenarruza-gernika","status":"publish","type":"post","link":"https:\/\/northiberianctc.com\/blog\/ca\/?p=361","title":{"rendered":"Etapa 25: Zenarruza \u2013 Gernika"},"content":{"rendered":"<p><img loading=\"lazy\" decoding=\"async\" class=\"alignright\" style=\"margin-left: 6px; margin-right: 6px;\" alt=\"Zenarruza \u2013 Gernika\" src=\"https:\/\/northiberianctc.com\/img\/stages\/25-eus.jpg\" width=\"320\" height=\"195\" \/>Al principi es passa per carretera perqu\u00e8 el cam\u00ed est\u00e0 en molt mal estat i fa mal temps. La meva incipient tendinitis es complica i m&#8217;aturo a Gernika per descansar tot el dia i prendre&#8217;m medicaci\u00f3 espec\u00edfica.<\/p>\n<p>Em quedo a l&#8217;alberg de joves de Gernika i em dedico a visitar museus durant tot el dia. Per la ciutat hi ha molt d&#8217;ambient i estan preparant les festes de Sant Joan en poblacions properes.<\/p>\n<div style=\"margin: 0 auto 0 auto; width: 400px;\"><iframe loading=\"lazy\" src=\"https:\/\/ssl.panoramio.com\/wapi\/template\/photo.html?user=7124452&amp;tag=stage25nictc&amp;bgcolor=%23FFFFFF\" height=\"400\" width=\"500\" frameborder=\"0\" marginwidth=\"0\" marginheight=\"0\" scrolling=\"no\"><\/iframe><\/div>\n<p><strong>Etapa 25 a Wikiloc<\/strong>: <a title=\"etapa 25\" href=\"http:\/\/ca.wikiloc.com\/wikiloc\/view.do?id=4973500\">http:\/\/ca.wikiloc.com\/wikiloc\/view.do?id=4973500<\/a><\/p>\n<p><strong>Track GPS Etapa 25 per descarregar<\/strong>: <a title=\"track 25\" href=\"http:\/\/goo.gl\/5ppJdq\">http:\/\/goo.gl\/5ppJdq<\/a><\/p>\n<p><strong>Dist\u00e0ncies<\/strong>:\u00a0 Monestir de Zenarruza \u2013 Alberg de joves de Gernika 23 km<\/p>\n<p><strong>Poblacions<\/strong>:<\/p>\n<div style=\"width: 210px\" class=\"wp-caption alignright\"><img loading=\"lazy\" decoding=\"async\" alt=\"Descarregueu el track 25 amb BIDI QR\" src=\"https:\/\/northiberianctc.com\/img\/qr\/25-eus.png\" width=\"200\" height=\"200\" \/><p class=\"wp-caption-text\">Descarregueu el track 25 amb BIDI QR<\/p><\/div>\n<p>Ziortza-Bol\u00edbar<br \/>\nGerrikaitz<br \/>\nMunitibar<br \/>\nBierre\u00f1o<br \/>\nOlabe<br \/>\nMendata<br \/>\nMarmiz<br \/>\nMendieta<br \/>\nGernika-Lumo<\/p>\n<p><strong>Preu de l&#8217;allotjament<\/strong>: 21 euros<\/p>\n<p><strong>Refer\u00e8ncies<\/strong>: Alberg Gernika Lumo Aterpetxea. Kortezubi bidea, 9 &#8211; Gernika-Lumo (Bizkaia). Tel. +34.944650775\u00a0 gernika@suspergintza.net<\/p>\n<p><strong><a title=\"Stage 25\" href=\"https:\/\/northiberianctc.com\/blog\/en\/?p=274\" rel=\"alternate\" hreflang=\"en\">Stage 25 in English<\/a><\/strong> \u00b7 <strong><a title=\"Etapa 25\" href=\"https:\/\/northiberianctc.com\/blog\/es\/?p=201\" rel=\"alternate\" hreflang=\"es\">Etapa 25 en castellano<\/a><\/strong><\/p>\n","protected":false},"excerpt":{"rendered":"<p>Al principi es passa per carretera perqu\u00e8 el cam\u00ed est\u00e0 en molt mal estat i fa mal temps. La meva incipient tendinitis es complica i m&#8217;aturo a Gernika per descansar tot el dia i prendre&#8217;m medicaci\u00f3 espec\u00edfica. Em quedo a l&#8217;alberg de joves de Gernika i em dedico a visitar museus durant tot el dia. [&hellip;]<\/p>\n","protected":false},"author":1,"featured_media":0,"comment_status":"open","ping_status":"open","sticky":false,"template":"","format":"standard","meta":{"footnotes":""},"categories":[1],"tags":[],"yoast_head":"<!-- This site is optimized with the Yoast SEO plugin v24.5 - https:\/\/yoast.com\/wordpress\/plugins\/seo\/ -->\n<title>Etapa 25: Zenarruza \u2013 Gernika - Nord Ib\u00e8ric de costa a costa<\/title>\n<meta name=\"robots\" content=\"index, follow, max-snippet:-1, max-image-preview:large, max-video-preview:-1\" \/>\n<link rel=\"canonical\" href=\"https:\/\/northiberianctc.com\/blog\/ca\/?p=361\" \/>\n<meta property=\"og:locale\" content=\"ca_ES\" \/>\n<meta property=\"og:type\" content=\"article\" \/>\n<meta property=\"og:title\" content=\"Etapa 25: Zenarruza \u2013 Gernika - Nord Ib\u00e8ric de costa a costa\" \/>\n<meta property=\"og:description\" content=\"Al principi es passa per carretera perqu\u00e8 el cam\u00ed est\u00e0 en molt mal estat i fa mal temps. La meva incipient tendinitis es complica i m&#8217;aturo a Gernika per descansar tot el dia i prendre&#8217;m medicaci\u00f3 espec\u00edfica. Em quedo a l&#8217;alberg de joves de Gernika i em dedico a visitar museus durant tot el dia. [&hellip;]\" \/>\n<meta property=\"og:url\" content=\"https:\/\/northiberianctc.com\/blog\/ca\/?p=361\" \/>\n<meta property=\"og:site_name\" content=\"Nord Ib\u00e8ric de costa a costa\" \/>\n<meta property=\"article:published_time\" content=\"2013-06-22T15:53:50+00:00\" \/>\n<meta property=\"article:modified_time\" content=\"2013-10-02T12:11:27+00:00\" \/>\n<meta property=\"og:image\" content=\"https:\/\/northiberianctc.com\/img\/stages\/25-eus.jpg\" \/>\n<meta name=\"author\" content=\"gerard\" \/>\n<meta name=\"twitter:label1\" content=\"Escrit per\" \/>\n\t<meta name=\"twitter:data1\" content=\"gerard\" \/>\n\t<meta name=\"twitter:label2\" content=\"Temps estimat de lectura\" \/>\n\t<meta name=\"twitter:data2\" content=\"1 minut\" \/>\n<script type=\"application\/ld+json\" class=\"yoast-schema-graph\">{\"@context\":\"https:\/\/schema.org\",\"@graph\":[{\"@type\":\"WebPage\",\"@id\":\"https:\/\/northiberianctc.com\/blog\/ca\/?p=361\",\"url\":\"https:\/\/northiberianctc.com\/blog\/ca\/?p=361\",\"name\":\"Etapa 25: Zenarruza \u2013 Gernika - Nord Ib\u00e8ric de costa a costa\",\"isPartOf\":{\"@id\":\"https:\/\/northiberianctc.com\/blog\/ca\/#website\"},\"primaryImageOfPage\":{\"@id\":\"https:\/\/northiberianctc.com\/blog\/ca\/?p=361#primaryimage\"},\"image\":{\"@id\":\"https:\/\/northiberianctc.com\/blog\/ca\/?p=361#primaryimage\"},\"thumbnailUrl\":\"https:\/\/northiberianctc.com\/img\/stages\/25-eus.jpg\",\"datePublished\":\"2013-06-22T15:53:50+00:00\",\"dateModified\":\"2013-10-02T12:11:27+00:00\",\"author\":{\"@id\":\"https:\/\/northiberianctc.com\/blog\/ca\/#\/schema\/person\/bf4335cdd9e1c68e5396ab9deacbf1a5\"},\"breadcrumb\":{\"@id\":\"https:\/\/northiberianctc.com\/blog\/ca\/?p=361#breadcrumb\"},\"inLanguage\":\"ca\",\"potentialAction\":[{\"@type\":\"ReadAction\",\"target\":[\"https:\/\/northiberianctc.com\/blog\/ca\/?p=361\"]}]},{\"@type\":\"ImageObject\",\"inLanguage\":\"ca\",\"@id\":\"https:\/\/northiberianctc.com\/blog\/ca\/?p=361#primaryimage\",\"url\":\"https:\/\/northiberianctc.com\/img\/stages\/25-eus.jpg\",\"contentUrl\":\"https:\/\/northiberianctc.com\/img\/stages\/25-eus.jpg\"},{\"@type\":\"BreadcrumbList\",\"@id\":\"https:\/\/northiberianctc.com\/blog\/ca\/?p=361#breadcrumb\",\"itemListElement\":[{\"@type\":\"ListItem\",\"position\":1,\"name\":\"Home\",\"item\":\"https:\/\/northiberianctc.com\/blog\/ca\/\"},{\"@type\":\"ListItem\",\"position\":2,\"name\":\"Etapa 25: Zenarruza \u2013 Gernika\"}]},{\"@type\":\"WebSite\",\"@id\":\"https:\/\/northiberianctc.com\/blog\/ca\/#website\",\"url\":\"https:\/\/northiberianctc.com\/blog\/ca\/\",\"name\":\"Nord Ib\u00e8ric de costa a costa\",\"description\":\"Nord de la Pen\u00ednsula Ib\u00e8rica, 2.400 km d&#039;experi\u00e8ncia en bicicleta de muntanya\",\"potentialAction\":[{\"@type\":\"SearchAction\",\"target\":{\"@type\":\"EntryPoint\",\"urlTemplate\":\"https:\/\/northiberianctc.com\/blog\/ca\/?s={search_term_string}\"},\"query-input\":{\"@type\":\"PropertyValueSpecification\",\"valueRequired\":true,\"valueName\":\"search_term_string\"}}],\"inLanguage\":\"ca\"},{\"@type\":\"Person\",\"@id\":\"https:\/\/northiberianctc.com\/blog\/ca\/#\/schema\/person\/bf4335cdd9e1c68e5396ab9deacbf1a5\",\"name\":\"gerard\",\"image\":{\"@type\":\"ImageObject\",\"inLanguage\":\"ca\",\"@id\":\"https:\/\/northiberianctc.com\/blog\/ca\/#\/schema\/person\/image\/\",\"url\":\"https:\/\/secure.gravatar.com\/avatar\/0878a6750dc6aa874826b162dc943830?s=96&d=mm&r=g\",\"contentUrl\":\"https:\/\/secure.gravatar.com\/avatar\/0878a6750dc6aa874826b162dc943830?s=96&d=mm&r=g\",\"caption\":\"gerard\"},\"url\":\"https:\/\/northiberianctc.com\/blog\/ca\/?author=1\"}]}<\/script>\n<!-- \/ Yoast SEO plugin. -->","yoast_head_json":{"title":"Etapa 25: Zenarruza \u2013 Gernika - Nord Ib\u00e8ric de costa a costa","robots":{"index":"index","follow":"follow","max-snippet":"max-snippet:-1","max-image-preview":"max-image-preview:large","max-video-preview":"max-video-preview:-1"},"canonical":"https:\/\/northiberianctc.com\/blog\/ca\/?p=361","og_locale":"ca_ES","og_type":"article","og_title":"Etapa 25: Zenarruza \u2013 Gernika - Nord Ib\u00e8ric de costa a costa","og_description":"Al principi es passa per carretera perqu\u00e8 el cam\u00ed est\u00e0 en molt mal estat i fa mal temps. La meva incipient tendinitis es complica i m&#8217;aturo a Gernika per descansar tot el dia i prendre&#8217;m medicaci\u00f3 espec\u00edfica. Em quedo a l&#8217;alberg de joves de Gernika i em dedico a visitar museus durant tot el dia. [&hellip;]","og_url":"https:\/\/northiberianctc.com\/blog\/ca\/?p=361","og_site_name":"Nord Ib\u00e8ric de costa a costa","article_published_time":"2013-06-22T15:53:50+00:00","article_modified_time":"2013-10-02T12:11:27+00:00","og_image":[{"url":"https:\/\/northiberianctc.com\/img\/stages\/25-eus.jpg","type":"","width":"","height":""}],"author":"gerard","twitter_misc":{"Escrit per":"gerard","Temps estimat de lectura":"1 minut"},"schema":{"@context":"https:\/\/schema.org","@graph":[{"@type":"WebPage","@id":"https:\/\/northiberianctc.com\/blog\/ca\/?p=361","url":"https:\/\/northiberianctc.com\/blog\/ca\/?p=361","name":"Etapa 25: Zenarruza \u2013 Gernika - Nord Ib\u00e8ric de costa a costa","isPartOf":{"@id":"https:\/\/northiberianctc.com\/blog\/ca\/#website"},"primaryImageOfPage":{"@id":"https:\/\/northiberianctc.com\/blog\/ca\/?p=361#primaryimage"},"image":{"@id":"https:\/\/northiberianctc.com\/blog\/ca\/?p=361#primaryimage"},"thumbnailUrl":"https:\/\/northiberianctc.com\/img\/stages\/25-eus.jpg","datePublished":"2013-06-22T15:53:50+00:00","dateModified":"2013-10-02T12:11:27+00:00","author":{"@id":"https:\/\/northiberianctc.com\/blog\/ca\/#\/schema\/person\/bf4335cdd9e1c68e5396ab9deacbf1a5"},"breadcrumb":{"@id":"https:\/\/northiberianctc.com\/blog\/ca\/?p=361#breadcrumb"},"inLanguage":"ca","potentialAction":[{"@type":"ReadAction","target":["https:\/\/northiberianctc.com\/blog\/ca\/?p=361"]}]},{"@type":"ImageObject","inLanguage":"ca","@id":"https:\/\/northiberianctc.com\/blog\/ca\/?p=361#primaryimage","url":"https:\/\/northiberianctc.com\/img\/stages\/25-eus.jpg","contentUrl":"https:\/\/northiberianctc.com\/img\/stages\/25-eus.jpg"},{"@type":"BreadcrumbList","@id":"https:\/\/northiberianctc.com\/blog\/ca\/?p=361#breadcrumb","itemListElement":[{"@type":"ListItem","position":1,"name":"Home","item":"https:\/\/northiberianctc.com\/blog\/ca\/"},{"@type":"ListItem","position":2,"name":"Etapa 25: Zenarruza \u2013 Gernika"}]},{"@type":"WebSite","@id":"https:\/\/northiberianctc.com\/blog\/ca\/#website","url":"https:\/\/northiberianctc.com\/blog\/ca\/","name":"Nord Ib\u00e8ric de costa a costa","description":"Nord de la Pen\u00ednsula Ib\u00e8rica, 2.400 km d&#039;experi\u00e8ncia en bicicleta de muntanya","potentialAction":[{"@type":"SearchAction","target":{"@type":"EntryPoint","urlTemplate":"https:\/\/northiberianctc.com\/blog\/ca\/?s={search_term_string}"},"query-input":{"@type":"PropertyValueSpecification","valueRequired":true,"valueName":"search_term_string"}}],"inLanguage":"ca"},{"@type":"Person","@id":"https:\/\/northiberianctc.com\/blog\/ca\/#\/schema\/person\/bf4335cdd9e1c68e5396ab9deacbf1a5","name":"gerard","image":{"@type":"ImageObject","inLanguage":"ca","@id":"https:\/\/northiberianctc.com\/blog\/ca\/#\/schema\/person\/image\/","url":"https:\/\/secure.gravatar.com\/avatar\/0878a6750dc6aa874826b162dc943830?s=96&d=mm&r=g","contentUrl":"https:\/\/secure.gravatar.com\/avatar\/0878a6750dc6aa874826b162dc943830?s=96&d=mm&r=g","caption":"gerard"},"url":"https:\/\/northiberianctc.com\/blog\/ca\/?author=1"}]}},"_links":{"self":[{"href":"https:\/\/northiberianctc.com\/blog\/ca\/index.php?rest_route=\/wp\/v2\/posts\/361"}],"collection":[{"href":"https:\/\/northiberianctc.com\/blog\/ca\/index.php?rest_route=\/wp\/v2\/posts"}],"about":[{"href":"https:\/\/northiberianctc.com\/blog\/ca\/index.php?rest_route=\/wp\/v2\/types\/post"}],"author":[{"embeddable":true,"href":"https:\/\/northiberianctc.com\/blog\/ca\/index.php?rest_route=\/wp\/v2\/users\/1"}],"replies":[{"embeddable":true,"href":"https:\/\/northiberianctc.com\/blog\/ca\/index.php?rest_route=%2Fwp%2Fv2%2Fcomments&post=361"}],"version-history":[{"count":11,"href":"https:\/\/northiberianctc.com\/blog\/ca\/index.php?rest_route=\/wp\/v2\/posts\/361\/revisions"}],"predecessor-version":[{"id":702,"href":"https:\/\/northiberianctc.com\/blog\/ca\/index.php?rest_route=\/wp\/v2\/posts\/361\/revisions\/702"}],"wp:attachment":[{"href":"https:\/\/northiberianctc.com\/blog\/ca\/index.php?rest_route=%2Fwp%2Fv2%2Fmedia&parent=361"}],"wp:term":[{"taxonomy":"category","embeddable":true,"href":"https:\/\/northiberianctc.com\/blog\/ca\/index.php?rest_route=%2Fwp%2Fv2%2Fcategories&post=361"},{"taxonomy":"post_tag","embeddable":true,"href":"https:\/\/northiberianctc.com\/blog\/ca\/index.php?rest_route=%2Fwp%2Fv2%2Ftags&post=361"}],"curies":[{"name":"wp","href":"https:\/\/api.w.org\/{rel}","templated":true}]}}