{"id":374,"date":"2013-06-24T16:43:03","date_gmt":"2013-06-24T16:43:03","guid":{"rendered":"http:\/\/northiberianctc.com\/blog\/ca\/?p=374"},"modified":"2013-10-02T12:14:21","modified_gmt":"2013-10-02T12:14:21","slug":"etapa-27-castro-urdiales-guemes","status":"publish","type":"post","link":"https:\/\/northiberianctc.com\/blog\/ca\/?p=374","title":{"rendered":"Etapa 27: Castro Urdiales \u2013 G\u00fcemes"},"content":{"rendered":"<p><img loading=\"lazy\" decoding=\"async\" class=\"alignright\" style=\"margin-left: 6px; margin-right: 6px;\" alt=\"Castro Urdiales \u2013 G\u00fcemes\" src=\"https:\/\/northiberianctc.com\/img\/stages\/27-can.jpg\" width=\"320\" height=\"195\" \/>Primera etapa nom\u00e9s per Cantabria. El primer tram \u00e9s d&#8217;uns 15 km, per les pistes que ressegueixen la costa i s\u00f3n poc ciclables, de manera que es fa dif\u00edcil circular tot i que no hi ha pendents remarcables.<\/p>\n<p>A partir d&#8217;Islares s&#8217;agafa una carretera i l&#8217;experi\u00e8ncia millora molt, es baixa fins a Laredo i d&#8217;all\u00ed es va a Santo\u00f1a amb una barqueta-taxi. El barri mar\u00edtim de Santo\u00f1a \u00e9s un lloc ideal per dinar productes de la mar.\u00a0 A partir de Santo\u00f1a i fins G\u00fcemes tots els paisatges s\u00f3n muntanyosos i no tornarem a veure la platja en l&#8217;etapa d&#8217;avui.<\/p>\n<p>A G\u00fcemes em quedo en un establiment anomenat \u201cLa Caba\u00f1a del Abuelo Peuto\u201d. \u00c9s un alberg propietat del sacerdot Ernesto Bustio, obert a pelegrins i amb activitats permanents de voluntariat pel Tercer M\u00f3n.\u00a0 Diuen que aquest \u00e9s un dels millors llocs per estar-se quan es va en pelegrinatge a Compostela, i podria ser veritat si el comparem amb la majoria dels albergs que es poden trobar per Cant\u00e0bria o Ast\u00faries, menys cuidats que els d&#8217;Euskadi o Gal\u00edcia.<\/p>\n<p>\u201cLa Caba\u00f1a\u201d t\u00e9 rutines especials: a les 19 hores de cada dia es fa una xerrada informativa en castell\u00e0, i eventualment en angl\u00e8s, per explicar la vida del seu fundador, l&#8217;origen de l&#8217;alberg, la mena d&#8217;activitat que s&#8217;hi desenvolupa\u00a0 i\u00a0 per demanar als hostes que siguin generosos en les seves donacions volunt\u00e0ries per mantenir l&#8217;alberg.<\/p>\n<div style=\"margin: 0 auto 0 auto; width: 400px;\"><iframe loading=\"lazy\" src=\"https:\/\/ssl.panoramio.com\/wapi\/template\/photo.html?user=7124452&amp;tag=stage27nictc&amp;bgcolor=%23FFFFFF\" height=\"400\" width=\"500\" frameborder=\"0\" marginwidth=\"0\" marginheight=\"0\" scrolling=\"no\"><\/iframe><\/div>\n<p><strong>Etapa 27 a Wikiloc<\/strong>: <a title=\"etapa 27\" href=\"http:\/\/ca.wikiloc.com\/wikiloc\/view.do?id=4973522\">http:\/\/ca.wikiloc.com\/wikiloc\/view.do?id=4973522<\/a><\/p>\n<p><strong>Track GPS Etapa 27 per descarregar<\/strong>: <a title=\"track 27\" href=\"http:\/\/goo.gl\/WyNqFM\">http:\/\/goo.gl\/WyNqFM<\/a><\/p>\n<p><strong>Dist\u00e0ncies<\/strong>:\u00a0 Alberg de pelegrins de Castro \u2013 La caba\u00f1a del abuelo Peuto 55 km<\/p>\n<p><strong>Poblacions<\/strong>:<\/p>\n<div style=\"width: 210px\" class=\"wp-caption alignright\"><img loading=\"lazy\" decoding=\"async\" alt=\"Descarregueu el track 27 amb BIDI QR\" src=\"https:\/\/northiberianctc.com\/img\/qr\/27-can.png\" width=\"200\" height=\"200\" \/><p class=\"wp-caption-text\">Descarregueu el track 27 amb BIDI QR<\/p><\/div>\n<p>Castro Urdiales<br \/>\nAllendelagua<br \/>\nCerdigo<br \/>\nIslares<br \/>\nNocina<br \/>\nOri\u00f1\u00f3n<br \/>\nMollaneda<br \/>\nIseca Vieja<br \/>\nLaredo<br \/>\nSanto\u00f1a<br \/>\nPiedrahita<br \/>\nArgo\u00f1os<br \/>\nCerecedas<br \/>\nCastillo Siete Villas<br \/>\nSan Miguel de Meruelo<br \/>\nBareyo-Ajo<br \/>\nG\u00fcemes<\/p>\n<p><strong>Preu de l&#8217;allotjament<\/strong>: aportaci\u00f3 volunt\u00e0ria.<\/p>\n<p><strong><a title=\"Stage 27\" href=\"https:\/\/northiberianctc.com\/blog\/en\/?p=278\" rel=\"alternate\" hreflang=\"en\">Stage 27 in English<\/a><\/strong> \u00b7 <strong><a title=\"Etapa 27\" href=\"https:\/\/northiberianctc.com\/blog\/es\/?p=205\" rel=\"alternate\" hreflang=\"es\">Etapa 27 en castellano<\/a><\/strong><\/p>\n","protected":false},"excerpt":{"rendered":"<p>Primera etapa nom\u00e9s per Cantabria. El primer tram \u00e9s d&#8217;uns 15 km, per les pistes que ressegueixen la costa i s\u00f3n poc ciclables, de manera que es fa dif\u00edcil circular tot i que no hi ha pendents remarcables. A partir d&#8217;Islares s&#8217;agafa una carretera i l&#8217;experi\u00e8ncia millora molt, es baixa fins a Laredo i d&#8217;all\u00ed [&hellip;]<\/p>\n","protected":false},"author":1,"featured_media":0,"comment_status":"open","ping_status":"open","sticky":false,"template":"","format":"standard","meta":{"footnotes":""},"categories":[1],"tags":[],"yoast_head":"<!-- This site is optimized with the Yoast SEO plugin v24.5 - https:\/\/yoast.com\/wordpress\/plugins\/seo\/ -->\n<title>Etapa 27: Castro Urdiales \u2013 G\u00fcemes - Nord Ib\u00e8ric de costa a costa<\/title>\n<meta name=\"robots\" content=\"index, follow, max-snippet:-1, max-image-preview:large, max-video-preview:-1\" \/>\n<link rel=\"canonical\" href=\"https:\/\/northiberianctc.com\/blog\/ca\/?p=374\" \/>\n<meta property=\"og:locale\" content=\"ca_ES\" \/>\n<meta property=\"og:type\" content=\"article\" \/>\n<meta property=\"og:title\" content=\"Etapa 27: Castro Urdiales \u2013 G\u00fcemes - Nord Ib\u00e8ric de costa a costa\" \/>\n<meta property=\"og:description\" content=\"Primera etapa nom\u00e9s per Cantabria. El primer tram \u00e9s d&#8217;uns 15 km, per les pistes que ressegueixen la costa i s\u00f3n poc ciclables, de manera que es fa dif\u00edcil circular tot i que no hi ha pendents remarcables. A partir d&#8217;Islares s&#8217;agafa una carretera i l&#8217;experi\u00e8ncia millora molt, es baixa fins a Laredo i d&#8217;all\u00ed [&hellip;]\" \/>\n<meta property=\"og:url\" content=\"https:\/\/northiberianctc.com\/blog\/ca\/?p=374\" \/>\n<meta property=\"og:site_name\" content=\"Nord Ib\u00e8ric de costa a costa\" \/>\n<meta property=\"article:published_time\" content=\"2013-06-24T16:43:03+00:00\" \/>\n<meta property=\"article:modified_time\" content=\"2013-10-02T12:14:21+00:00\" \/>\n<meta property=\"og:image\" content=\"https:\/\/northiberianctc.com\/img\/stages\/27-can.jpg\" \/>\n<meta name=\"author\" content=\"gerard\" \/>\n<meta name=\"twitter:label1\" content=\"Escrit per\" \/>\n\t<meta name=\"twitter:data1\" content=\"gerard\" \/>\n\t<meta name=\"twitter:label2\" content=\"Temps estimat de lectura\" \/>\n\t<meta name=\"twitter:data2\" content=\"2 minuts\" \/>\n<script type=\"application\/ld+json\" class=\"yoast-schema-graph\">{\"@context\":\"https:\/\/schema.org\",\"@graph\":[{\"@type\":\"WebPage\",\"@id\":\"https:\/\/northiberianctc.com\/blog\/ca\/?p=374\",\"url\":\"https:\/\/northiberianctc.com\/blog\/ca\/?p=374\",\"name\":\"Etapa 27: Castro Urdiales \u2013 G\u00fcemes - Nord Ib\u00e8ric de costa a costa\",\"isPartOf\":{\"@id\":\"https:\/\/northiberianctc.com\/blog\/ca\/#website\"},\"primaryImageOfPage\":{\"@id\":\"https:\/\/northiberianctc.com\/blog\/ca\/?p=374#primaryimage\"},\"image\":{\"@id\":\"https:\/\/northiberianctc.com\/blog\/ca\/?p=374#primaryimage\"},\"thumbnailUrl\":\"https:\/\/northiberianctc.com\/img\/stages\/27-can.jpg\",\"datePublished\":\"2013-06-24T16:43:03+00:00\",\"dateModified\":\"2013-10-02T12:14:21+00:00\",\"author\":{\"@id\":\"https:\/\/northiberianctc.com\/blog\/ca\/#\/schema\/person\/bf4335cdd9e1c68e5396ab9deacbf1a5\"},\"breadcrumb\":{\"@id\":\"https:\/\/northiberianctc.com\/blog\/ca\/?p=374#breadcrumb\"},\"inLanguage\":\"ca\",\"potentialAction\":[{\"@type\":\"ReadAction\",\"target\":[\"https:\/\/northiberianctc.com\/blog\/ca\/?p=374\"]}]},{\"@type\":\"ImageObject\",\"inLanguage\":\"ca\",\"@id\":\"https:\/\/northiberianctc.com\/blog\/ca\/?p=374#primaryimage\",\"url\":\"https:\/\/northiberianctc.com\/img\/stages\/27-can.jpg\",\"contentUrl\":\"https:\/\/northiberianctc.com\/img\/stages\/27-can.jpg\"},{\"@type\":\"BreadcrumbList\",\"@id\":\"https:\/\/northiberianctc.com\/blog\/ca\/?p=374#breadcrumb\",\"itemListElement\":[{\"@type\":\"ListItem\",\"position\":1,\"name\":\"Home\",\"item\":\"https:\/\/northiberianctc.com\/blog\/ca\/\"},{\"@type\":\"ListItem\",\"position\":2,\"name\":\"Etapa 27: Castro Urdiales \u2013 G\u00fcemes\"}]},{\"@type\":\"WebSite\",\"@id\":\"https:\/\/northiberianctc.com\/blog\/ca\/#website\",\"url\":\"https:\/\/northiberianctc.com\/blog\/ca\/\",\"name\":\"Nord Ib\u00e8ric de costa a costa\",\"description\":\"Nord de la Pen\u00ednsula Ib\u00e8rica, 2.400 km d&#039;experi\u00e8ncia en bicicleta de muntanya\",\"potentialAction\":[{\"@type\":\"SearchAction\",\"target\":{\"@type\":\"EntryPoint\",\"urlTemplate\":\"https:\/\/northiberianctc.com\/blog\/ca\/?s={search_term_string}\"},\"query-input\":{\"@type\":\"PropertyValueSpecification\",\"valueRequired\":true,\"valueName\":\"search_term_string\"}}],\"inLanguage\":\"ca\"},{\"@type\":\"Person\",\"@id\":\"https:\/\/northiberianctc.com\/blog\/ca\/#\/schema\/person\/bf4335cdd9e1c68e5396ab9deacbf1a5\",\"name\":\"gerard\",\"image\":{\"@type\":\"ImageObject\",\"inLanguage\":\"ca\",\"@id\":\"https:\/\/northiberianctc.com\/blog\/ca\/#\/schema\/person\/image\/\",\"url\":\"https:\/\/secure.gravatar.com\/avatar\/0878a6750dc6aa874826b162dc943830?s=96&d=mm&r=g\",\"contentUrl\":\"https:\/\/secure.gravatar.com\/avatar\/0878a6750dc6aa874826b162dc943830?s=96&d=mm&r=g\",\"caption\":\"gerard\"},\"url\":\"https:\/\/northiberianctc.com\/blog\/ca\/?author=1\"}]}<\/script>\n<!-- \/ Yoast SEO plugin. -->","yoast_head_json":{"title":"Etapa 27: Castro Urdiales \u2013 G\u00fcemes - Nord Ib\u00e8ric de costa a costa","robots":{"index":"index","follow":"follow","max-snippet":"max-snippet:-1","max-image-preview":"max-image-preview:large","max-video-preview":"max-video-preview:-1"},"canonical":"https:\/\/northiberianctc.com\/blog\/ca\/?p=374","og_locale":"ca_ES","og_type":"article","og_title":"Etapa 27: Castro Urdiales \u2013 G\u00fcemes - Nord Ib\u00e8ric de costa a costa","og_description":"Primera etapa nom\u00e9s per Cantabria. El primer tram \u00e9s d&#8217;uns 15 km, per les pistes que ressegueixen la costa i s\u00f3n poc ciclables, de manera que es fa dif\u00edcil circular tot i que no hi ha pendents remarcables. A partir d&#8217;Islares s&#8217;agafa una carretera i l&#8217;experi\u00e8ncia millora molt, es baixa fins a Laredo i d&#8217;all\u00ed [&hellip;]","og_url":"https:\/\/northiberianctc.com\/blog\/ca\/?p=374","og_site_name":"Nord Ib\u00e8ric de costa a costa","article_published_time":"2013-06-24T16:43:03+00:00","article_modified_time":"2013-10-02T12:14:21+00:00","og_image":[{"url":"https:\/\/northiberianctc.com\/img\/stages\/27-can.jpg","type":"","width":"","height":""}],"author":"gerard","twitter_misc":{"Escrit per":"gerard","Temps estimat de lectura":"2 minuts"},"schema":{"@context":"https:\/\/schema.org","@graph":[{"@type":"WebPage","@id":"https:\/\/northiberianctc.com\/blog\/ca\/?p=374","url":"https:\/\/northiberianctc.com\/blog\/ca\/?p=374","name":"Etapa 27: Castro Urdiales \u2013 G\u00fcemes - Nord Ib\u00e8ric de costa a costa","isPartOf":{"@id":"https:\/\/northiberianctc.com\/blog\/ca\/#website"},"primaryImageOfPage":{"@id":"https:\/\/northiberianctc.com\/blog\/ca\/?p=374#primaryimage"},"image":{"@id":"https:\/\/northiberianctc.com\/blog\/ca\/?p=374#primaryimage"},"thumbnailUrl":"https:\/\/northiberianctc.com\/img\/stages\/27-can.jpg","datePublished":"2013-06-24T16:43:03+00:00","dateModified":"2013-10-02T12:14:21+00:00","author":{"@id":"https:\/\/northiberianctc.com\/blog\/ca\/#\/schema\/person\/bf4335cdd9e1c68e5396ab9deacbf1a5"},"breadcrumb":{"@id":"https:\/\/northiberianctc.com\/blog\/ca\/?p=374#breadcrumb"},"inLanguage":"ca","potentialAction":[{"@type":"ReadAction","target":["https:\/\/northiberianctc.com\/blog\/ca\/?p=374"]}]},{"@type":"ImageObject","inLanguage":"ca","@id":"https:\/\/northiberianctc.com\/blog\/ca\/?p=374#primaryimage","url":"https:\/\/northiberianctc.com\/img\/stages\/27-can.jpg","contentUrl":"https:\/\/northiberianctc.com\/img\/stages\/27-can.jpg"},{"@type":"BreadcrumbList","@id":"https:\/\/northiberianctc.com\/blog\/ca\/?p=374#breadcrumb","itemListElement":[{"@type":"ListItem","position":1,"name":"Home","item":"https:\/\/northiberianctc.com\/blog\/ca\/"},{"@type":"ListItem","position":2,"name":"Etapa 27: Castro Urdiales \u2013 G\u00fcemes"}]},{"@type":"WebSite","@id":"https:\/\/northiberianctc.com\/blog\/ca\/#website","url":"https:\/\/northiberianctc.com\/blog\/ca\/","name":"Nord Ib\u00e8ric de costa a costa","description":"Nord de la Pen\u00ednsula Ib\u00e8rica, 2.400 km d&#039;experi\u00e8ncia en bicicleta de muntanya","potentialAction":[{"@type":"SearchAction","target":{"@type":"EntryPoint","urlTemplate":"https:\/\/northiberianctc.com\/blog\/ca\/?s={search_term_string}"},"query-input":{"@type":"PropertyValueSpecification","valueRequired":true,"valueName":"search_term_string"}}],"inLanguage":"ca"},{"@type":"Person","@id":"https:\/\/northiberianctc.com\/blog\/ca\/#\/schema\/person\/bf4335cdd9e1c68e5396ab9deacbf1a5","name":"gerard","image":{"@type":"ImageObject","inLanguage":"ca","@id":"https:\/\/northiberianctc.com\/blog\/ca\/#\/schema\/person\/image\/","url":"https:\/\/secure.gravatar.com\/avatar\/0878a6750dc6aa874826b162dc943830?s=96&d=mm&r=g","contentUrl":"https:\/\/secure.gravatar.com\/avatar\/0878a6750dc6aa874826b162dc943830?s=96&d=mm&r=g","caption":"gerard"},"url":"https:\/\/northiberianctc.com\/blog\/ca\/?author=1"}]}},"_links":{"self":[{"href":"https:\/\/northiberianctc.com\/blog\/ca\/index.php?rest_route=\/wp\/v2\/posts\/374"}],"collection":[{"href":"https:\/\/northiberianctc.com\/blog\/ca\/index.php?rest_route=\/wp\/v2\/posts"}],"about":[{"href":"https:\/\/northiberianctc.com\/blog\/ca\/index.php?rest_route=\/wp\/v2\/types\/post"}],"author":[{"embeddable":true,"href":"https:\/\/northiberianctc.com\/blog\/ca\/index.php?rest_route=\/wp\/v2\/users\/1"}],"replies":[{"embeddable":true,"href":"https:\/\/northiberianctc.com\/blog\/ca\/index.php?rest_route=%2Fwp%2Fv2%2Fcomments&post=374"}],"version-history":[{"count":7,"href":"https:\/\/northiberianctc.com\/blog\/ca\/index.php?rest_route=\/wp\/v2\/posts\/374\/revisions"}],"predecessor-version":[{"id":377,"href":"https:\/\/northiberianctc.com\/blog\/ca\/index.php?rest_route=\/wp\/v2\/posts\/374\/revisions\/377"}],"wp:attachment":[{"href":"https:\/\/northiberianctc.com\/blog\/ca\/index.php?rest_route=%2Fwp%2Fv2%2Fmedia&parent=374"}],"wp:term":[{"taxonomy":"category","embeddable":true,"href":"https:\/\/northiberianctc.com\/blog\/ca\/index.php?rest_route=%2Fwp%2Fv2%2Fcategories&post=374"},{"taxonomy":"post_tag","embeddable":true,"href":"https:\/\/northiberianctc.com\/blog\/ca\/index.php?rest_route=%2Fwp%2Fv2%2Ftags&post=374"}],"curies":[{"name":"wp","href":"https:\/\/api.w.org\/{rel}","templated":true}]}}