{"id":384,"date":"2013-06-26T16:55:11","date_gmt":"2013-06-26T16:55:11","guid":{"rendered":"http:\/\/northiberianctc.com\/blog\/ca\/?p=384"},"modified":"2013-10-02T12:19:00","modified_gmt":"2013-10-02T12:19:00","slug":"etapa-29-san-vicente-de-la-barquera-colombres","status":"publish","type":"post","link":"https:\/\/northiberianctc.com\/blog\/ca\/?p=384","title":{"rendered":"Etapa 29: San Vicente de la Barquera &#8211; Colombres"},"content":{"rendered":"<p><img loading=\"lazy\" decoding=\"async\" class=\"alignright\" alt=\"San Vicente de la Barquera - Colombres\" src=\"https:\/\/northiberianctc.com\/img\/stages\/29-ast.jpg\" width=\"320\" height=\"195\" \/>Aquesta \u00e9s una etapa molt curta. M&#8217;he retardat en posar-me en marxa i ja he sortit molt tard de San Vicente de la Barquera, per\u00f2 m&#8217;aturo a dinar a Unquera, la darrera poblaci\u00f3 de Cant\u00e0bria, bressol d&#8217;unes pastes caracter\u00edstiques anomenades Corbatas. Despr\u00e9s de dinar travesso el pont del riu Deva que fa de frontera amb Ast\u00faries i me&#8217;n vaig fins al segon nucli de poblaci\u00f3: Colombres.<\/p>\n<p>Colombres \u00e9s un poble petit, d&#8217;uns mil habitants, per\u00f2 molt conegut dins d&#8217;Ast\u00faries i t\u00e9 bastants establiments hotelers, albergs, hostals i un parell de c\u00e0mpings a prop. Arquitect\u00f2nicament \u00e9s una poblaci\u00f3 molt curiosa, amb moltes cases d&#8217;estil colonial que van deixar els emigrants retornats a Ast\u00faries, anomenats &#8216;indians&#8217;.<\/p>\n<p>Em quedo a dormir a la pensi\u00f3 \u201cOyambre\u201d, al barri del Peral, excel\u00b7lent en tots els sentits i molt recomanable. Aprofitar\u00e9 el dia de dem\u00e0 per visitar el poble i tamb\u00e9 l&#8217;Archivo de Indianos, un museu dedicat a l&#8217;emigraci\u00f3 americana dels asturians i a intepretar les obres dels indians.<\/p>\n<p><strong>Web de l&#8217;Arxiu d&#8217;Indians<\/strong> (nom\u00e9s en castell\u00e0): <a title=\"Archivo de indianos\" href=\"http:\/\/www.archivodeindianos.es\">http:\/\/www.archivodeindianos.es<\/a><\/p>\n<div style=\"margin: 0 auto 0 auto; width: 400px;\"><iframe loading=\"lazy\" src=\"https:\/\/ssl.panoramio.com\/wapi\/template\/photo.html?user=7124452&amp;tag=stage29nictc&amp;bgcolor=%23FFFFFF\" height=\"400\" width=\"500\" frameborder=\"0\" marginwidth=\"0\" marginheight=\"0\" scrolling=\"no\"><\/iframe><\/div>\n<p><strong>Etapa 29 a Wikiloc<\/strong>: <a title=\"etapa 29\" href=\"http:\/\/ca.wikiloc.com\/wikiloc\/view.do?id=4973546\">http:\/\/ca.wikiloc.com\/wikiloc\/view.do?id=4973546<\/a><\/p>\n<p><strong>Track GPS Etapa 29 per descarregar<\/strong>:\u00a0 <a title=\"track 29\" href=\"http:\/\/goo.gl\/0uqLXP\">http:\/\/goo.gl\/0uqLXP<\/a><\/p>\n<p><strong>Dist\u00e0ncies<\/strong>:\u00a0 San Vicente de la Barquera \u2013 Pensi\u00f3n Oyambre 20 km<\/p>\n<p><strong>Poblacions<\/strong>:<\/p>\n<div style=\"width: 210px\" class=\"wp-caption alignright\"><img loading=\"lazy\" decoding=\"async\" alt=\"Descarregueu el track 29 amb BIDI QR\" src=\"https:\/\/northiberianctc.com\/img\/qr\/29-ast.png\" width=\"200\" height=\"200\" \/><p class=\"wp-caption-text\">Descarregueu el track 29 amb BIDI QR<\/p><\/div>\n<p>San Vicente de la Barquera<br \/>\nLa Acebosa<br \/>\nHortigal<br \/>\nEstrada<br \/>\nSerdio<br \/>\nMu\u00f1orrodero<br \/>\nPesu\u00e9s<br \/>\nUnquera<br \/>\nBustiu<br \/>\nColombres<br \/>\nEl Peral<\/p>\n<p><strong>Preu de l&#8217;allotjament<\/strong>: 12 euros.<\/p>\n<p><strong>Refer\u00e8ncies<\/strong>: Pensi\u00f3n Oyambre. 33590 El Peral (Colombres). Tel. +34.985412242<\/p>\n<p><strong><a title=\"Stage 29\" href=\"https:\/\/northiberianctc.com\/blog\/en\/?p=283\" rel=\"alternate\" hreflang=\"en\">Stage 29 in English<\/a><\/strong> \u00b7 <strong><a title=\"Etapa 29\" href=\"https:\/\/northiberianctc.com\/blog\/es\/?p=209\" rel=\"alternate\" hreflang=\"es\">Etapa 29 en castellano<\/a><\/strong><\/p>\n","protected":false},"excerpt":{"rendered":"<p>Aquesta \u00e9s una etapa molt curta. M&#8217;he retardat en posar-me en marxa i ja he sortit molt tard de San Vicente de la Barquera, per\u00f2 m&#8217;aturo a dinar a Unquera, la darrera poblaci\u00f3 de Cant\u00e0bria, bressol d&#8217;unes pastes caracter\u00edstiques anomenades Corbatas. Despr\u00e9s de dinar travesso el pont del riu Deva que fa de frontera amb [&hellip;]<\/p>\n","protected":false},"author":1,"featured_media":0,"comment_status":"open","ping_status":"open","sticky":false,"template":"","format":"standard","meta":{"footnotes":""},"categories":[1],"tags":[],"yoast_head":"<!-- This site is optimized with the Yoast SEO plugin v24.5 - https:\/\/yoast.com\/wordpress\/plugins\/seo\/ -->\n<title>Etapa 29: San Vicente de la Barquera - Colombres  - Nord Ib\u00e8ric de costa a costa<\/title>\n<meta name=\"robots\" content=\"index, follow, max-snippet:-1, max-image-preview:large, max-video-preview:-1\" \/>\n<link rel=\"canonical\" href=\"https:\/\/northiberianctc.com\/blog\/ca\/?p=384\" \/>\n<meta property=\"og:locale\" content=\"ca_ES\" \/>\n<meta property=\"og:type\" content=\"article\" \/>\n<meta property=\"og:title\" content=\"Etapa 29: San Vicente de la Barquera - Colombres  - Nord Ib\u00e8ric de costa a costa\" \/>\n<meta property=\"og:description\" content=\"Aquesta \u00e9s una etapa molt curta. M&#8217;he retardat en posar-me en marxa i ja he sortit molt tard de San Vicente de la Barquera, per\u00f2 m&#8217;aturo a dinar a Unquera, la darrera poblaci\u00f3 de Cant\u00e0bria, bressol d&#8217;unes pastes caracter\u00edstiques anomenades Corbatas. Despr\u00e9s de dinar travesso el pont del riu Deva que fa de frontera amb [&hellip;]\" \/>\n<meta property=\"og:url\" content=\"https:\/\/northiberianctc.com\/blog\/ca\/?p=384\" \/>\n<meta property=\"og:site_name\" content=\"Nord Ib\u00e8ric de costa a costa\" \/>\n<meta property=\"article:published_time\" content=\"2013-06-26T16:55:11+00:00\" \/>\n<meta property=\"article:modified_time\" content=\"2013-10-02T12:19:00+00:00\" \/>\n<meta property=\"og:image\" content=\"https:\/\/northiberianctc.com\/img\/stages\/29-ast.jpg\" \/>\n<meta name=\"author\" content=\"gerard\" \/>\n<meta name=\"twitter:label1\" content=\"Escrit per\" \/>\n\t<meta name=\"twitter:data1\" content=\"gerard\" \/>\n\t<meta name=\"twitter:label2\" content=\"Temps estimat de lectura\" \/>\n\t<meta name=\"twitter:data2\" content=\"1 minut\" \/>\n<script type=\"application\/ld+json\" class=\"yoast-schema-graph\">{\"@context\":\"https:\/\/schema.org\",\"@graph\":[{\"@type\":\"WebPage\",\"@id\":\"https:\/\/northiberianctc.com\/blog\/ca\/?p=384\",\"url\":\"https:\/\/northiberianctc.com\/blog\/ca\/?p=384\",\"name\":\"Etapa 29: San Vicente de la Barquera - Colombres - Nord Ib\u00e8ric de costa a costa\",\"isPartOf\":{\"@id\":\"https:\/\/northiberianctc.com\/blog\/ca\/#website\"},\"primaryImageOfPage\":{\"@id\":\"https:\/\/northiberianctc.com\/blog\/ca\/?p=384#primaryimage\"},\"image\":{\"@id\":\"https:\/\/northiberianctc.com\/blog\/ca\/?p=384#primaryimage\"},\"thumbnailUrl\":\"https:\/\/northiberianctc.com\/img\/stages\/29-ast.jpg\",\"datePublished\":\"2013-06-26T16:55:11+00:00\",\"dateModified\":\"2013-10-02T12:19:00+00:00\",\"author\":{\"@id\":\"https:\/\/northiberianctc.com\/blog\/ca\/#\/schema\/person\/bf4335cdd9e1c68e5396ab9deacbf1a5\"},\"breadcrumb\":{\"@id\":\"https:\/\/northiberianctc.com\/blog\/ca\/?p=384#breadcrumb\"},\"inLanguage\":\"ca\",\"potentialAction\":[{\"@type\":\"ReadAction\",\"target\":[\"https:\/\/northiberianctc.com\/blog\/ca\/?p=384\"]}]},{\"@type\":\"ImageObject\",\"inLanguage\":\"ca\",\"@id\":\"https:\/\/northiberianctc.com\/blog\/ca\/?p=384#primaryimage\",\"url\":\"https:\/\/northiberianctc.com\/img\/stages\/29-ast.jpg\",\"contentUrl\":\"https:\/\/northiberianctc.com\/img\/stages\/29-ast.jpg\"},{\"@type\":\"BreadcrumbList\",\"@id\":\"https:\/\/northiberianctc.com\/blog\/ca\/?p=384#breadcrumb\",\"itemListElement\":[{\"@type\":\"ListItem\",\"position\":1,\"name\":\"Home\",\"item\":\"https:\/\/northiberianctc.com\/blog\/ca\/\"},{\"@type\":\"ListItem\",\"position\":2,\"name\":\"Etapa 29: San Vicente de la Barquera &#8211; Colombres\"}]},{\"@type\":\"WebSite\",\"@id\":\"https:\/\/northiberianctc.com\/blog\/ca\/#website\",\"url\":\"https:\/\/northiberianctc.com\/blog\/ca\/\",\"name\":\"Nord Ib\u00e8ric de costa a costa\",\"description\":\"Nord de la Pen\u00ednsula Ib\u00e8rica, 2.400 km d&#039;experi\u00e8ncia en bicicleta de muntanya\",\"potentialAction\":[{\"@type\":\"SearchAction\",\"target\":{\"@type\":\"EntryPoint\",\"urlTemplate\":\"https:\/\/northiberianctc.com\/blog\/ca\/?s={search_term_string}\"},\"query-input\":{\"@type\":\"PropertyValueSpecification\",\"valueRequired\":true,\"valueName\":\"search_term_string\"}}],\"inLanguage\":\"ca\"},{\"@type\":\"Person\",\"@id\":\"https:\/\/northiberianctc.com\/blog\/ca\/#\/schema\/person\/bf4335cdd9e1c68e5396ab9deacbf1a5\",\"name\":\"gerard\",\"image\":{\"@type\":\"ImageObject\",\"inLanguage\":\"ca\",\"@id\":\"https:\/\/northiberianctc.com\/blog\/ca\/#\/schema\/person\/image\/\",\"url\":\"https:\/\/secure.gravatar.com\/avatar\/0878a6750dc6aa874826b162dc943830?s=96&d=mm&r=g\",\"contentUrl\":\"https:\/\/secure.gravatar.com\/avatar\/0878a6750dc6aa874826b162dc943830?s=96&d=mm&r=g\",\"caption\":\"gerard\"},\"url\":\"https:\/\/northiberianctc.com\/blog\/ca\/?author=1\"}]}<\/script>\n<!-- \/ Yoast SEO plugin. -->","yoast_head_json":{"title":"Etapa 29: San Vicente de la Barquera - Colombres  - Nord Ib\u00e8ric de costa a costa","robots":{"index":"index","follow":"follow","max-snippet":"max-snippet:-1","max-image-preview":"max-image-preview:large","max-video-preview":"max-video-preview:-1"},"canonical":"https:\/\/northiberianctc.com\/blog\/ca\/?p=384","og_locale":"ca_ES","og_type":"article","og_title":"Etapa 29: San Vicente de la Barquera - Colombres  - Nord Ib\u00e8ric de costa a costa","og_description":"Aquesta \u00e9s una etapa molt curta. M&#8217;he retardat en posar-me en marxa i ja he sortit molt tard de San Vicente de la Barquera, per\u00f2 m&#8217;aturo a dinar a Unquera, la darrera poblaci\u00f3 de Cant\u00e0bria, bressol d&#8217;unes pastes caracter\u00edstiques anomenades Corbatas. Despr\u00e9s de dinar travesso el pont del riu Deva que fa de frontera amb [&hellip;]","og_url":"https:\/\/northiberianctc.com\/blog\/ca\/?p=384","og_site_name":"Nord Ib\u00e8ric de costa a costa","article_published_time":"2013-06-26T16:55:11+00:00","article_modified_time":"2013-10-02T12:19:00+00:00","og_image":[{"url":"https:\/\/northiberianctc.com\/img\/stages\/29-ast.jpg","type":"","width":"","height":""}],"author":"gerard","twitter_misc":{"Escrit per":"gerard","Temps estimat de lectura":"1 minut"},"schema":{"@context":"https:\/\/schema.org","@graph":[{"@type":"WebPage","@id":"https:\/\/northiberianctc.com\/blog\/ca\/?p=384","url":"https:\/\/northiberianctc.com\/blog\/ca\/?p=384","name":"Etapa 29: San Vicente de la Barquera - Colombres - Nord Ib\u00e8ric de costa a costa","isPartOf":{"@id":"https:\/\/northiberianctc.com\/blog\/ca\/#website"},"primaryImageOfPage":{"@id":"https:\/\/northiberianctc.com\/blog\/ca\/?p=384#primaryimage"},"image":{"@id":"https:\/\/northiberianctc.com\/blog\/ca\/?p=384#primaryimage"},"thumbnailUrl":"https:\/\/northiberianctc.com\/img\/stages\/29-ast.jpg","datePublished":"2013-06-26T16:55:11+00:00","dateModified":"2013-10-02T12:19:00+00:00","author":{"@id":"https:\/\/northiberianctc.com\/blog\/ca\/#\/schema\/person\/bf4335cdd9e1c68e5396ab9deacbf1a5"},"breadcrumb":{"@id":"https:\/\/northiberianctc.com\/blog\/ca\/?p=384#breadcrumb"},"inLanguage":"ca","potentialAction":[{"@type":"ReadAction","target":["https:\/\/northiberianctc.com\/blog\/ca\/?p=384"]}]},{"@type":"ImageObject","inLanguage":"ca","@id":"https:\/\/northiberianctc.com\/blog\/ca\/?p=384#primaryimage","url":"https:\/\/northiberianctc.com\/img\/stages\/29-ast.jpg","contentUrl":"https:\/\/northiberianctc.com\/img\/stages\/29-ast.jpg"},{"@type":"BreadcrumbList","@id":"https:\/\/northiberianctc.com\/blog\/ca\/?p=384#breadcrumb","itemListElement":[{"@type":"ListItem","position":1,"name":"Home","item":"https:\/\/northiberianctc.com\/blog\/ca\/"},{"@type":"ListItem","position":2,"name":"Etapa 29: San Vicente de la Barquera &#8211; Colombres"}]},{"@type":"WebSite","@id":"https:\/\/northiberianctc.com\/blog\/ca\/#website","url":"https:\/\/northiberianctc.com\/blog\/ca\/","name":"Nord Ib\u00e8ric de costa a costa","description":"Nord de la Pen\u00ednsula Ib\u00e8rica, 2.400 km d&#039;experi\u00e8ncia en bicicleta de muntanya","potentialAction":[{"@type":"SearchAction","target":{"@type":"EntryPoint","urlTemplate":"https:\/\/northiberianctc.com\/blog\/ca\/?s={search_term_string}"},"query-input":{"@type":"PropertyValueSpecification","valueRequired":true,"valueName":"search_term_string"}}],"inLanguage":"ca"},{"@type":"Person","@id":"https:\/\/northiberianctc.com\/blog\/ca\/#\/schema\/person\/bf4335cdd9e1c68e5396ab9deacbf1a5","name":"gerard","image":{"@type":"ImageObject","inLanguage":"ca","@id":"https:\/\/northiberianctc.com\/blog\/ca\/#\/schema\/person\/image\/","url":"https:\/\/secure.gravatar.com\/avatar\/0878a6750dc6aa874826b162dc943830?s=96&d=mm&r=g","contentUrl":"https:\/\/secure.gravatar.com\/avatar\/0878a6750dc6aa874826b162dc943830?s=96&d=mm&r=g","caption":"gerard"},"url":"https:\/\/northiberianctc.com\/blog\/ca\/?author=1"}]}},"_links":{"self":[{"href":"https:\/\/northiberianctc.com\/blog\/ca\/index.php?rest_route=\/wp\/v2\/posts\/384"}],"collection":[{"href":"https:\/\/northiberianctc.com\/blog\/ca\/index.php?rest_route=\/wp\/v2\/posts"}],"about":[{"href":"https:\/\/northiberianctc.com\/blog\/ca\/index.php?rest_route=\/wp\/v2\/types\/post"}],"author":[{"embeddable":true,"href":"https:\/\/northiberianctc.com\/blog\/ca\/index.php?rest_route=\/wp\/v2\/users\/1"}],"replies":[{"embeddable":true,"href":"https:\/\/northiberianctc.com\/blog\/ca\/index.php?rest_route=%2Fwp%2Fv2%2Fcomments&post=384"}],"version-history":[{"count":7,"href":"https:\/\/northiberianctc.com\/blog\/ca\/index.php?rest_route=\/wp\/v2\/posts\/384\/revisions"}],"predecessor-version":[{"id":386,"href":"https:\/\/northiberianctc.com\/blog\/ca\/index.php?rest_route=\/wp\/v2\/posts\/384\/revisions\/386"}],"wp:attachment":[{"href":"https:\/\/northiberianctc.com\/blog\/ca\/index.php?rest_route=%2Fwp%2Fv2%2Fmedia&parent=384"}],"wp:term":[{"taxonomy":"category","embeddable":true,"href":"https:\/\/northiberianctc.com\/blog\/ca\/index.php?rest_route=%2Fwp%2Fv2%2Fcategories&post=384"},{"taxonomy":"post_tag","embeddable":true,"href":"https:\/\/northiberianctc.com\/blog\/ca\/index.php?rest_route=%2Fwp%2Fv2%2Ftags&post=384"}],"curies":[{"name":"wp","href":"https:\/\/api.w.org\/{rel}","templated":true}]}}