{"id":389,"date":"2013-06-28T17:00:37","date_gmt":"2013-06-28T17:00:37","guid":{"rendered":"http:\/\/northiberianctc.com\/blog\/ca\/?p=389"},"modified":"2013-10-02T12:20:40","modified_gmt":"2013-10-02T12:20:40","slug":"etapa-30-colombres-san-esteban-de-leces","status":"publish","type":"post","link":"https:\/\/northiberianctc.com\/blog\/ca\/?p=389","title":{"rendered":"Etapa 30: Colombres \u2013 San Esteban de Leces"},"content":{"rendered":"<p><img loading=\"lazy\" decoding=\"async\" class=\"alignright\" alt=\"Colombres \u2013 San Esteban de Leces\" src=\"https:\/\/northiberianctc.com\/img\/stages\/30-ast.jpg\" width=\"320\" height=\"195\" \/>Despr\u00e9s d&#8217;habitar un dia sencer a Colombres la meitat de l&#8217;etapa d&#8217;avui ser\u00e0 per carreteres generals i l&#8217;altra meitat per carreteres secund\u00e0ries properes a la costa, sense dificultats remarcables i amb pendents suaus. Es pot destacar el Mirador de San Antol\u00edn, m\u00e9s o menys a mitja etapa, des del qual es veuen algunes de les platges m\u00e9s conegudes d&#8217;Ast\u00faries, com Ballota i Andr\u00edn.<\/p>\n<p>En principi Ribadesella era el meu dest\u00ed del dia, per\u00f2 he decidit passejar-m&#8217;hi una estona per\u00f2 anar a dormir a San Esteban de Leces, on hi ha un alberg de pelegrins del propi Principat d&#8217;Ast\u00faries i aix\u00ed veur\u00e9 en quines condicions estan els albergs p\u00fablics.<\/p>\n<p>Ribadesella \u00e9s una poblaci\u00f3 tur\u00edstica i de dimensions mitjanes, un lloc ideal per menjar i estar-s&#8217;hi, per\u00f2 no \u00e9s pas un lloc tranquil, i els meus problemes de tendinitis m&#8217;obliguen a fer rep\u00f2s. A San Esteban de Leces s&#8217;hi arriba despr\u00e9s d&#8217;una pujada de cinc quil\u00f2metres des de Ribadesella, per\u00f2 l&#8217;endem\u00e0 es comen\u00e7a amb uns quants quil\u00f2metres de baixada per carretera.<\/p>\n<p>A l&#8217;alberg de San Esteban no hi ha gaires serveis i el nucli urb\u00e0 no t\u00e9 ni un bar, per\u00f2 per all\u00ed passen venedors ambulants de menjar de tota mena i un bar-restaurant d&#8217;un altre poble porta per enc\u00e0rrec menjar recent fet, molt bo i a bon preu, per qui no vulgui preparar-se el sopar.<\/p>\n<div style=\"margin: 0 auto 0 auto; width: 400px;\"><iframe loading=\"lazy\" src=\"https:\/\/ssl.panoramio.com\/wapi\/template\/photo.html?user=7124452&amp;tag=stage30nictc&amp;bgcolor=%23FFFFFF\" height=\"400\" width=\"500\" frameborder=\"0\" marginwidth=\"0\" marginheight=\"0\" scrolling=\"no\"><\/iframe><\/div>\n<p><strong>Etapa 30 a Wikiloc<\/strong>: <a title=\"etapa 30\" href=\"http:\/\/ca.wikiloc.com\/wikiloc\/view.do?id=4973552\">http:\/\/ca.wikiloc.com\/wikiloc\/view.do?id=4973552<\/a><\/p>\n<p><strong>Track GPS Etapa 30 per descarregar<\/strong>: <a title=\"track 30\" href=\"http:\/\/goo.gl\/NFoypK\">http:\/\/goo.gl\/NFoypK<\/a><\/p>\n<p><strong>Dist\u00e0ncies<\/strong>: Pensi\u00f3n Oyambre \u2013 Alberg de San Esteban de Leces 59 km<\/p>\n<p><strong>Poblacions<\/strong>:<\/p>\n<div style=\"width: 210px\" class=\"wp-caption alignright\"><img loading=\"lazy\" decoding=\"async\" alt=\"Descarregueu el track 30 amb BIDI QR\" src=\"https:\/\/northiberianctc.com\/img\/qr\/30-ast.png\" width=\"200\" height=\"200\" \/><p class=\"wp-caption-text\">Descarregueu el track 30 amb BIDI QR<\/p><\/div>\n<p>El Peral<br \/>\nLa Franca<br \/>\nBuelna<br \/>\nPendueles<br \/>\nVidiago<br \/>\nAndr\u00edn<br \/>\nLlanes<br \/>\nPoo<br \/>\nCelorrio<br \/>\nBarro<br \/>\nNiembru<br \/>\nNaves<br \/>\nVillahormes<br \/>\nNueva<br \/>\nPi\u00f1eres<br \/>\nSilviella<br \/>\nBelmonte<br \/>\nCuerres<br \/>\nToriello<br \/>\nRibadesella<br \/>\nSan Esteban de Leces<\/p>\n<p><strong>Preu de l&#8217;allotjament<\/strong>: 6 euros.<\/p>\n<p><strong><a title=\"Stage 30\" href=\"https:\/\/northiberianctc.com\/blog\/en\/?p=285\" rel=\"alternate\" hreflang=\"en\">Stage 30 in English<\/a><\/strong> \u00b7 <strong><a title=\"Etapa 30\" href=\"https:\/\/northiberianctc.com\/blog\/es\/?p=211\" rel=\"alternate\" hreflang=\"es\">Etapa 30 en castellano<\/a><\/strong><\/p>\n","protected":false},"excerpt":{"rendered":"<p>Despr\u00e9s d&#8217;habitar un dia sencer a Colombres la meitat de l&#8217;etapa d&#8217;avui ser\u00e0 per carreteres generals i l&#8217;altra meitat per carreteres secund\u00e0ries properes a la costa, sense dificultats remarcables i amb pendents suaus. Es pot destacar el Mirador de San Antol\u00edn, m\u00e9s o menys a mitja etapa, des del qual es veuen algunes de les [&hellip;]<\/p>\n","protected":false},"author":1,"featured_media":0,"comment_status":"open","ping_status":"open","sticky":false,"template":"","format":"standard","meta":{"footnotes":""},"categories":[1],"tags":[],"yoast_head":"<!-- This site is optimized with the Yoast SEO plugin v24.5 - https:\/\/yoast.com\/wordpress\/plugins\/seo\/ -->\n<title>Etapa 30: Colombres \u2013 San Esteban de Leces - Nord Ib\u00e8ric de costa a costa<\/title>\n<meta name=\"robots\" content=\"index, follow, max-snippet:-1, max-image-preview:large, max-video-preview:-1\" \/>\n<link rel=\"canonical\" href=\"https:\/\/northiberianctc.com\/blog\/ca\/?p=389\" \/>\n<meta property=\"og:locale\" content=\"ca_ES\" \/>\n<meta property=\"og:type\" content=\"article\" \/>\n<meta property=\"og:title\" content=\"Etapa 30: Colombres \u2013 San Esteban de Leces - Nord Ib\u00e8ric de costa a costa\" \/>\n<meta property=\"og:description\" content=\"Despr\u00e9s d&#8217;habitar un dia sencer a Colombres la meitat de l&#8217;etapa d&#8217;avui ser\u00e0 per carreteres generals i l&#8217;altra meitat per carreteres secund\u00e0ries properes a la costa, sense dificultats remarcables i amb pendents suaus. Es pot destacar el Mirador de San Antol\u00edn, m\u00e9s o menys a mitja etapa, des del qual es veuen algunes de les [&hellip;]\" \/>\n<meta property=\"og:url\" content=\"https:\/\/northiberianctc.com\/blog\/ca\/?p=389\" \/>\n<meta property=\"og:site_name\" content=\"Nord Ib\u00e8ric de costa a costa\" \/>\n<meta property=\"article:published_time\" content=\"2013-06-28T17:00:37+00:00\" \/>\n<meta property=\"article:modified_time\" content=\"2013-10-02T12:20:40+00:00\" \/>\n<meta property=\"og:image\" content=\"https:\/\/northiberianctc.com\/img\/stages\/30-ast.jpg\" \/>\n<meta name=\"author\" content=\"gerard\" \/>\n<meta name=\"twitter:label1\" content=\"Escrit per\" \/>\n\t<meta name=\"twitter:data1\" content=\"gerard\" \/>\n\t<meta name=\"twitter:label2\" content=\"Temps estimat de lectura\" \/>\n\t<meta name=\"twitter:data2\" content=\"2 minuts\" \/>\n<script type=\"application\/ld+json\" class=\"yoast-schema-graph\">{\"@context\":\"https:\/\/schema.org\",\"@graph\":[{\"@type\":\"WebPage\",\"@id\":\"https:\/\/northiberianctc.com\/blog\/ca\/?p=389\",\"url\":\"https:\/\/northiberianctc.com\/blog\/ca\/?p=389\",\"name\":\"Etapa 30: Colombres \u2013 San Esteban de Leces - Nord Ib\u00e8ric de costa a costa\",\"isPartOf\":{\"@id\":\"https:\/\/northiberianctc.com\/blog\/ca\/#website\"},\"primaryImageOfPage\":{\"@id\":\"https:\/\/northiberianctc.com\/blog\/ca\/?p=389#primaryimage\"},\"image\":{\"@id\":\"https:\/\/northiberianctc.com\/blog\/ca\/?p=389#primaryimage\"},\"thumbnailUrl\":\"https:\/\/northiberianctc.com\/img\/stages\/30-ast.jpg\",\"datePublished\":\"2013-06-28T17:00:37+00:00\",\"dateModified\":\"2013-10-02T12:20:40+00:00\",\"author\":{\"@id\":\"https:\/\/northiberianctc.com\/blog\/ca\/#\/schema\/person\/bf4335cdd9e1c68e5396ab9deacbf1a5\"},\"breadcrumb\":{\"@id\":\"https:\/\/northiberianctc.com\/blog\/ca\/?p=389#breadcrumb\"},\"inLanguage\":\"ca\",\"potentialAction\":[{\"@type\":\"ReadAction\",\"target\":[\"https:\/\/northiberianctc.com\/blog\/ca\/?p=389\"]}]},{\"@type\":\"ImageObject\",\"inLanguage\":\"ca\",\"@id\":\"https:\/\/northiberianctc.com\/blog\/ca\/?p=389#primaryimage\",\"url\":\"https:\/\/northiberianctc.com\/img\/stages\/30-ast.jpg\",\"contentUrl\":\"https:\/\/northiberianctc.com\/img\/stages\/30-ast.jpg\"},{\"@type\":\"BreadcrumbList\",\"@id\":\"https:\/\/northiberianctc.com\/blog\/ca\/?p=389#breadcrumb\",\"itemListElement\":[{\"@type\":\"ListItem\",\"position\":1,\"name\":\"Home\",\"item\":\"https:\/\/northiberianctc.com\/blog\/ca\/\"},{\"@type\":\"ListItem\",\"position\":2,\"name\":\"Etapa 30: Colombres \u2013 San Esteban de Leces\"}]},{\"@type\":\"WebSite\",\"@id\":\"https:\/\/northiberianctc.com\/blog\/ca\/#website\",\"url\":\"https:\/\/northiberianctc.com\/blog\/ca\/\",\"name\":\"Nord Ib\u00e8ric de costa a costa\",\"description\":\"Nord de la Pen\u00ednsula Ib\u00e8rica, 2.400 km d&#039;experi\u00e8ncia en bicicleta de muntanya\",\"potentialAction\":[{\"@type\":\"SearchAction\",\"target\":{\"@type\":\"EntryPoint\",\"urlTemplate\":\"https:\/\/northiberianctc.com\/blog\/ca\/?s={search_term_string}\"},\"query-input\":{\"@type\":\"PropertyValueSpecification\",\"valueRequired\":true,\"valueName\":\"search_term_string\"}}],\"inLanguage\":\"ca\"},{\"@type\":\"Person\",\"@id\":\"https:\/\/northiberianctc.com\/blog\/ca\/#\/schema\/person\/bf4335cdd9e1c68e5396ab9deacbf1a5\",\"name\":\"gerard\",\"image\":{\"@type\":\"ImageObject\",\"inLanguage\":\"ca\",\"@id\":\"https:\/\/northiberianctc.com\/blog\/ca\/#\/schema\/person\/image\/\",\"url\":\"https:\/\/secure.gravatar.com\/avatar\/0878a6750dc6aa874826b162dc943830?s=96&d=mm&r=g\",\"contentUrl\":\"https:\/\/secure.gravatar.com\/avatar\/0878a6750dc6aa874826b162dc943830?s=96&d=mm&r=g\",\"caption\":\"gerard\"},\"url\":\"https:\/\/northiberianctc.com\/blog\/ca\/?author=1\"}]}<\/script>\n<!-- \/ Yoast SEO plugin. -->","yoast_head_json":{"title":"Etapa 30: Colombres \u2013 San Esteban de Leces - Nord Ib\u00e8ric de costa a costa","robots":{"index":"index","follow":"follow","max-snippet":"max-snippet:-1","max-image-preview":"max-image-preview:large","max-video-preview":"max-video-preview:-1"},"canonical":"https:\/\/northiberianctc.com\/blog\/ca\/?p=389","og_locale":"ca_ES","og_type":"article","og_title":"Etapa 30: Colombres \u2013 San Esteban de Leces - Nord Ib\u00e8ric de costa a costa","og_description":"Despr\u00e9s d&#8217;habitar un dia sencer a Colombres la meitat de l&#8217;etapa d&#8217;avui ser\u00e0 per carreteres generals i l&#8217;altra meitat per carreteres secund\u00e0ries properes a la costa, sense dificultats remarcables i amb pendents suaus. Es pot destacar el Mirador de San Antol\u00edn, m\u00e9s o menys a mitja etapa, des del qual es veuen algunes de les [&hellip;]","og_url":"https:\/\/northiberianctc.com\/blog\/ca\/?p=389","og_site_name":"Nord Ib\u00e8ric de costa a costa","article_published_time":"2013-06-28T17:00:37+00:00","article_modified_time":"2013-10-02T12:20:40+00:00","og_image":[{"url":"https:\/\/northiberianctc.com\/img\/stages\/30-ast.jpg","type":"","width":"","height":""}],"author":"gerard","twitter_misc":{"Escrit per":"gerard","Temps estimat de lectura":"2 minuts"},"schema":{"@context":"https:\/\/schema.org","@graph":[{"@type":"WebPage","@id":"https:\/\/northiberianctc.com\/blog\/ca\/?p=389","url":"https:\/\/northiberianctc.com\/blog\/ca\/?p=389","name":"Etapa 30: Colombres \u2013 San Esteban de Leces - Nord Ib\u00e8ric de costa a costa","isPartOf":{"@id":"https:\/\/northiberianctc.com\/blog\/ca\/#website"},"primaryImageOfPage":{"@id":"https:\/\/northiberianctc.com\/blog\/ca\/?p=389#primaryimage"},"image":{"@id":"https:\/\/northiberianctc.com\/blog\/ca\/?p=389#primaryimage"},"thumbnailUrl":"https:\/\/northiberianctc.com\/img\/stages\/30-ast.jpg","datePublished":"2013-06-28T17:00:37+00:00","dateModified":"2013-10-02T12:20:40+00:00","author":{"@id":"https:\/\/northiberianctc.com\/blog\/ca\/#\/schema\/person\/bf4335cdd9e1c68e5396ab9deacbf1a5"},"breadcrumb":{"@id":"https:\/\/northiberianctc.com\/blog\/ca\/?p=389#breadcrumb"},"inLanguage":"ca","potentialAction":[{"@type":"ReadAction","target":["https:\/\/northiberianctc.com\/blog\/ca\/?p=389"]}]},{"@type":"ImageObject","inLanguage":"ca","@id":"https:\/\/northiberianctc.com\/blog\/ca\/?p=389#primaryimage","url":"https:\/\/northiberianctc.com\/img\/stages\/30-ast.jpg","contentUrl":"https:\/\/northiberianctc.com\/img\/stages\/30-ast.jpg"},{"@type":"BreadcrumbList","@id":"https:\/\/northiberianctc.com\/blog\/ca\/?p=389#breadcrumb","itemListElement":[{"@type":"ListItem","position":1,"name":"Home","item":"https:\/\/northiberianctc.com\/blog\/ca\/"},{"@type":"ListItem","position":2,"name":"Etapa 30: Colombres \u2013 San Esteban de Leces"}]},{"@type":"WebSite","@id":"https:\/\/northiberianctc.com\/blog\/ca\/#website","url":"https:\/\/northiberianctc.com\/blog\/ca\/","name":"Nord Ib\u00e8ric de costa a costa","description":"Nord de la Pen\u00ednsula Ib\u00e8rica, 2.400 km d&#039;experi\u00e8ncia en bicicleta de muntanya","potentialAction":[{"@type":"SearchAction","target":{"@type":"EntryPoint","urlTemplate":"https:\/\/northiberianctc.com\/blog\/ca\/?s={search_term_string}"},"query-input":{"@type":"PropertyValueSpecification","valueRequired":true,"valueName":"search_term_string"}}],"inLanguage":"ca"},{"@type":"Person","@id":"https:\/\/northiberianctc.com\/blog\/ca\/#\/schema\/person\/bf4335cdd9e1c68e5396ab9deacbf1a5","name":"gerard","image":{"@type":"ImageObject","inLanguage":"ca","@id":"https:\/\/northiberianctc.com\/blog\/ca\/#\/schema\/person\/image\/","url":"https:\/\/secure.gravatar.com\/avatar\/0878a6750dc6aa874826b162dc943830?s=96&d=mm&r=g","contentUrl":"https:\/\/secure.gravatar.com\/avatar\/0878a6750dc6aa874826b162dc943830?s=96&d=mm&r=g","caption":"gerard"},"url":"https:\/\/northiberianctc.com\/blog\/ca\/?author=1"}]}},"_links":{"self":[{"href":"https:\/\/northiberianctc.com\/blog\/ca\/index.php?rest_route=\/wp\/v2\/posts\/389"}],"collection":[{"href":"https:\/\/northiberianctc.com\/blog\/ca\/index.php?rest_route=\/wp\/v2\/posts"}],"about":[{"href":"https:\/\/northiberianctc.com\/blog\/ca\/index.php?rest_route=\/wp\/v2\/types\/post"}],"author":[{"embeddable":true,"href":"https:\/\/northiberianctc.com\/blog\/ca\/index.php?rest_route=\/wp\/v2\/users\/1"}],"replies":[{"embeddable":true,"href":"https:\/\/northiberianctc.com\/blog\/ca\/index.php?rest_route=%2Fwp%2Fv2%2Fcomments&post=389"}],"version-history":[{"count":6,"href":"https:\/\/northiberianctc.com\/blog\/ca\/index.php?rest_route=\/wp\/v2\/posts\/389\/revisions"}],"predecessor-version":[{"id":391,"href":"https:\/\/northiberianctc.com\/blog\/ca\/index.php?rest_route=\/wp\/v2\/posts\/389\/revisions\/391"}],"wp:attachment":[{"href":"https:\/\/northiberianctc.com\/blog\/ca\/index.php?rest_route=%2Fwp%2Fv2%2Fmedia&parent=389"}],"wp:term":[{"taxonomy":"category","embeddable":true,"href":"https:\/\/northiberianctc.com\/blog\/ca\/index.php?rest_route=%2Fwp%2Fv2%2Fcategories&post=389"},{"taxonomy":"post_tag","embeddable":true,"href":"https:\/\/northiberianctc.com\/blog\/ca\/index.php?rest_route=%2Fwp%2Fv2%2Ftags&post=389"}],"curies":[{"name":"wp","href":"https:\/\/api.w.org\/{rel}","templated":true}]}}