{"id":410,"date":"2013-07-03T17:25:35","date_gmt":"2013-07-03T17:25:35","guid":{"rendered":"http:\/\/northiberianctc.com\/blog\/ca\/?p=410"},"modified":"2013-10-02T12:28:26","modified_gmt":"2013-10-02T12:28:26","slug":"etapa-35-pinera-castropol-ribadeo","status":"publish","type":"post","link":"https:\/\/northiberianctc.com\/blog\/ca\/?p=410","title":{"rendered":"Etapa 35: Pi\u00f1era \u2013 Castropol \u2013 Ribadeo"},"content":{"rendered":"<p><img loading=\"lazy\" decoding=\"async\" class=\"alignright\" alt=\"Pi\u00f1era \u2013 Castropol \u2013 Ribadeo\" src=\"https:\/\/northiberianctc.com\/img\/stages\/35-ast.jpg\" width=\"320\" height=\"195\" \/>Aquesta \u00e9s l&#8217;etapa en que entrarem a Gal\u00edcia i abandonarem el paral\u00b7lelisme amb el Cam\u00ed del Nord de Sant Jaume. Es pot fer curta o molt llarga, depenent de les ganes que tinguem de pedalar, ja que pot tenir 55 km o 35 km en funci\u00f3 de si agafem la barqueta de pas de Castropol o anem en bici donant el tomb a la ria.<\/p>\n<p>Aquesta \u00e9s una etapa sense altibaixos, amb pendents moderats i sense ports de muntanya, de manera que es fa molt assequible arribar a Ribadeo per carretera. Sortim de Pi\u00f1era i anem cap a Navia, la poblaci\u00f3 m\u00e9s gran que trobarem en l&#8217;etapa d&#8217;avui, per\u00f2 tampoc no t\u00e9 molts atractius tur\u00edstics excepte unes platges netes i ben cuidades.<\/p>\n<p><img loading=\"lazy\" decoding=\"async\" class=\"alignright\" style=\"margin-left: 6px; margin-right: 6px;\" alt=\"Boat Castropol \u2013 Ribadeo\" src=\"https:\/\/northiberianctc.com\/img\/stages\/boat-gal.jpg\" width=\"320\" height=\"195\" \/>Si quan estem arribant a Ribadeo volem agafar la barqueta-taxi, haurem de baixar per la part dreta del poble, per l&#8217;Av. Galicia i despr\u00e9s anar al passeig del Muelle. En aquest web, <a title=\"tel\u00e8fon barca Castropol Ribadeo\" href=\"https:\/\/northiberianctc.com\/blog\/ca\/?page_id=14\">a l&#8217;apartat de recursos he deixat el tel\u00e8fon al qual s&#8217;ha de trucar per tal de <strong>parlar amb el barquer<\/strong><\/a>, que nom\u00e9s fa viatges sota demanda. Aix\u00ed ens podem estalviar 20 km per un preu de 5 euros.<\/p>\n<p>Un cop a Ribadeo, tenim una gran quantitat d&#8217;establiments per hostatjar-nos, i fins i tot hi ha un alberg p\u00fablic del Cami\u00f1o de Santiago de la Xunta de Galicia. En el meu cas, al passar pel costat de l&#8217;alberg he trobat uns coneguts de dies anteriors, i he decidit acampar al costat de l&#8217;alberg amb perm\u00eds de l&#8217;ajuntament de Ribadeo.<\/p>\n<div style=\"margin: 0 auto 0 auto; width: 400px;\"><iframe loading=\"lazy\" src=\"https:\/\/ssl.panoramio.com\/wapi\/template\/photo.html?user=7124452&amp;tag=stage35nictc&amp;bgcolor=%23FFFFFF\" height=\"400\" width=\"500\" frameborder=\"0\" marginwidth=\"0\" marginheight=\"0\" scrolling=\"no\"><\/iframe><\/div>\n<p><strong>Etapa 35 a Wikiloc<\/strong>: <a title=\"etapa 35\" href=\"http:\/\/ca.wikiloc.com\/wikiloc\/view.do?id=4973623\">http:\/\/ca.wikiloc.com\/wikiloc\/view.do?id=4973623<\/a><br \/>\n<strong>Barca de pas a Wikiloc<\/strong>: <a title=\"etapa 35\" href=\"http:\/\/ca.wikiloc.com\/wikiloc\/view.do?id=4973616\">http:\/\/ca.wikiloc.com\/wikiloc\/view.do?id=4973616<\/a><\/p>\n<p><strong>Track GPS Etapa 35 per descarregar<\/strong>: <a title=\"track 35\" href=\"http:\/\/goo.gl\/j6m0iI\">http:\/\/goo.gl\/j6m0iI<\/a><br \/>\n<strong>Track GPS Barca de pas per descarregar<\/strong>: <a title=\"taxi boat\" href=\"http:\/\/goo.gl\/ZpC2ux\">http:\/\/goo.gl\/ZpC2ux<\/a><\/p>\n<p><strong>Dist\u00e0ncies<\/strong>: Alberg de Pi\u00f1era \u2013 Alberg de Ribadeo 35 km (o 57 km si no agafem la barca-taxi)<\/p>\n<p><strong>Poblacions<\/strong>:<\/p>\n<div style=\"width: 210px\" class=\"wp-caption alignright\"><img loading=\"lazy\" decoding=\"async\" alt=\"Descarregueu el track 35 amb BIDI QR\" src=\"https:\/\/northiberianctc.com\/img\/qr\/35-ast.png\" width=\"200\" height=\"200\" \/><p class=\"wp-caption-text\">Descarregueu el track 35 amb BIDI QR<\/p><\/div>\n<div style=\"width: 210px\" class=\"wp-caption alignright\"><img loading=\"lazy\" decoding=\"async\" alt=\"Descarregueu el track de la barca\" src=\"https:\/\/northiberianctc.com\/img\/qr\/boat-gal.png\" width=\"200\" height=\"200\" \/><p class=\"wp-caption-text\">Descarregueu el track de la barca<\/p><\/div>\n<p>Pi\u00f1era<br \/>\nFrejulfe<br \/>\nAnd\u00e9s<br \/>\nNavia<br \/>\nLa Reguera<br \/>\nOrtiguera<br \/>\nMedal<br \/>\nLugar Nuevo<br \/>\nLa Caridad<br \/>\nViav\u00e9lez<br \/>\nLa Muria<br \/>\nOl<br \/>\nCabaleiros<br \/>\nBecharro<br \/>\nEl Esquilo<br \/>\nCastro<br \/>\nCastropol<br \/>\nCornayo<br \/>\nA Veiga<br \/>\nPorto de Abaixo<br \/>\nAs Casasnovas<br \/>\nRibadeo<\/p>\n<p><strong><a title=\"Stage 35\" href=\"https:\/\/northiberianctc.com\/blog\/en\/?p=296\" rel=\"alternate\" hreflang=\"en\">Stage 35 in English<\/a><\/strong> \u00b7 <strong><a title=\"Etapa 35\" href=\"https:\/\/northiberianctc.com\/blog\/es\/?p=221\" rel=\"alternate\" hreflang=\"es\">Etapa 35 en castellano<\/a><\/strong><\/p>\n","protected":false},"excerpt":{"rendered":"<p>Aquesta \u00e9s l&#8217;etapa en que entrarem a Gal\u00edcia i abandonarem el paral\u00b7lelisme amb el Cam\u00ed del Nord de Sant Jaume. Es pot fer curta o molt llarga, depenent de les ganes que tinguem de pedalar, ja que pot tenir 55 km o 35 km en funci\u00f3 de si agafem la barqueta de pas de Castropol [&hellip;]<\/p>\n","protected":false},"author":1,"featured_media":0,"comment_status":"open","ping_status":"open","sticky":false,"template":"","format":"standard","meta":{"footnotes":""},"categories":[1],"tags":[],"yoast_head":"<!-- This site is optimized with the Yoast SEO plugin v24.5 - https:\/\/yoast.com\/wordpress\/plugins\/seo\/ -->\n<title>Etapa 35: Pi\u00f1era \u2013 Castropol \u2013 Ribadeo - Nord Ib\u00e8ric de costa a costa<\/title>\n<meta name=\"robots\" content=\"index, follow, max-snippet:-1, max-image-preview:large, max-video-preview:-1\" \/>\n<link rel=\"canonical\" href=\"https:\/\/northiberianctc.com\/blog\/ca\/?p=410\" \/>\n<meta property=\"og:locale\" content=\"ca_ES\" \/>\n<meta property=\"og:type\" content=\"article\" \/>\n<meta property=\"og:title\" content=\"Etapa 35: Pi\u00f1era \u2013 Castropol \u2013 Ribadeo - Nord Ib\u00e8ric de costa a costa\" \/>\n<meta property=\"og:description\" content=\"Aquesta \u00e9s l&#8217;etapa en que entrarem a Gal\u00edcia i abandonarem el paral\u00b7lelisme amb el Cam\u00ed del Nord de Sant Jaume. Es pot fer curta o molt llarga, depenent de les ganes que tinguem de pedalar, ja que pot tenir 55 km o 35 km en funci\u00f3 de si agafem la barqueta de pas de Castropol [&hellip;]\" \/>\n<meta property=\"og:url\" content=\"https:\/\/northiberianctc.com\/blog\/ca\/?p=410\" \/>\n<meta property=\"og:site_name\" content=\"Nord Ib\u00e8ric de costa a costa\" \/>\n<meta property=\"article:published_time\" content=\"2013-07-03T17:25:35+00:00\" \/>\n<meta property=\"article:modified_time\" content=\"2013-10-02T12:28:26+00:00\" \/>\n<meta property=\"og:image\" content=\"https:\/\/northiberianctc.com\/img\/stages\/35-ast.jpg\" \/>\n<meta name=\"author\" content=\"gerard\" \/>\n<meta name=\"twitter:label1\" content=\"Escrit per\" \/>\n\t<meta name=\"twitter:data1\" content=\"gerard\" \/>\n\t<meta name=\"twitter:label2\" content=\"Temps estimat de lectura\" \/>\n\t<meta name=\"twitter:data2\" content=\"2 minuts\" \/>\n<script type=\"application\/ld+json\" class=\"yoast-schema-graph\">{\"@context\":\"https:\/\/schema.org\",\"@graph\":[{\"@type\":\"WebPage\",\"@id\":\"https:\/\/northiberianctc.com\/blog\/ca\/?p=410\",\"url\":\"https:\/\/northiberianctc.com\/blog\/ca\/?p=410\",\"name\":\"Etapa 35: Pi\u00f1era \u2013 Castropol \u2013 Ribadeo - Nord Ib\u00e8ric de costa a costa\",\"isPartOf\":{\"@id\":\"https:\/\/northiberianctc.com\/blog\/ca\/#website\"},\"primaryImageOfPage\":{\"@id\":\"https:\/\/northiberianctc.com\/blog\/ca\/?p=410#primaryimage\"},\"image\":{\"@id\":\"https:\/\/northiberianctc.com\/blog\/ca\/?p=410#primaryimage\"},\"thumbnailUrl\":\"https:\/\/northiberianctc.com\/img\/stages\/35-ast.jpg\",\"datePublished\":\"2013-07-03T17:25:35+00:00\",\"dateModified\":\"2013-10-02T12:28:26+00:00\",\"author\":{\"@id\":\"https:\/\/northiberianctc.com\/blog\/ca\/#\/schema\/person\/bf4335cdd9e1c68e5396ab9deacbf1a5\"},\"breadcrumb\":{\"@id\":\"https:\/\/northiberianctc.com\/blog\/ca\/?p=410#breadcrumb\"},\"inLanguage\":\"ca\",\"potentialAction\":[{\"@type\":\"ReadAction\",\"target\":[\"https:\/\/northiberianctc.com\/blog\/ca\/?p=410\"]}]},{\"@type\":\"ImageObject\",\"inLanguage\":\"ca\",\"@id\":\"https:\/\/northiberianctc.com\/blog\/ca\/?p=410#primaryimage\",\"url\":\"https:\/\/northiberianctc.com\/img\/stages\/35-ast.jpg\",\"contentUrl\":\"https:\/\/northiberianctc.com\/img\/stages\/35-ast.jpg\"},{\"@type\":\"BreadcrumbList\",\"@id\":\"https:\/\/northiberianctc.com\/blog\/ca\/?p=410#breadcrumb\",\"itemListElement\":[{\"@type\":\"ListItem\",\"position\":1,\"name\":\"Home\",\"item\":\"https:\/\/northiberianctc.com\/blog\/ca\/\"},{\"@type\":\"ListItem\",\"position\":2,\"name\":\"Etapa 35: Pi\u00f1era \u2013 Castropol \u2013 Ribadeo\"}]},{\"@type\":\"WebSite\",\"@id\":\"https:\/\/northiberianctc.com\/blog\/ca\/#website\",\"url\":\"https:\/\/northiberianctc.com\/blog\/ca\/\",\"name\":\"Nord Ib\u00e8ric de costa a costa\",\"description\":\"Nord de la Pen\u00ednsula Ib\u00e8rica, 2.400 km d&#039;experi\u00e8ncia en bicicleta de muntanya\",\"potentialAction\":[{\"@type\":\"SearchAction\",\"target\":{\"@type\":\"EntryPoint\",\"urlTemplate\":\"https:\/\/northiberianctc.com\/blog\/ca\/?s={search_term_string}\"},\"query-input\":{\"@type\":\"PropertyValueSpecification\",\"valueRequired\":true,\"valueName\":\"search_term_string\"}}],\"inLanguage\":\"ca\"},{\"@type\":\"Person\",\"@id\":\"https:\/\/northiberianctc.com\/blog\/ca\/#\/schema\/person\/bf4335cdd9e1c68e5396ab9deacbf1a5\",\"name\":\"gerard\",\"image\":{\"@type\":\"ImageObject\",\"inLanguage\":\"ca\",\"@id\":\"https:\/\/northiberianctc.com\/blog\/ca\/#\/schema\/person\/image\/\",\"url\":\"https:\/\/secure.gravatar.com\/avatar\/0878a6750dc6aa874826b162dc943830?s=96&d=mm&r=g\",\"contentUrl\":\"https:\/\/secure.gravatar.com\/avatar\/0878a6750dc6aa874826b162dc943830?s=96&d=mm&r=g\",\"caption\":\"gerard\"},\"url\":\"https:\/\/northiberianctc.com\/blog\/ca\/?author=1\"}]}<\/script>\n<!-- \/ Yoast SEO plugin. -->","yoast_head_json":{"title":"Etapa 35: Pi\u00f1era \u2013 Castropol \u2013 Ribadeo - Nord Ib\u00e8ric de costa a costa","robots":{"index":"index","follow":"follow","max-snippet":"max-snippet:-1","max-image-preview":"max-image-preview:large","max-video-preview":"max-video-preview:-1"},"canonical":"https:\/\/northiberianctc.com\/blog\/ca\/?p=410","og_locale":"ca_ES","og_type":"article","og_title":"Etapa 35: Pi\u00f1era \u2013 Castropol \u2013 Ribadeo - Nord Ib\u00e8ric de costa a costa","og_description":"Aquesta \u00e9s l&#8217;etapa en que entrarem a Gal\u00edcia i abandonarem el paral\u00b7lelisme amb el Cam\u00ed del Nord de Sant Jaume. Es pot fer curta o molt llarga, depenent de les ganes que tinguem de pedalar, ja que pot tenir 55 km o 35 km en funci\u00f3 de si agafem la barqueta de pas de Castropol [&hellip;]","og_url":"https:\/\/northiberianctc.com\/blog\/ca\/?p=410","og_site_name":"Nord Ib\u00e8ric de costa a costa","article_published_time":"2013-07-03T17:25:35+00:00","article_modified_time":"2013-10-02T12:28:26+00:00","og_image":[{"url":"https:\/\/northiberianctc.com\/img\/stages\/35-ast.jpg","type":"","width":"","height":""}],"author":"gerard","twitter_misc":{"Escrit per":"gerard","Temps estimat de lectura":"2 minuts"},"schema":{"@context":"https:\/\/schema.org","@graph":[{"@type":"WebPage","@id":"https:\/\/northiberianctc.com\/blog\/ca\/?p=410","url":"https:\/\/northiberianctc.com\/blog\/ca\/?p=410","name":"Etapa 35: Pi\u00f1era \u2013 Castropol \u2013 Ribadeo - Nord Ib\u00e8ric de costa a costa","isPartOf":{"@id":"https:\/\/northiberianctc.com\/blog\/ca\/#website"},"primaryImageOfPage":{"@id":"https:\/\/northiberianctc.com\/blog\/ca\/?p=410#primaryimage"},"image":{"@id":"https:\/\/northiberianctc.com\/blog\/ca\/?p=410#primaryimage"},"thumbnailUrl":"https:\/\/northiberianctc.com\/img\/stages\/35-ast.jpg","datePublished":"2013-07-03T17:25:35+00:00","dateModified":"2013-10-02T12:28:26+00:00","author":{"@id":"https:\/\/northiberianctc.com\/blog\/ca\/#\/schema\/person\/bf4335cdd9e1c68e5396ab9deacbf1a5"},"breadcrumb":{"@id":"https:\/\/northiberianctc.com\/blog\/ca\/?p=410#breadcrumb"},"inLanguage":"ca","potentialAction":[{"@type":"ReadAction","target":["https:\/\/northiberianctc.com\/blog\/ca\/?p=410"]}]},{"@type":"ImageObject","inLanguage":"ca","@id":"https:\/\/northiberianctc.com\/blog\/ca\/?p=410#primaryimage","url":"https:\/\/northiberianctc.com\/img\/stages\/35-ast.jpg","contentUrl":"https:\/\/northiberianctc.com\/img\/stages\/35-ast.jpg"},{"@type":"BreadcrumbList","@id":"https:\/\/northiberianctc.com\/blog\/ca\/?p=410#breadcrumb","itemListElement":[{"@type":"ListItem","position":1,"name":"Home","item":"https:\/\/northiberianctc.com\/blog\/ca\/"},{"@type":"ListItem","position":2,"name":"Etapa 35: Pi\u00f1era \u2013 Castropol \u2013 Ribadeo"}]},{"@type":"WebSite","@id":"https:\/\/northiberianctc.com\/blog\/ca\/#website","url":"https:\/\/northiberianctc.com\/blog\/ca\/","name":"Nord Ib\u00e8ric de costa a costa","description":"Nord de la Pen\u00ednsula Ib\u00e8rica, 2.400 km d&#039;experi\u00e8ncia en bicicleta de muntanya","potentialAction":[{"@type":"SearchAction","target":{"@type":"EntryPoint","urlTemplate":"https:\/\/northiberianctc.com\/blog\/ca\/?s={search_term_string}"},"query-input":{"@type":"PropertyValueSpecification","valueRequired":true,"valueName":"search_term_string"}}],"inLanguage":"ca"},{"@type":"Person","@id":"https:\/\/northiberianctc.com\/blog\/ca\/#\/schema\/person\/bf4335cdd9e1c68e5396ab9deacbf1a5","name":"gerard","image":{"@type":"ImageObject","inLanguage":"ca","@id":"https:\/\/northiberianctc.com\/blog\/ca\/#\/schema\/person\/image\/","url":"https:\/\/secure.gravatar.com\/avatar\/0878a6750dc6aa874826b162dc943830?s=96&d=mm&r=g","contentUrl":"https:\/\/secure.gravatar.com\/avatar\/0878a6750dc6aa874826b162dc943830?s=96&d=mm&r=g","caption":"gerard"},"url":"https:\/\/northiberianctc.com\/blog\/ca\/?author=1"}]}},"_links":{"self":[{"href":"https:\/\/northiberianctc.com\/blog\/ca\/index.php?rest_route=\/wp\/v2\/posts\/410"}],"collection":[{"href":"https:\/\/northiberianctc.com\/blog\/ca\/index.php?rest_route=\/wp\/v2\/posts"}],"about":[{"href":"https:\/\/northiberianctc.com\/blog\/ca\/index.php?rest_route=\/wp\/v2\/types\/post"}],"author":[{"embeddable":true,"href":"https:\/\/northiberianctc.com\/blog\/ca\/index.php?rest_route=\/wp\/v2\/users\/1"}],"replies":[{"embeddable":true,"href":"https:\/\/northiberianctc.com\/blog\/ca\/index.php?rest_route=%2Fwp%2Fv2%2Fcomments&post=410"}],"version-history":[{"count":14,"href":"https:\/\/northiberianctc.com\/blog\/ca\/index.php?rest_route=\/wp\/v2\/posts\/410\/revisions"}],"predecessor-version":[{"id":412,"href":"https:\/\/northiberianctc.com\/blog\/ca\/index.php?rest_route=\/wp\/v2\/posts\/410\/revisions\/412"}],"wp:attachment":[{"href":"https:\/\/northiberianctc.com\/blog\/ca\/index.php?rest_route=%2Fwp%2Fv2%2Fmedia&parent=410"}],"wp:term":[{"taxonomy":"category","embeddable":true,"href":"https:\/\/northiberianctc.com\/blog\/ca\/index.php?rest_route=%2Fwp%2Fv2%2Fcategories&post=410"},{"taxonomy":"post_tag","embeddable":true,"href":"https:\/\/northiberianctc.com\/blog\/ca\/index.php?rest_route=%2Fwp%2Fv2%2Ftags&post=410"}],"curies":[{"name":"wp","href":"https:\/\/api.w.org\/{rel}","templated":true}]}}