{"id":437,"date":"2013-07-06T11:35:18","date_gmt":"2013-07-06T11:35:18","guid":{"rendered":"http:\/\/northiberianctc.com\/blog\/ca\/?p=437"},"modified":"2013-10-02T12:33:19","modified_gmt":"2013-10-02T12:33:19","slug":"etapa-37-viveiro-carino-cabo-ortegal","status":"publish","type":"post","link":"https:\/\/northiberianctc.com\/blog\/ca\/?p=437","title":{"rendered":"Etapa 37: Viveiro \u2013 Cari\u00f1o \u2013 Cabo Ortegal"},"content":{"rendered":"<p><img loading=\"lazy\" decoding=\"async\" class=\"alignright\" style=\"margin-left: 6px; margin-right: 6px;\" alt=\"Viveiro \u2013 Cari\u00f1o \u2013 Cabo Ortegal\" src=\"https:\/\/northiberianctc.com\/img\/stages\/37-gal.jpg\" width=\"320\" height=\"195\" \/>Avui fa un temps excel\u00b7lent, i els pendents previstos per a l&#8217;etapa no s\u00f3n molt durs excepte a dalt del Cabo Ortegal.\u00a0 Surto de Viveiro en direcci\u00f3 a la costa occidental de la ria i vaig passant per llogarrets poc habitats, fins a O Vicedo i Bares una badia que hem d&#8217;envoltar, molt bonica. Des d&#8217;all\u00ed es d\u00f3na el tomb al cap de Bares i s&#8217;arriba a la ria d&#8217;Ortigueira.<\/p>\n<p>Val la pena donar un tomb pel parc natural d&#8217;Ortigueira, \u00e9s r\u00e0pid i t\u00e9 un cert inter\u00e8s paisatg\u00edstic. Envoltant Ortigueira trobem molts llogarrets amb restaurants i equipaments tur\u00edstics, que progressivament desapareixen quan ens apropem al nord, fins a Cari\u00f1o, un poble pel que hem de passar abans d&#8217;arribar a l&#8217;ermita de San Xiao de Trebo i despr\u00e9s al Cabo Ortegal. El Far de Cabo Ortegal \u00e9s m\u00e9s o menys a 200 m sobre el nivell del mar, indret espectacular que compta amb les roques m\u00e9s antigues de la Pen\u00ednsula Ib\u00e8rica i on comen\u00e7a el GR 50 de senderisme \u201cRota do Medievo\u201d, molt conegut a Gal\u00edcia.<\/p>\n<p>El track de GPS finalitza a San Xiao de Trebo, no al meu dest\u00ed final del dia,\u00a0 i connecta m\u00e9s o menys amb el track de l&#8217;etapa de dem\u00e0. Cal tenir en compte que s&#8217;ha de pujar fins a San Xiao de Trebo per fer la connexi\u00f3 amb l&#8217;altre track, per\u00f2 segons on sigui la poblaci\u00f3 en la que hagueu dormit podeu trobar camins alternatius per arribar dem\u00e0 a Santo Andr\u00e9 de Teixido. A Cari\u00f1o m&#8217;han explicat que segurament es permet dormir pels voltants de San Xiao de Trebo fent vivac.<\/p>\n<p>Quant a l&#8217;allotjament, havia previst tornar 18 quil\u00f2metres enrere per dormir a Ortigueira, ja que avui \u00e9s dissabte i la setmana vinent comen\u00e7ar\u00e0 una de les trobades de m\u00fasica folk m\u00e9s reconegudes d&#8217;Europa, el Festival Celta: <a title=\"Festival Celta\" href=\"https:\/\/northiberianctc.com\/blog\/ca\/?page_id=608\">http:\/\/www.festivaldeortigueira.com\/<\/a>\u00a0 Finalment hi he anat per\u00f2 pel poble encara no hi ha ambient festiu.\u00a0 Em quedar\u00e9 a la pensi\u00f3 La Perla.\u00a0 Ha estat una de les millors etapes de tot el viatge, molt c\u00f2moda i divertida.<\/p>\n<div style=\"margin: 0 auto 0 auto; width: 400px;\"><iframe loading=\"lazy\" src=\"https:\/\/ssl.panoramio.com\/wapi\/template\/photo.html?user=7124452&amp;tag=stage37nictc&amp;bgcolor=%23FFFFFF\" height=\"400\" width=\"500\" frameborder=\"0\" marginwidth=\"0\" marginheight=\"0\" scrolling=\"no\"><\/iframe><\/div>\n<p><strong>Etapa 37 a Wikiloc<\/strong>: <a title=\"etapa 37\" href=\"http:\/\/ca.wikiloc.com\/wikiloc\/view.do?id=4973627\">http:\/\/ca.wikiloc.com\/wikiloc\/view.do?id=4973627<\/a><\/p>\n<p><strong>Track GPS Etapa 37 per descarregar<\/strong>: <a title=\"track 37\" href=\"http:\/\/goo.gl\/4xIFIK\">http:\/\/goo.gl\/4xIFIK<\/a><\/p>\n<p><strong>Dist\u00e0ncies<\/strong>: C\u00e0mping Viveiro \u2013\u00a0 Cabo Ortegal 95 km.<\/p>\n<p><strong>Poblacions<\/strong>:<\/p>\n<div style=\"width: 210px\" class=\"wp-caption alignright\"><img loading=\"lazy\" decoding=\"async\" alt=\"Descarregueu el track 37 amb BIDI QR\" src=\"https:\/\/northiberianctc.com\/img\/qr\/37-gal.png\" width=\"200\" height=\"200\" \/><p class=\"wp-caption-text\">Descarregueu el track 37 amb BIDI QR<\/p><\/div>\n<p>Covas<br \/>\nSan Rom\u00e1n de Vale<br \/>\nO Vicedo<br \/>\nPorto do Barqueiro<br \/>\nO Porto de Bares<br \/>\nO Vila de Bares<br \/>\nBares<br \/>\nLoiba<br \/>\nCerdigos<br \/>\nO Porto de Espasante<br \/>\nO Mosteiro<br \/>\nBarb\u00f3s<br \/>\nMi\u00f1ano<br \/>\nOrtigueira<br \/>\nMiudelos<br \/>\nCancelo de Al\u00f3<br \/>\nCui\u00f1a<br \/>\nRibados<br \/>\nA Casanova de Arriba<br \/>\nA Ponte de Mera<br \/>\nVi\u00f1\u00e1n<br \/>\nVeiga<br \/>\nCondomi\u00f1a<br \/>\nReboredo<br \/>\nA Ortigueira<br \/>\nA Basanta<br \/>\nA Casta\u00f1eira<br \/>\nCari\u00f1o<\/p>\n<p><strong>Preu de l&#8217;allotjament<\/strong>: 20 euros.<\/p>\n<p><strong>Refer\u00e8ncies<\/strong>: Pensi\u00f3n-Residencia La Perla. Avenida de la Penela s\/n. 15330 Ortigueira. Tel. +34.981400150 \/ +34.981400151<\/p>\n<p><strong><a title=\"Stage 37\" href=\"https:\/\/northiberianctc.com\/blog\/en\/?p=300\" rel=\"alternate\" hreflang=\"en\">Stage 37 in English<\/a><\/strong> \u00b7 <strong><a title=\"Etapa 37\" href=\"https:\/\/northiberianctc.com\/blog\/es\/?p=226\" rel=\"alternate\" hreflang=\"es\">Etapa 37 en castellano<\/a><\/strong><\/p>\n","protected":false},"excerpt":{"rendered":"<p>Avui fa un temps excel\u00b7lent, i els pendents previstos per a l&#8217;etapa no s\u00f3n molt durs excepte a dalt del Cabo Ortegal.\u00a0 Surto de Viveiro en direcci\u00f3 a la costa occidental de la ria i vaig passant per llogarrets poc habitats, fins a O Vicedo i Bares una badia que hem d&#8217;envoltar, molt bonica. Des [&hellip;]<\/p>\n","protected":false},"author":1,"featured_media":0,"comment_status":"open","ping_status":"open","sticky":false,"template":"","format":"standard","meta":{"footnotes":""},"categories":[1],"tags":[],"yoast_head":"<!-- This site is optimized with the Yoast SEO plugin v24.5 - https:\/\/yoast.com\/wordpress\/plugins\/seo\/ -->\n<title>Etapa 37: Viveiro \u2013 Cari\u00f1o \u2013 Cabo Ortegal - Nord Ib\u00e8ric de costa a costa<\/title>\n<meta name=\"robots\" content=\"index, follow, max-snippet:-1, max-image-preview:large, max-video-preview:-1\" \/>\n<link rel=\"canonical\" href=\"https:\/\/northiberianctc.com\/blog\/ca\/?p=437\" \/>\n<meta property=\"og:locale\" content=\"ca_ES\" \/>\n<meta property=\"og:type\" content=\"article\" \/>\n<meta property=\"og:title\" content=\"Etapa 37: Viveiro \u2013 Cari\u00f1o \u2013 Cabo Ortegal - Nord Ib\u00e8ric de costa a costa\" \/>\n<meta property=\"og:description\" content=\"Avui fa un temps excel\u00b7lent, i els pendents previstos per a l&#8217;etapa no s\u00f3n molt durs excepte a dalt del Cabo Ortegal.\u00a0 Surto de Viveiro en direcci\u00f3 a la costa occidental de la ria i vaig passant per llogarrets poc habitats, fins a O Vicedo i Bares una badia que hem d&#8217;envoltar, molt bonica. Des [&hellip;]\" \/>\n<meta property=\"og:url\" content=\"https:\/\/northiberianctc.com\/blog\/ca\/?p=437\" \/>\n<meta property=\"og:site_name\" content=\"Nord Ib\u00e8ric de costa a costa\" \/>\n<meta property=\"article:published_time\" content=\"2013-07-06T11:35:18+00:00\" \/>\n<meta property=\"article:modified_time\" content=\"2013-10-02T12:33:19+00:00\" \/>\n<meta property=\"og:image\" content=\"https:\/\/northiberianctc.com\/img\/stages\/37-gal.jpg\" \/>\n<meta name=\"author\" content=\"gerard\" \/>\n<meta name=\"twitter:label1\" content=\"Escrit per\" \/>\n\t<meta name=\"twitter:data1\" content=\"gerard\" \/>\n\t<meta name=\"twitter:label2\" content=\"Temps estimat de lectura\" \/>\n\t<meta name=\"twitter:data2\" content=\"2 minuts\" \/>\n<script type=\"application\/ld+json\" class=\"yoast-schema-graph\">{\"@context\":\"https:\/\/schema.org\",\"@graph\":[{\"@type\":\"WebPage\",\"@id\":\"https:\/\/northiberianctc.com\/blog\/ca\/?p=437\",\"url\":\"https:\/\/northiberianctc.com\/blog\/ca\/?p=437\",\"name\":\"Etapa 37: Viveiro \u2013 Cari\u00f1o \u2013 Cabo Ortegal - Nord Ib\u00e8ric de costa a costa\",\"isPartOf\":{\"@id\":\"https:\/\/northiberianctc.com\/blog\/ca\/#website\"},\"primaryImageOfPage\":{\"@id\":\"https:\/\/northiberianctc.com\/blog\/ca\/?p=437#primaryimage\"},\"image\":{\"@id\":\"https:\/\/northiberianctc.com\/blog\/ca\/?p=437#primaryimage\"},\"thumbnailUrl\":\"https:\/\/northiberianctc.com\/img\/stages\/37-gal.jpg\",\"datePublished\":\"2013-07-06T11:35:18+00:00\",\"dateModified\":\"2013-10-02T12:33:19+00:00\",\"author\":{\"@id\":\"https:\/\/northiberianctc.com\/blog\/ca\/#\/schema\/person\/bf4335cdd9e1c68e5396ab9deacbf1a5\"},\"breadcrumb\":{\"@id\":\"https:\/\/northiberianctc.com\/blog\/ca\/?p=437#breadcrumb\"},\"inLanguage\":\"ca\",\"potentialAction\":[{\"@type\":\"ReadAction\",\"target\":[\"https:\/\/northiberianctc.com\/blog\/ca\/?p=437\"]}]},{\"@type\":\"ImageObject\",\"inLanguage\":\"ca\",\"@id\":\"https:\/\/northiberianctc.com\/blog\/ca\/?p=437#primaryimage\",\"url\":\"https:\/\/northiberianctc.com\/img\/stages\/37-gal.jpg\",\"contentUrl\":\"https:\/\/northiberianctc.com\/img\/stages\/37-gal.jpg\"},{\"@type\":\"BreadcrumbList\",\"@id\":\"https:\/\/northiberianctc.com\/blog\/ca\/?p=437#breadcrumb\",\"itemListElement\":[{\"@type\":\"ListItem\",\"position\":1,\"name\":\"Home\",\"item\":\"https:\/\/northiberianctc.com\/blog\/ca\/\"},{\"@type\":\"ListItem\",\"position\":2,\"name\":\"Etapa 37: Viveiro \u2013 Cari\u00f1o \u2013 Cabo Ortegal\"}]},{\"@type\":\"WebSite\",\"@id\":\"https:\/\/northiberianctc.com\/blog\/ca\/#website\",\"url\":\"https:\/\/northiberianctc.com\/blog\/ca\/\",\"name\":\"Nord Ib\u00e8ric de costa a costa\",\"description\":\"Nord de la Pen\u00ednsula Ib\u00e8rica, 2.400 km d&#039;experi\u00e8ncia en bicicleta de muntanya\",\"potentialAction\":[{\"@type\":\"SearchAction\",\"target\":{\"@type\":\"EntryPoint\",\"urlTemplate\":\"https:\/\/northiberianctc.com\/blog\/ca\/?s={search_term_string}\"},\"query-input\":{\"@type\":\"PropertyValueSpecification\",\"valueRequired\":true,\"valueName\":\"search_term_string\"}}],\"inLanguage\":\"ca\"},{\"@type\":\"Person\",\"@id\":\"https:\/\/northiberianctc.com\/blog\/ca\/#\/schema\/person\/bf4335cdd9e1c68e5396ab9deacbf1a5\",\"name\":\"gerard\",\"image\":{\"@type\":\"ImageObject\",\"inLanguage\":\"ca\",\"@id\":\"https:\/\/northiberianctc.com\/blog\/ca\/#\/schema\/person\/image\/\",\"url\":\"https:\/\/secure.gravatar.com\/avatar\/0878a6750dc6aa874826b162dc943830?s=96&d=mm&r=g\",\"contentUrl\":\"https:\/\/secure.gravatar.com\/avatar\/0878a6750dc6aa874826b162dc943830?s=96&d=mm&r=g\",\"caption\":\"gerard\"},\"url\":\"https:\/\/northiberianctc.com\/blog\/ca\/?author=1\"}]}<\/script>\n<!-- \/ Yoast SEO plugin. -->","yoast_head_json":{"title":"Etapa 37: Viveiro \u2013 Cari\u00f1o \u2013 Cabo Ortegal - Nord Ib\u00e8ric de costa a costa","robots":{"index":"index","follow":"follow","max-snippet":"max-snippet:-1","max-image-preview":"max-image-preview:large","max-video-preview":"max-video-preview:-1"},"canonical":"https:\/\/northiberianctc.com\/blog\/ca\/?p=437","og_locale":"ca_ES","og_type":"article","og_title":"Etapa 37: Viveiro \u2013 Cari\u00f1o \u2013 Cabo Ortegal - Nord Ib\u00e8ric de costa a costa","og_description":"Avui fa un temps excel\u00b7lent, i els pendents previstos per a l&#8217;etapa no s\u00f3n molt durs excepte a dalt del Cabo Ortegal.\u00a0 Surto de Viveiro en direcci\u00f3 a la costa occidental de la ria i vaig passant per llogarrets poc habitats, fins a O Vicedo i Bares una badia que hem d&#8217;envoltar, molt bonica. Des [&hellip;]","og_url":"https:\/\/northiberianctc.com\/blog\/ca\/?p=437","og_site_name":"Nord Ib\u00e8ric de costa a costa","article_published_time":"2013-07-06T11:35:18+00:00","article_modified_time":"2013-10-02T12:33:19+00:00","og_image":[{"url":"https:\/\/northiberianctc.com\/img\/stages\/37-gal.jpg","type":"","width":"","height":""}],"author":"gerard","twitter_misc":{"Escrit per":"gerard","Temps estimat de lectura":"2 minuts"},"schema":{"@context":"https:\/\/schema.org","@graph":[{"@type":"WebPage","@id":"https:\/\/northiberianctc.com\/blog\/ca\/?p=437","url":"https:\/\/northiberianctc.com\/blog\/ca\/?p=437","name":"Etapa 37: Viveiro \u2013 Cari\u00f1o \u2013 Cabo Ortegal - Nord Ib\u00e8ric de costa a costa","isPartOf":{"@id":"https:\/\/northiberianctc.com\/blog\/ca\/#website"},"primaryImageOfPage":{"@id":"https:\/\/northiberianctc.com\/blog\/ca\/?p=437#primaryimage"},"image":{"@id":"https:\/\/northiberianctc.com\/blog\/ca\/?p=437#primaryimage"},"thumbnailUrl":"https:\/\/northiberianctc.com\/img\/stages\/37-gal.jpg","datePublished":"2013-07-06T11:35:18+00:00","dateModified":"2013-10-02T12:33:19+00:00","author":{"@id":"https:\/\/northiberianctc.com\/blog\/ca\/#\/schema\/person\/bf4335cdd9e1c68e5396ab9deacbf1a5"},"breadcrumb":{"@id":"https:\/\/northiberianctc.com\/blog\/ca\/?p=437#breadcrumb"},"inLanguage":"ca","potentialAction":[{"@type":"ReadAction","target":["https:\/\/northiberianctc.com\/blog\/ca\/?p=437"]}]},{"@type":"ImageObject","inLanguage":"ca","@id":"https:\/\/northiberianctc.com\/blog\/ca\/?p=437#primaryimage","url":"https:\/\/northiberianctc.com\/img\/stages\/37-gal.jpg","contentUrl":"https:\/\/northiberianctc.com\/img\/stages\/37-gal.jpg"},{"@type":"BreadcrumbList","@id":"https:\/\/northiberianctc.com\/blog\/ca\/?p=437#breadcrumb","itemListElement":[{"@type":"ListItem","position":1,"name":"Home","item":"https:\/\/northiberianctc.com\/blog\/ca\/"},{"@type":"ListItem","position":2,"name":"Etapa 37: Viveiro \u2013 Cari\u00f1o \u2013 Cabo Ortegal"}]},{"@type":"WebSite","@id":"https:\/\/northiberianctc.com\/blog\/ca\/#website","url":"https:\/\/northiberianctc.com\/blog\/ca\/","name":"Nord Ib\u00e8ric de costa a costa","description":"Nord de la Pen\u00ednsula Ib\u00e8rica, 2.400 km d&#039;experi\u00e8ncia en bicicleta de muntanya","potentialAction":[{"@type":"SearchAction","target":{"@type":"EntryPoint","urlTemplate":"https:\/\/northiberianctc.com\/blog\/ca\/?s={search_term_string}"},"query-input":{"@type":"PropertyValueSpecification","valueRequired":true,"valueName":"search_term_string"}}],"inLanguage":"ca"},{"@type":"Person","@id":"https:\/\/northiberianctc.com\/blog\/ca\/#\/schema\/person\/bf4335cdd9e1c68e5396ab9deacbf1a5","name":"gerard","image":{"@type":"ImageObject","inLanguage":"ca","@id":"https:\/\/northiberianctc.com\/blog\/ca\/#\/schema\/person\/image\/","url":"https:\/\/secure.gravatar.com\/avatar\/0878a6750dc6aa874826b162dc943830?s=96&d=mm&r=g","contentUrl":"https:\/\/secure.gravatar.com\/avatar\/0878a6750dc6aa874826b162dc943830?s=96&d=mm&r=g","caption":"gerard"},"url":"https:\/\/northiberianctc.com\/blog\/ca\/?author=1"}]}},"_links":{"self":[{"href":"https:\/\/northiberianctc.com\/blog\/ca\/index.php?rest_route=\/wp\/v2\/posts\/437"}],"collection":[{"href":"https:\/\/northiberianctc.com\/blog\/ca\/index.php?rest_route=\/wp\/v2\/posts"}],"about":[{"href":"https:\/\/northiberianctc.com\/blog\/ca\/index.php?rest_route=\/wp\/v2\/types\/post"}],"author":[{"embeddable":true,"href":"https:\/\/northiberianctc.com\/blog\/ca\/index.php?rest_route=\/wp\/v2\/users\/1"}],"replies":[{"embeddable":true,"href":"https:\/\/northiberianctc.com\/blog\/ca\/index.php?rest_route=%2Fwp%2Fv2%2Fcomments&post=437"}],"version-history":[{"count":5,"href":"https:\/\/northiberianctc.com\/blog\/ca\/index.php?rest_route=\/wp\/v2\/posts\/437\/revisions"}],"predecessor-version":[{"id":439,"href":"https:\/\/northiberianctc.com\/blog\/ca\/index.php?rest_route=\/wp\/v2\/posts\/437\/revisions\/439"}],"wp:attachment":[{"href":"https:\/\/northiberianctc.com\/blog\/ca\/index.php?rest_route=%2Fwp%2Fv2%2Fmedia&parent=437"}],"wp:term":[{"taxonomy":"category","embeddable":true,"href":"https:\/\/northiberianctc.com\/blog\/ca\/index.php?rest_route=%2Fwp%2Fv2%2Fcategories&post=437"},{"taxonomy":"post_tag","embeddable":true,"href":"https:\/\/northiberianctc.com\/blog\/ca\/index.php?rest_route=%2Fwp%2Fv2%2Ftags&post=437"}],"curies":[{"name":"wp","href":"https:\/\/api.w.org\/{rel}","templated":true}]}}