{"id":457,"date":"2013-07-10T11:57:24","date_gmt":"2013-07-10T11:57:24","guid":{"rendered":"http:\/\/northiberianctc.com\/blog\/ca\/?p=457"},"modified":"2013-10-02T12:41:40","modified_gmt":"2013-10-02T12:41:40","slug":"etapa-41-pontedeume-coruna-arteixo","status":"publish","type":"post","link":"https:\/\/northiberianctc.com\/blog\/ca\/?p=457","title":{"rendered":"Etapa 41: Pontedeume \u2013 Coru\u00f1a \u2013 Arteixo"},"content":{"rendered":"<p><img loading=\"lazy\" decoding=\"async\" class=\"alignright\" style=\"margin-left: 6px; margin-right: 6px;\" alt=\"Pontedeume \u2013 Coru\u00f1a \u2013 Arteixo\" src=\"https:\/\/northiberianctc.com\/img\/stages\/41-gal.jpg\" width=\"320\" height=\"195\" \/>Aquesta etapa \u00e9s llarga per\u00f2 f\u00e0cil i de paisatges impressionants. La primera part, d&#8217;uns 20 km, envolta la r\u00eda de Betanzos fins a la platja de Sada i transcorre per carreteres que passen pel costat de la platja. A partir de Sada ens endinsem per carreteres que ens porten a la punteta de la costa de Dexo i baixem cap A Coru\u00f1a. La majoria de camins tenen poblacions a prop, per\u00f2 la nostra ruta evita les urbanitzacions tot el possible.<\/p>\n<p>A partir de la poblaci\u00f3 de Perillo, el recorregut ser\u00e0 totalment urb\u00e0 fins sortir de A Coru\u00f1a, o sigui uns 20 km en total. Fem un cam\u00ed que aprofita els carrils bici del per\u00edmetre de la ciutat: el del port, l&#8217;antic tramvia, el del far i el del passeig mar\u00edtim que ens portar\u00e0 fins a fora de Coru\u00f1a, a Estrada Bens.<\/p>\n<p>A Estrada Bens passarem pel costat de la depuradora d&#8217;aig\u00fces, que fa bastanta pudor, despr\u00e9s per les f\u00e0briques de reprocessat de productes del mar on hi viu un n\u00favol de gavines, i finalment per una pedrera a peu de platja. D&#8217;all\u00ed agafarem una pista forestal que ens portar\u00e0 fins al costat d&#8217;Arteixo, a un lloc anomenat Platja de Valcovo, on hi ha un c\u00e0mping amb un nom similar.<\/p>\n<p>El c\u00e0mping no \u00e9s cap meravella i fan pagar l&#8217;aigua calenta de la dutxa, per\u00f2 resulta que a molts quil\u00f2metres a la rodona no n&#8217;hi ha cap m\u00e9s i no em queda m\u00e9s remei que acceptar-ho.<\/p>\n<div style=\"margin: 0 auto 0 auto; width: 400px;\"><iframe loading=\"lazy\" src=\"https:\/\/ssl.panoramio.com\/wapi\/template\/photo.html?user=7124452&amp;tag=stage41nictc&amp;bgcolor=%23FFFFFF\" height=\"400\" width=\"500\" frameborder=\"0\" marginwidth=\"0\" marginheight=\"0\" scrolling=\"no\"><\/iframe><\/div>\n<p><strong>Etapa 41 a Wikiloc<\/strong>: <a title=\"etapa 41\" href=\"http:\/\/ca.wikiloc.com\/wikiloc\/view.do?id=4973656\">http:\/\/ca.wikiloc.com\/wikiloc\/view.do?id=4973656<\/a><\/p>\n<p><strong>Track GPS Etapa 41 per descarregar<\/strong>: <a title=\"track 41\" href=\"http:\/\/goo.gl\/k48UEE\">http:\/\/goo.gl\/k48UEE<\/a><\/p>\n<p><strong>Dist\u00e0ncies<\/strong>:\u00a0 C\u00e0mping Ber \u2013 C\u00e0mping Balcobo 90 km<\/p>\n<p><strong>Poblacions<\/strong>:<\/p>\n<div style=\"width: 210px\" class=\"wp-caption alignright\"><img loading=\"lazy\" decoding=\"async\" alt=\"Descarregueu el track 41 amb BIDI QR\" src=\"https:\/\/northiberianctc.com\/img\/qr\/41-gal.png\" width=\"200\" height=\"200\" \/><p class=\"wp-caption-text\">Descarregueu el track 41 amb BIDI QR<\/p><\/div>\n<p>Boebre<br \/>\nA Herbosa<br \/>\nPerbes<br \/>\nR\u00edo de Ba\u00f1obre<br \/>\nMi\u00f1o<br \/>\nA ponte do Porco<br \/>\nA Insua<br \/>\nMontecelo<br \/>\nGandario<br \/>\nSada<br \/>\nChaburro<br \/>\nMosteir\u00f3n<br \/>\nPi\u00f1ero<br \/>\nVeigue<br \/>\nSuvi\u00f1a<br \/>\nCabreira<br \/>\nO Bat\u00e1n<br \/>\nO Seixal<br \/>\nPerillo<br \/>\nA Coru\u00f1a<br \/>\nRa\u00f1obre<br \/>\nRa\u00f1al<\/p>\n<p><strong>Preu de l&#8217;allotjament<\/strong>: 10 euros<\/p>\n<p><strong><a title=\"Stage 41\" href=\"https:\/\/northiberianctc.com\/blog\/en\/?p=307\" rel=\"alternate\" hreflang=\"en\">Stage 41 in English<\/a><\/strong> \u00b7 <strong><a title=\"Etapa 41\" href=\"https:\/\/northiberianctc.com\/blog\/es\/?p=235\" rel=\"alternate\" hreflang=\"es\">Etapa 41 en castellano<\/a><\/strong><\/p>\n","protected":false},"excerpt":{"rendered":"<p>Aquesta etapa \u00e9s llarga per\u00f2 f\u00e0cil i de paisatges impressionants. La primera part, d&#8217;uns 20 km, envolta la r\u00eda de Betanzos fins a la platja de Sada i transcorre per carreteres que passen pel costat de la platja. A partir de Sada ens endinsem per carreteres que ens porten a la punteta de la costa [&hellip;]<\/p>\n","protected":false},"author":1,"featured_media":0,"comment_status":"open","ping_status":"open","sticky":false,"template":"","format":"standard","meta":{"footnotes":""},"categories":[1],"tags":[],"yoast_head":"<!-- This site is optimized with the Yoast SEO plugin v24.5 - https:\/\/yoast.com\/wordpress\/plugins\/seo\/ -->\n<title>Etapa 41: Pontedeume \u2013 Coru\u00f1a \u2013 Arteixo - Nord Ib\u00e8ric de costa a costa<\/title>\n<meta name=\"robots\" content=\"index, follow, max-snippet:-1, max-image-preview:large, max-video-preview:-1\" \/>\n<link rel=\"canonical\" href=\"https:\/\/northiberianctc.com\/blog\/ca\/?p=457\" \/>\n<meta property=\"og:locale\" content=\"ca_ES\" \/>\n<meta property=\"og:type\" content=\"article\" \/>\n<meta property=\"og:title\" content=\"Etapa 41: Pontedeume \u2013 Coru\u00f1a \u2013 Arteixo - Nord Ib\u00e8ric de costa a costa\" \/>\n<meta property=\"og:description\" content=\"Aquesta etapa \u00e9s llarga per\u00f2 f\u00e0cil i de paisatges impressionants. La primera part, d&#8217;uns 20 km, envolta la r\u00eda de Betanzos fins a la platja de Sada i transcorre per carreteres que passen pel costat de la platja. A partir de Sada ens endinsem per carreteres que ens porten a la punteta de la costa [&hellip;]\" \/>\n<meta property=\"og:url\" content=\"https:\/\/northiberianctc.com\/blog\/ca\/?p=457\" \/>\n<meta property=\"og:site_name\" content=\"Nord Ib\u00e8ric de costa a costa\" \/>\n<meta property=\"article:published_time\" content=\"2013-07-10T11:57:24+00:00\" \/>\n<meta property=\"article:modified_time\" content=\"2013-10-02T12:41:40+00:00\" \/>\n<meta property=\"og:image\" content=\"https:\/\/northiberianctc.com\/img\/stages\/41-gal.jpg\" \/>\n<meta name=\"author\" content=\"gerard\" \/>\n<meta name=\"twitter:label1\" content=\"Escrit per\" \/>\n\t<meta name=\"twitter:data1\" content=\"gerard\" \/>\n\t<meta name=\"twitter:label2\" content=\"Temps estimat de lectura\" \/>\n\t<meta name=\"twitter:data2\" content=\"2 minuts\" \/>\n<script type=\"application\/ld+json\" class=\"yoast-schema-graph\">{\"@context\":\"https:\/\/schema.org\",\"@graph\":[{\"@type\":\"WebPage\",\"@id\":\"https:\/\/northiberianctc.com\/blog\/ca\/?p=457\",\"url\":\"https:\/\/northiberianctc.com\/blog\/ca\/?p=457\",\"name\":\"Etapa 41: Pontedeume \u2013 Coru\u00f1a \u2013 Arteixo - Nord Ib\u00e8ric de costa a costa\",\"isPartOf\":{\"@id\":\"https:\/\/northiberianctc.com\/blog\/ca\/#website\"},\"primaryImageOfPage\":{\"@id\":\"https:\/\/northiberianctc.com\/blog\/ca\/?p=457#primaryimage\"},\"image\":{\"@id\":\"https:\/\/northiberianctc.com\/blog\/ca\/?p=457#primaryimage\"},\"thumbnailUrl\":\"https:\/\/northiberianctc.com\/img\/stages\/41-gal.jpg\",\"datePublished\":\"2013-07-10T11:57:24+00:00\",\"dateModified\":\"2013-10-02T12:41:40+00:00\",\"author\":{\"@id\":\"https:\/\/northiberianctc.com\/blog\/ca\/#\/schema\/person\/bf4335cdd9e1c68e5396ab9deacbf1a5\"},\"breadcrumb\":{\"@id\":\"https:\/\/northiberianctc.com\/blog\/ca\/?p=457#breadcrumb\"},\"inLanguage\":\"ca\",\"potentialAction\":[{\"@type\":\"ReadAction\",\"target\":[\"https:\/\/northiberianctc.com\/blog\/ca\/?p=457\"]}]},{\"@type\":\"ImageObject\",\"inLanguage\":\"ca\",\"@id\":\"https:\/\/northiberianctc.com\/blog\/ca\/?p=457#primaryimage\",\"url\":\"https:\/\/northiberianctc.com\/img\/stages\/41-gal.jpg\",\"contentUrl\":\"https:\/\/northiberianctc.com\/img\/stages\/41-gal.jpg\"},{\"@type\":\"BreadcrumbList\",\"@id\":\"https:\/\/northiberianctc.com\/blog\/ca\/?p=457#breadcrumb\",\"itemListElement\":[{\"@type\":\"ListItem\",\"position\":1,\"name\":\"Home\",\"item\":\"https:\/\/northiberianctc.com\/blog\/ca\/\"},{\"@type\":\"ListItem\",\"position\":2,\"name\":\"Etapa 41: Pontedeume \u2013 Coru\u00f1a \u2013 Arteixo\"}]},{\"@type\":\"WebSite\",\"@id\":\"https:\/\/northiberianctc.com\/blog\/ca\/#website\",\"url\":\"https:\/\/northiberianctc.com\/blog\/ca\/\",\"name\":\"Nord Ib\u00e8ric de costa a costa\",\"description\":\"Nord de la Pen\u00ednsula Ib\u00e8rica, 2.400 km d&#039;experi\u00e8ncia en bicicleta de muntanya\",\"potentialAction\":[{\"@type\":\"SearchAction\",\"target\":{\"@type\":\"EntryPoint\",\"urlTemplate\":\"https:\/\/northiberianctc.com\/blog\/ca\/?s={search_term_string}\"},\"query-input\":{\"@type\":\"PropertyValueSpecification\",\"valueRequired\":true,\"valueName\":\"search_term_string\"}}],\"inLanguage\":\"ca\"},{\"@type\":\"Person\",\"@id\":\"https:\/\/northiberianctc.com\/blog\/ca\/#\/schema\/person\/bf4335cdd9e1c68e5396ab9deacbf1a5\",\"name\":\"gerard\",\"image\":{\"@type\":\"ImageObject\",\"inLanguage\":\"ca\",\"@id\":\"https:\/\/northiberianctc.com\/blog\/ca\/#\/schema\/person\/image\/\",\"url\":\"https:\/\/secure.gravatar.com\/avatar\/0878a6750dc6aa874826b162dc943830?s=96&d=mm&r=g\",\"contentUrl\":\"https:\/\/secure.gravatar.com\/avatar\/0878a6750dc6aa874826b162dc943830?s=96&d=mm&r=g\",\"caption\":\"gerard\"},\"url\":\"https:\/\/northiberianctc.com\/blog\/ca\/?author=1\"}]}<\/script>\n<!-- \/ Yoast SEO plugin. -->","yoast_head_json":{"title":"Etapa 41: Pontedeume \u2013 Coru\u00f1a \u2013 Arteixo - Nord Ib\u00e8ric de costa a costa","robots":{"index":"index","follow":"follow","max-snippet":"max-snippet:-1","max-image-preview":"max-image-preview:large","max-video-preview":"max-video-preview:-1"},"canonical":"https:\/\/northiberianctc.com\/blog\/ca\/?p=457","og_locale":"ca_ES","og_type":"article","og_title":"Etapa 41: Pontedeume \u2013 Coru\u00f1a \u2013 Arteixo - Nord Ib\u00e8ric de costa a costa","og_description":"Aquesta etapa \u00e9s llarga per\u00f2 f\u00e0cil i de paisatges impressionants. La primera part, d&#8217;uns 20 km, envolta la r\u00eda de Betanzos fins a la platja de Sada i transcorre per carreteres que passen pel costat de la platja. A partir de Sada ens endinsem per carreteres que ens porten a la punteta de la costa [&hellip;]","og_url":"https:\/\/northiberianctc.com\/blog\/ca\/?p=457","og_site_name":"Nord Ib\u00e8ric de costa a costa","article_published_time":"2013-07-10T11:57:24+00:00","article_modified_time":"2013-10-02T12:41:40+00:00","og_image":[{"url":"https:\/\/northiberianctc.com\/img\/stages\/41-gal.jpg","type":"","width":"","height":""}],"author":"gerard","twitter_misc":{"Escrit per":"gerard","Temps estimat de lectura":"2 minuts"},"schema":{"@context":"https:\/\/schema.org","@graph":[{"@type":"WebPage","@id":"https:\/\/northiberianctc.com\/blog\/ca\/?p=457","url":"https:\/\/northiberianctc.com\/blog\/ca\/?p=457","name":"Etapa 41: Pontedeume \u2013 Coru\u00f1a \u2013 Arteixo - Nord Ib\u00e8ric de costa a costa","isPartOf":{"@id":"https:\/\/northiberianctc.com\/blog\/ca\/#website"},"primaryImageOfPage":{"@id":"https:\/\/northiberianctc.com\/blog\/ca\/?p=457#primaryimage"},"image":{"@id":"https:\/\/northiberianctc.com\/blog\/ca\/?p=457#primaryimage"},"thumbnailUrl":"https:\/\/northiberianctc.com\/img\/stages\/41-gal.jpg","datePublished":"2013-07-10T11:57:24+00:00","dateModified":"2013-10-02T12:41:40+00:00","author":{"@id":"https:\/\/northiberianctc.com\/blog\/ca\/#\/schema\/person\/bf4335cdd9e1c68e5396ab9deacbf1a5"},"breadcrumb":{"@id":"https:\/\/northiberianctc.com\/blog\/ca\/?p=457#breadcrumb"},"inLanguage":"ca","potentialAction":[{"@type":"ReadAction","target":["https:\/\/northiberianctc.com\/blog\/ca\/?p=457"]}]},{"@type":"ImageObject","inLanguage":"ca","@id":"https:\/\/northiberianctc.com\/blog\/ca\/?p=457#primaryimage","url":"https:\/\/northiberianctc.com\/img\/stages\/41-gal.jpg","contentUrl":"https:\/\/northiberianctc.com\/img\/stages\/41-gal.jpg"},{"@type":"BreadcrumbList","@id":"https:\/\/northiberianctc.com\/blog\/ca\/?p=457#breadcrumb","itemListElement":[{"@type":"ListItem","position":1,"name":"Home","item":"https:\/\/northiberianctc.com\/blog\/ca\/"},{"@type":"ListItem","position":2,"name":"Etapa 41: Pontedeume \u2013 Coru\u00f1a \u2013 Arteixo"}]},{"@type":"WebSite","@id":"https:\/\/northiberianctc.com\/blog\/ca\/#website","url":"https:\/\/northiberianctc.com\/blog\/ca\/","name":"Nord Ib\u00e8ric de costa a costa","description":"Nord de la Pen\u00ednsula Ib\u00e8rica, 2.400 km d&#039;experi\u00e8ncia en bicicleta de muntanya","potentialAction":[{"@type":"SearchAction","target":{"@type":"EntryPoint","urlTemplate":"https:\/\/northiberianctc.com\/blog\/ca\/?s={search_term_string}"},"query-input":{"@type":"PropertyValueSpecification","valueRequired":true,"valueName":"search_term_string"}}],"inLanguage":"ca"},{"@type":"Person","@id":"https:\/\/northiberianctc.com\/blog\/ca\/#\/schema\/person\/bf4335cdd9e1c68e5396ab9deacbf1a5","name":"gerard","image":{"@type":"ImageObject","inLanguage":"ca","@id":"https:\/\/northiberianctc.com\/blog\/ca\/#\/schema\/person\/image\/","url":"https:\/\/secure.gravatar.com\/avatar\/0878a6750dc6aa874826b162dc943830?s=96&d=mm&r=g","contentUrl":"https:\/\/secure.gravatar.com\/avatar\/0878a6750dc6aa874826b162dc943830?s=96&d=mm&r=g","caption":"gerard"},"url":"https:\/\/northiberianctc.com\/blog\/ca\/?author=1"}]}},"_links":{"self":[{"href":"https:\/\/northiberianctc.com\/blog\/ca\/index.php?rest_route=\/wp\/v2\/posts\/457"}],"collection":[{"href":"https:\/\/northiberianctc.com\/blog\/ca\/index.php?rest_route=\/wp\/v2\/posts"}],"about":[{"href":"https:\/\/northiberianctc.com\/blog\/ca\/index.php?rest_route=\/wp\/v2\/types\/post"}],"author":[{"embeddable":true,"href":"https:\/\/northiberianctc.com\/blog\/ca\/index.php?rest_route=\/wp\/v2\/users\/1"}],"replies":[{"embeddable":true,"href":"https:\/\/northiberianctc.com\/blog\/ca\/index.php?rest_route=%2Fwp%2Fv2%2Fcomments&post=457"}],"version-history":[{"count":5,"href":"https:\/\/northiberianctc.com\/blog\/ca\/index.php?rest_route=\/wp\/v2\/posts\/457\/revisions"}],"predecessor-version":[{"id":459,"href":"https:\/\/northiberianctc.com\/blog\/ca\/index.php?rest_route=\/wp\/v2\/posts\/457\/revisions\/459"}],"wp:attachment":[{"href":"https:\/\/northiberianctc.com\/blog\/ca\/index.php?rest_route=%2Fwp%2Fv2%2Fmedia&parent=457"}],"wp:term":[{"taxonomy":"category","embeddable":true,"href":"https:\/\/northiberianctc.com\/blog\/ca\/index.php?rest_route=%2Fwp%2Fv2%2Fcategories&post=457"},{"taxonomy":"post_tag","embeddable":true,"href":"https:\/\/northiberianctc.com\/blog\/ca\/index.php?rest_route=%2Fwp%2Fv2%2Ftags&post=457"}],"curies":[{"name":"wp","href":"https:\/\/api.w.org\/{rel}","templated":true}]}}