{"id":468,"date":"2013-07-12T12:06:53","date_gmt":"2013-07-12T12:06:53","guid":{"rendered":"http:\/\/northiberianctc.com\/blog\/ca\/?p=468"},"modified":"2013-10-02T12:47:09","modified_gmt":"2013-10-02T12:47:09","slug":"etapa-43-ponteceso-muxia","status":"publish","type":"post","link":"https:\/\/northiberianctc.com\/blog\/ca\/?p=468","title":{"rendered":"Etapa 43: Ponteceso \u2013 Mux\u00eda"},"content":{"rendered":"<p><img loading=\"lazy\" decoding=\"async\" class=\"alignright\" style=\"margin-left: 6px; margin-right: 6px;\" alt=\"Ponteceso \u2013 Mux\u00eda\" src=\"https:\/\/northiberianctc.com\/img\/stages\/43-gal.jpg\" width=\"320\" height=\"195\" \/>Vaig fins a Ponteceso des de Filgueira i segueixo cap a Mux\u00eda pel cam\u00ed de la costa previst. \u00c9s una etapa que es fa llarga i \u00e9s complicada en uns quants punts ja que es passa per alguns senders no ciclables, pistes forestals litorals i carreteres de costa.<\/p>\n<p>Hi ha una pujadeta dura abans de Laxe i unes altres abans del Cabo Vill\u00e1n, per\u00f2 la m\u00e0xima dificultat la representen les pujades i baixades constants que ens poden esgotar. Per contra, \u00e9s una etapa molt poc urbana, on el que podem destacar s\u00f3n paisatges espectaculars de la Costa da Morte i l&#8217;oportunitat de veure el punt final del Cam\u00ed de Sant Jaume: Mux\u00eda.<\/p>\n<p>A Mux\u00eda val la pena visitar la Punta da Barca, amb el santuari i les seves pedres ancestrals, el port i el Monte Corpi\u00f1o.<\/p>\n<p>Doneu un cop d&#8217;ull a l&#8217;apartat <a title=\"Finisterre i Muxia\" href=\"https:\/\/northiberianctc.com\/blog\/ca\/?page_id=46\">Camino de Santiago &gt; Finisterre i Muxia<\/a> per tenir m\u00e9s informaci\u00f3 sobre temes relacionats amb el Camino. Si hem anat recollint segells per a la nostra credencial els darrers dies, ni que siguin de c\u00e0mpings i cafeteries, ens deixaran dormir a l&#8217;alberg p\u00fablic de Mux\u00eda, molt equipat i amb molt bon ambient. Amb la credencial segellada tamb\u00e9 ens donaran un certificat d&#8217;haver arribat al final del Camino.<\/p>\n<div style=\"margin: 0 auto 0 auto; width: 400px;\"><iframe loading=\"lazy\" src=\"https:\/\/ssl.panoramio.com\/wapi\/template\/photo.html?user=7124452&amp;tag=stage43nictc&amp;bgcolor=%23FFFFFF\" height=\"400\" width=\"500\" frameborder=\"0\" marginwidth=\"0\" marginheight=\"0\" scrolling=\"no\"><\/iframe><\/div>\n<p><strong>Etapa 43 a Wikiloc<\/strong>: <a title=\"etapa 43\" href=\"http:\/\/ca.wikiloc.com\/wikiloc\/view.do?id=4973679\">http:\/\/ca.wikiloc.com\/wikiloc\/view.do?id=4973679<\/a><\/p>\n<p><strong>Track GPS Etapa 43 per descarregar<\/strong>: <a title=\"track 43\" href=\"http:\/\/goo.gl\/A7dLs3\">http:\/\/goo.gl\/A7dLs3<\/a><\/p>\n<p><strong>Dist\u00e0ncies<\/strong>: Ponteceso \u2013 Mux\u00eda 80 km<\/p>\n<p><strong>Poblacions<\/strong>:<\/p>\n<div style=\"width: 210px\" class=\"wp-caption alignright\"><img loading=\"lazy\" decoding=\"async\" alt=\"Descarregueu el track 43 amb BIDI QR\" src=\"https:\/\/northiberianctc.com\/img\/qr\/43-gal.png\" width=\"200\" height=\"200\" \/><p class=\"wp-caption-text\">Descarregueu el track 43 amb BIDI QR<\/p><\/div>\n<p>Ponteceso<br \/>\nNea\u00f1o<br \/>\nA Carballa<br \/>\nA Telleira<br \/>\nAs Grelas<br \/>\nOs Castros<br \/>\nTaboido<br \/>\nSan Pedro<br \/>\nA Cruz de Cabalo<br \/>\nFrexufre<br \/>\nO Cabo de Area<br \/>\nOs Pe\u00f1ascales<br \/>\nLaxe<br \/>\nMordomo<br \/>\nCamelle<br \/>\nArou<br \/>\nCamari\u00f1as<br \/>\nAs Carballas<br \/>\nO Cruceiro<br \/>\nTasara\u00f1o<br \/>\nDor<br \/>\nO Allo<br \/>\nA Ponte do Porto<br \/>\nPorto de Cereixo<br \/>\nLeis de Nemancos<br \/>\nMerexo<br \/>\nOs Mui\u00f1os<br \/>\nChorente<br \/>\nA Baiuca<br \/>\nMux\u00eda<\/p>\n<p><strong>Preu de l&#8217;allotjament<\/strong>: 6 euros.<\/p>\n<p><strong><a title=\"Stage 43\" href=\"https:\/\/northiberianctc.com\/blog\/en\/?p=316\" rel=\"alternate\" hreflang=\"en\">Stage 43 in English<\/a><\/strong> \u00b7 <strong><a title=\"Etapa 43\" href=\"https:\/\/northiberianctc.com\/blog\/es\/?p=239\" rel=\"alternate\" hreflang=\"es\">Etapa 43 en castellano<\/a><\/strong><\/p>\n","protected":false},"excerpt":{"rendered":"<p>Vaig fins a Ponteceso des de Filgueira i segueixo cap a Mux\u00eda pel cam\u00ed de la costa previst. \u00c9s una etapa que es fa llarga i \u00e9s complicada en uns quants punts ja que es passa per alguns senders no ciclables, pistes forestals litorals i carreteres de costa. Hi ha una pujadeta dura abans de [&hellip;]<\/p>\n","protected":false},"author":1,"featured_media":0,"comment_status":"open","ping_status":"open","sticky":false,"template":"","format":"standard","meta":{"footnotes":""},"categories":[1],"tags":[],"yoast_head":"<!-- This site is optimized with the Yoast SEO plugin v24.5 - https:\/\/yoast.com\/wordpress\/plugins\/seo\/ -->\n<title>Etapa 43: Ponteceso \u2013 Mux\u00eda - Nord Ib\u00e8ric de costa a costa<\/title>\n<meta name=\"robots\" content=\"index, follow, max-snippet:-1, max-image-preview:large, max-video-preview:-1\" \/>\n<link rel=\"canonical\" href=\"https:\/\/northiberianctc.com\/blog\/ca\/?p=468\" \/>\n<meta property=\"og:locale\" content=\"ca_ES\" \/>\n<meta property=\"og:type\" content=\"article\" \/>\n<meta property=\"og:title\" content=\"Etapa 43: Ponteceso \u2013 Mux\u00eda - Nord Ib\u00e8ric de costa a costa\" \/>\n<meta property=\"og:description\" content=\"Vaig fins a Ponteceso des de Filgueira i segueixo cap a Mux\u00eda pel cam\u00ed de la costa previst. \u00c9s una etapa que es fa llarga i \u00e9s complicada en uns quants punts ja que es passa per alguns senders no ciclables, pistes forestals litorals i carreteres de costa. Hi ha una pujadeta dura abans de [&hellip;]\" \/>\n<meta property=\"og:url\" content=\"https:\/\/northiberianctc.com\/blog\/ca\/?p=468\" \/>\n<meta property=\"og:site_name\" content=\"Nord Ib\u00e8ric de costa a costa\" \/>\n<meta property=\"article:published_time\" content=\"2013-07-12T12:06:53+00:00\" \/>\n<meta property=\"article:modified_time\" content=\"2013-10-02T12:47:09+00:00\" \/>\n<meta property=\"og:image\" content=\"https:\/\/northiberianctc.com\/img\/stages\/43-gal.jpg\" \/>\n<meta name=\"author\" content=\"gerard\" \/>\n<meta name=\"twitter:label1\" content=\"Escrit per\" \/>\n\t<meta name=\"twitter:data1\" content=\"gerard\" \/>\n\t<meta name=\"twitter:label2\" content=\"Temps estimat de lectura\" \/>\n\t<meta name=\"twitter:data2\" content=\"2 minuts\" \/>\n<script type=\"application\/ld+json\" class=\"yoast-schema-graph\">{\"@context\":\"https:\/\/schema.org\",\"@graph\":[{\"@type\":\"WebPage\",\"@id\":\"https:\/\/northiberianctc.com\/blog\/ca\/?p=468\",\"url\":\"https:\/\/northiberianctc.com\/blog\/ca\/?p=468\",\"name\":\"Etapa 43: Ponteceso \u2013 Mux\u00eda - Nord Ib\u00e8ric de costa a costa\",\"isPartOf\":{\"@id\":\"https:\/\/northiberianctc.com\/blog\/ca\/#website\"},\"primaryImageOfPage\":{\"@id\":\"https:\/\/northiberianctc.com\/blog\/ca\/?p=468#primaryimage\"},\"image\":{\"@id\":\"https:\/\/northiberianctc.com\/blog\/ca\/?p=468#primaryimage\"},\"thumbnailUrl\":\"https:\/\/northiberianctc.com\/img\/stages\/43-gal.jpg\",\"datePublished\":\"2013-07-12T12:06:53+00:00\",\"dateModified\":\"2013-10-02T12:47:09+00:00\",\"author\":{\"@id\":\"https:\/\/northiberianctc.com\/blog\/ca\/#\/schema\/person\/bf4335cdd9e1c68e5396ab9deacbf1a5\"},\"breadcrumb\":{\"@id\":\"https:\/\/northiberianctc.com\/blog\/ca\/?p=468#breadcrumb\"},\"inLanguage\":\"ca\",\"potentialAction\":[{\"@type\":\"ReadAction\",\"target\":[\"https:\/\/northiberianctc.com\/blog\/ca\/?p=468\"]}]},{\"@type\":\"ImageObject\",\"inLanguage\":\"ca\",\"@id\":\"https:\/\/northiberianctc.com\/blog\/ca\/?p=468#primaryimage\",\"url\":\"https:\/\/northiberianctc.com\/img\/stages\/43-gal.jpg\",\"contentUrl\":\"https:\/\/northiberianctc.com\/img\/stages\/43-gal.jpg\"},{\"@type\":\"BreadcrumbList\",\"@id\":\"https:\/\/northiberianctc.com\/blog\/ca\/?p=468#breadcrumb\",\"itemListElement\":[{\"@type\":\"ListItem\",\"position\":1,\"name\":\"Home\",\"item\":\"https:\/\/northiberianctc.com\/blog\/ca\/\"},{\"@type\":\"ListItem\",\"position\":2,\"name\":\"Etapa 43: Ponteceso \u2013 Mux\u00eda\"}]},{\"@type\":\"WebSite\",\"@id\":\"https:\/\/northiberianctc.com\/blog\/ca\/#website\",\"url\":\"https:\/\/northiberianctc.com\/blog\/ca\/\",\"name\":\"Nord Ib\u00e8ric de costa a costa\",\"description\":\"Nord de la Pen\u00ednsula Ib\u00e8rica, 2.400 km d&#039;experi\u00e8ncia en bicicleta de muntanya\",\"potentialAction\":[{\"@type\":\"SearchAction\",\"target\":{\"@type\":\"EntryPoint\",\"urlTemplate\":\"https:\/\/northiberianctc.com\/blog\/ca\/?s={search_term_string}\"},\"query-input\":{\"@type\":\"PropertyValueSpecification\",\"valueRequired\":true,\"valueName\":\"search_term_string\"}}],\"inLanguage\":\"ca\"},{\"@type\":\"Person\",\"@id\":\"https:\/\/northiberianctc.com\/blog\/ca\/#\/schema\/person\/bf4335cdd9e1c68e5396ab9deacbf1a5\",\"name\":\"gerard\",\"image\":{\"@type\":\"ImageObject\",\"inLanguage\":\"ca\",\"@id\":\"https:\/\/northiberianctc.com\/blog\/ca\/#\/schema\/person\/image\/\",\"url\":\"https:\/\/secure.gravatar.com\/avatar\/0878a6750dc6aa874826b162dc943830?s=96&d=mm&r=g\",\"contentUrl\":\"https:\/\/secure.gravatar.com\/avatar\/0878a6750dc6aa874826b162dc943830?s=96&d=mm&r=g\",\"caption\":\"gerard\"},\"url\":\"https:\/\/northiberianctc.com\/blog\/ca\/?author=1\"}]}<\/script>\n<!-- \/ Yoast SEO plugin. -->","yoast_head_json":{"title":"Etapa 43: Ponteceso \u2013 Mux\u00eda - Nord Ib\u00e8ric de costa a costa","robots":{"index":"index","follow":"follow","max-snippet":"max-snippet:-1","max-image-preview":"max-image-preview:large","max-video-preview":"max-video-preview:-1"},"canonical":"https:\/\/northiberianctc.com\/blog\/ca\/?p=468","og_locale":"ca_ES","og_type":"article","og_title":"Etapa 43: Ponteceso \u2013 Mux\u00eda - Nord Ib\u00e8ric de costa a costa","og_description":"Vaig fins a Ponteceso des de Filgueira i segueixo cap a Mux\u00eda pel cam\u00ed de la costa previst. \u00c9s una etapa que es fa llarga i \u00e9s complicada en uns quants punts ja que es passa per alguns senders no ciclables, pistes forestals litorals i carreteres de costa. Hi ha una pujadeta dura abans de [&hellip;]","og_url":"https:\/\/northiberianctc.com\/blog\/ca\/?p=468","og_site_name":"Nord Ib\u00e8ric de costa a costa","article_published_time":"2013-07-12T12:06:53+00:00","article_modified_time":"2013-10-02T12:47:09+00:00","og_image":[{"url":"https:\/\/northiberianctc.com\/img\/stages\/43-gal.jpg","type":"","width":"","height":""}],"author":"gerard","twitter_misc":{"Escrit per":"gerard","Temps estimat de lectura":"2 minuts"},"schema":{"@context":"https:\/\/schema.org","@graph":[{"@type":"WebPage","@id":"https:\/\/northiberianctc.com\/blog\/ca\/?p=468","url":"https:\/\/northiberianctc.com\/blog\/ca\/?p=468","name":"Etapa 43: Ponteceso \u2013 Mux\u00eda - Nord Ib\u00e8ric de costa a costa","isPartOf":{"@id":"https:\/\/northiberianctc.com\/blog\/ca\/#website"},"primaryImageOfPage":{"@id":"https:\/\/northiberianctc.com\/blog\/ca\/?p=468#primaryimage"},"image":{"@id":"https:\/\/northiberianctc.com\/blog\/ca\/?p=468#primaryimage"},"thumbnailUrl":"https:\/\/northiberianctc.com\/img\/stages\/43-gal.jpg","datePublished":"2013-07-12T12:06:53+00:00","dateModified":"2013-10-02T12:47:09+00:00","author":{"@id":"https:\/\/northiberianctc.com\/blog\/ca\/#\/schema\/person\/bf4335cdd9e1c68e5396ab9deacbf1a5"},"breadcrumb":{"@id":"https:\/\/northiberianctc.com\/blog\/ca\/?p=468#breadcrumb"},"inLanguage":"ca","potentialAction":[{"@type":"ReadAction","target":["https:\/\/northiberianctc.com\/blog\/ca\/?p=468"]}]},{"@type":"ImageObject","inLanguage":"ca","@id":"https:\/\/northiberianctc.com\/blog\/ca\/?p=468#primaryimage","url":"https:\/\/northiberianctc.com\/img\/stages\/43-gal.jpg","contentUrl":"https:\/\/northiberianctc.com\/img\/stages\/43-gal.jpg"},{"@type":"BreadcrumbList","@id":"https:\/\/northiberianctc.com\/blog\/ca\/?p=468#breadcrumb","itemListElement":[{"@type":"ListItem","position":1,"name":"Home","item":"https:\/\/northiberianctc.com\/blog\/ca\/"},{"@type":"ListItem","position":2,"name":"Etapa 43: Ponteceso \u2013 Mux\u00eda"}]},{"@type":"WebSite","@id":"https:\/\/northiberianctc.com\/blog\/ca\/#website","url":"https:\/\/northiberianctc.com\/blog\/ca\/","name":"Nord Ib\u00e8ric de costa a costa","description":"Nord de la Pen\u00ednsula Ib\u00e8rica, 2.400 km d&#039;experi\u00e8ncia en bicicleta de muntanya","potentialAction":[{"@type":"SearchAction","target":{"@type":"EntryPoint","urlTemplate":"https:\/\/northiberianctc.com\/blog\/ca\/?s={search_term_string}"},"query-input":{"@type":"PropertyValueSpecification","valueRequired":true,"valueName":"search_term_string"}}],"inLanguage":"ca"},{"@type":"Person","@id":"https:\/\/northiberianctc.com\/blog\/ca\/#\/schema\/person\/bf4335cdd9e1c68e5396ab9deacbf1a5","name":"gerard","image":{"@type":"ImageObject","inLanguage":"ca","@id":"https:\/\/northiberianctc.com\/blog\/ca\/#\/schema\/person\/image\/","url":"https:\/\/secure.gravatar.com\/avatar\/0878a6750dc6aa874826b162dc943830?s=96&d=mm&r=g","contentUrl":"https:\/\/secure.gravatar.com\/avatar\/0878a6750dc6aa874826b162dc943830?s=96&d=mm&r=g","caption":"gerard"},"url":"https:\/\/northiberianctc.com\/blog\/ca\/?author=1"}]}},"_links":{"self":[{"href":"https:\/\/northiberianctc.com\/blog\/ca\/index.php?rest_route=\/wp\/v2\/posts\/468"}],"collection":[{"href":"https:\/\/northiberianctc.com\/blog\/ca\/index.php?rest_route=\/wp\/v2\/posts"}],"about":[{"href":"https:\/\/northiberianctc.com\/blog\/ca\/index.php?rest_route=\/wp\/v2\/types\/post"}],"author":[{"embeddable":true,"href":"https:\/\/northiberianctc.com\/blog\/ca\/index.php?rest_route=\/wp\/v2\/users\/1"}],"replies":[{"embeddable":true,"href":"https:\/\/northiberianctc.com\/blog\/ca\/index.php?rest_route=%2Fwp%2Fv2%2Fcomments&post=468"}],"version-history":[{"count":8,"href":"https:\/\/northiberianctc.com\/blog\/ca\/index.php?rest_route=\/wp\/v2\/posts\/468\/revisions"}],"predecessor-version":[{"id":471,"href":"https:\/\/northiberianctc.com\/blog\/ca\/index.php?rest_route=\/wp\/v2\/posts\/468\/revisions\/471"}],"wp:attachment":[{"href":"https:\/\/northiberianctc.com\/blog\/ca\/index.php?rest_route=%2Fwp%2Fv2%2Fmedia&parent=468"}],"wp:term":[{"taxonomy":"category","embeddable":true,"href":"https:\/\/northiberianctc.com\/blog\/ca\/index.php?rest_route=%2Fwp%2Fv2%2Fcategories&post=468"},{"taxonomy":"post_tag","embeddable":true,"href":"https:\/\/northiberianctc.com\/blog\/ca\/index.php?rest_route=%2Fwp%2Fv2%2Ftags&post=468"}],"curies":[{"name":"wp","href":"https:\/\/api.w.org\/{rel}","templated":true}]}}