{"id":238,"date":"2012-10-08T21:45:07","date_gmt":"2012-10-08T21:45:07","guid":{"rendered":"http:\/\/northiberianctc.com\/blog\/en\/?p=238"},"modified":"2013-09-30T16:07:25","modified_gmt":"2013-09-30T16:07:25","slug":"stage-9-baga-fornols","status":"publish","type":"post","link":"https:\/\/northiberianctc.com\/blog\/en\/?p=238","title":{"rendered":"Stage 9: Bag\u00e0 \u2013 F\u00f2rnols"},"content":{"rendered":"<p><img decoding=\"async\" loading=\"lazy\" class=\"alignright\" style=\"margin-left: 6px; margin-right: 6px;\" alt=\"Bag\u00e0 \u2013 F\u00f2rnols\" src=\"https:\/\/northiberianctc.com\/img\/stages\/9-pyre.jpg\" width=\"320\" height=\"195\" \/>The stage shouldn&#8217;t be Bag\u00e0 \u2013 F\u00f2rnols, but it should be up to Pla de Sant Tirs, but I was confused several times along the ways, and it made me waste a lot of time. I preferred to stay at \u201cMol\u00ed de F\u00f2rnols\u201d campsite; going back, I had pedalled 58 kilometres and I had not reached the village of La Barceloneta yet. The track I provide here ends at the campsite.<\/p>\n<p>This stage is climbing up the Pedraforca and gets to Tuixent. Along the way, there are a few water sources that work perfectly and are accurately marked on the TopoPirineos digital map. From Tuixent to Noves de Segre, we would have about two hours and a half by bike, but as I won&#8217;t be able to arrive during daytime, since in October, sunshine hours are short, I think of resting for a day and considering whether I would go on with the trip during this fall.<\/p>\n<div style=\"margin: 0 auto 0 auto; width: 400px;\"><iframe loading=\"lazy\" src=\"https:\/\/ssl.panoramio.com\/wapi\/template\/photo.html?user=7124452&amp;tag=stage9nictc&amp;bgcolor=%23FFFFFF\" height=\"400\" width=\"500\" frameborder=\"0\" marginwidth=\"0\" marginheight=\"0\" scrolling=\"no\"><\/iframe><\/div>\n<p><strong>Stage 9 in Wikiloc<\/strong>: <a title=\"stage 9\" href=\"http:\/\/en.wikiloc.com\/wikiloc\/view.do?id=4973268\">http:\/\/en.wikiloc.com\/wikiloc\/view.do?id=4973268<\/a><\/p>\n<p><strong>GPS Track for Stage 9 download<\/strong>: <a title=\"track 9\" href=\"http:\/\/goo.gl\/ZCy9mz\">http:\/\/goo.gl\/ZCy9mz<\/a><\/p>\n<p><strong>Distances<\/strong>:\u00a0 Bastareny campsite \u2013 Mol\u00ed de F\u00f2rnols campsite 42 km<\/p>\n<p><strong>List of villages<\/strong>:<\/p>\n<div style=\"width: 210px\" class=\"wp-caption alignright\"><img decoding=\"async\" loading=\"lazy\" alt=\"Download track 9 with QR BIDI\" src=\"https:\/\/northiberianctc.com\/img\/qr\/9-pyre.png\" width=\"200\" height=\"200\" \/><p class=\"wp-caption-text\">Download track 9 with QR BIDI<\/p><\/div>\n<p>Bag\u00e0<br \/>\nJosa de Cad\u00ed<br \/>\nTuixent<br \/>\nMontarnell de la Vansa<br \/>\nSorribes de la Vansa<br \/>\nLa Barceloneta<\/p>\n<p><strong>Price of accommodation<\/strong>: 11 euros.<\/p>\n<p><strong>References<\/strong>: C\u00e0mping Mol\u00ed de F\u00f2rnols. 25717 F\u00f3rnols. Tel. +34.973370021 www.molidefornols.com<\/p>\n<p><strong><a hreflang=\"es\" rel=\"alternate\" href=\"https:\/\/northiberianctc.com\/blog\/es\/?p=166\" title=\"Etapa 9\">Etapa 9 en castellano<\/a><\/strong> \u00b7 <strong><a hreflang=\"ca\" rel=\"alternate\" href=\"https:\/\/northiberianctc.com\/blog\/ca\/?p=248\" title=\"Etapa 9\">Etapa 9 en catal\u00e0<\/a><\/strong><\/p>\n","protected":false},"excerpt":{"rendered":"<p>The stage shouldn&#8217;t be Bag\u00e0 \u2013 F\u00f2rnols, but it should be up to Pla de Sant Tirs, but I was confused several times along the ways, and it made me waste a lot of time. I preferred to stay at \u201cMol\u00ed de F\u00f2rnols\u201d campsite; going back, I had pedalled 58 kilometres and I had not [&hellip;]<\/p>\n","protected":false},"author":1,"featured_media":0,"comment_status":"open","ping_status":"open","sticky":false,"template":"","format":"standard","meta":{"footnotes":""},"categories":[1],"tags":[],"yoast_head":"<!-- This site is optimized with the Yoast SEO plugin v22.6 - https:\/\/yoast.com\/wordpress\/plugins\/seo\/ -->\n<title>Stage 9: Bag\u00e0 \u2013 F\u00f2rnols - North Iberian coast to coast<\/title>\n<meta name=\"robots\" content=\"index, follow, max-snippet:-1, max-image-preview:large, max-video-preview:-1\" \/>\n<link rel=\"canonical\" href=\"https:\/\/northiberianctc.com\/blog\/en\/?p=238\" \/>\n<meta property=\"og:locale\" content=\"en_US\" \/>\n<meta property=\"og:type\" content=\"article\" \/>\n<meta property=\"og:title\" content=\"Stage 9: Bag\u00e0 \u2013 F\u00f2rnols - North Iberian coast to coast\" \/>\n<meta property=\"og:description\" content=\"The stage shouldn&#8217;t be Bag\u00e0 \u2013 F\u00f2rnols, but it should be up to Pla de Sant Tirs, but I was confused several times along the ways, and it made me waste a lot of time. I preferred to stay at \u201cMol\u00ed de F\u00f2rnols\u201d campsite; going back, I had pedalled 58 kilometres and I had not [&hellip;]\" \/>\n<meta property=\"og:url\" content=\"https:\/\/northiberianctc.com\/blog\/en\/?p=238\" \/>\n<meta property=\"og:site_name\" content=\"North Iberian coast to coast\" \/>\n<meta property=\"article:published_time\" content=\"2012-10-08T21:45:07+00:00\" \/>\n<meta property=\"article:modified_time\" content=\"2013-09-30T16:07:25+00:00\" \/>\n<meta property=\"og:image\" content=\"https:\/\/northiberianctc.com\/img\/stages\/9-pyre.jpg\" \/>\n<meta name=\"author\" content=\"gerard\" \/>\n<meta name=\"twitter:label1\" content=\"Written by\" \/>\n\t<meta name=\"twitter:data1\" content=\"gerard\" \/>\n\t<meta name=\"twitter:label2\" content=\"Est. reading time\" \/>\n\t<meta name=\"twitter:data2\" content=\"1 minute\" \/>\n<script type=\"application\/ld+json\" class=\"yoast-schema-graph\">{\"@context\":\"https:\/\/schema.org\",\"@graph\":[{\"@type\":\"WebPage\",\"@id\":\"https:\/\/northiberianctc.com\/blog\/en\/?p=238\",\"url\":\"https:\/\/northiberianctc.com\/blog\/en\/?p=238\",\"name\":\"Stage 9: Bag\u00e0 \u2013 F\u00f2rnols - North Iberian coast to coast\",\"isPartOf\":{\"@id\":\"https:\/\/northiberianctc.com\/blog\/en\/#website\"},\"primaryImageOfPage\":{\"@id\":\"https:\/\/northiberianctc.com\/blog\/en\/?p=238#primaryimage\"},\"image\":{\"@id\":\"https:\/\/northiberianctc.com\/blog\/en\/?p=238#primaryimage\"},\"thumbnailUrl\":\"https:\/\/northiberianctc.com\/img\/stages\/9-pyre.jpg\",\"datePublished\":\"2012-10-08T21:45:07+00:00\",\"dateModified\":\"2013-09-30T16:07:25+00:00\",\"author\":{\"@id\":\"https:\/\/northiberianctc.com\/blog\/en\/#\/schema\/person\/555f0bf4da34573475fbf3ceec55f347\"},\"breadcrumb\":{\"@id\":\"https:\/\/northiberianctc.com\/blog\/en\/?p=238#breadcrumb\"},\"inLanguage\":\"en-US\",\"potentialAction\":[{\"@type\":\"ReadAction\",\"target\":[\"https:\/\/northiberianctc.com\/blog\/en\/?p=238\"]}]},{\"@type\":\"ImageObject\",\"inLanguage\":\"en-US\",\"@id\":\"https:\/\/northiberianctc.com\/blog\/en\/?p=238#primaryimage\",\"url\":\"https:\/\/northiberianctc.com\/img\/stages\/9-pyre.jpg\",\"contentUrl\":\"https:\/\/northiberianctc.com\/img\/stages\/9-pyre.jpg\"},{\"@type\":\"BreadcrumbList\",\"@id\":\"https:\/\/northiberianctc.com\/blog\/en\/?p=238#breadcrumb\",\"itemListElement\":[{\"@type\":\"ListItem\",\"position\":1,\"name\":\"Home\",\"item\":\"https:\/\/northiberianctc.com\/blog\/en\/\"},{\"@type\":\"ListItem\",\"position\":2,\"name\":\"Stage 9: Bag\u00e0 \u2013 F\u00f2rnols\"}]},{\"@type\":\"WebSite\",\"@id\":\"https:\/\/northiberianctc.com\/blog\/en\/#website\",\"url\":\"https:\/\/northiberianctc.com\/blog\/en\/\",\"name\":\"North Iberian coast to coast\",\"description\":\"North of the Iberian Peninsula, 2,400 km of mountain bike experience\",\"potentialAction\":[{\"@type\":\"SearchAction\",\"target\":{\"@type\":\"EntryPoint\",\"urlTemplate\":\"https:\/\/northiberianctc.com\/blog\/en\/?s={search_term_string}\"},\"query-input\":\"required name=search_term_string\"}],\"inLanguage\":\"en-US\"},{\"@type\":\"Person\",\"@id\":\"https:\/\/northiberianctc.com\/blog\/en\/#\/schema\/person\/555f0bf4da34573475fbf3ceec55f347\",\"name\":\"gerard\",\"image\":{\"@type\":\"ImageObject\",\"inLanguage\":\"en-US\",\"@id\":\"https:\/\/northiberianctc.com\/blog\/en\/#\/schema\/person\/image\/\",\"url\":\"https:\/\/secure.gravatar.com\/avatar\/0878a6750dc6aa874826b162dc943830?s=96&d=mm&r=g\",\"contentUrl\":\"https:\/\/secure.gravatar.com\/avatar\/0878a6750dc6aa874826b162dc943830?s=96&d=mm&r=g\",\"caption\":\"gerard\"},\"url\":\"https:\/\/northiberianctc.com\/blog\/en\/?author=1\"}]}<\/script>\n<!-- \/ Yoast SEO plugin. -->","yoast_head_json":{"title":"Stage 9: Bag\u00e0 \u2013 F\u00f2rnols - North Iberian coast to coast","robots":{"index":"index","follow":"follow","max-snippet":"max-snippet:-1","max-image-preview":"max-image-preview:large","max-video-preview":"max-video-preview:-1"},"canonical":"https:\/\/northiberianctc.com\/blog\/en\/?p=238","og_locale":"en_US","og_type":"article","og_title":"Stage 9: Bag\u00e0 \u2013 F\u00f2rnols - North Iberian coast to coast","og_description":"The stage shouldn&#8217;t be Bag\u00e0 \u2013 F\u00f2rnols, but it should be up to Pla de Sant Tirs, but I was confused several times along the ways, and it made me waste a lot of time. I preferred to stay at \u201cMol\u00ed de F\u00f2rnols\u201d campsite; going back, I had pedalled 58 kilometres and I had not [&hellip;]","og_url":"https:\/\/northiberianctc.com\/blog\/en\/?p=238","og_site_name":"North Iberian coast to coast","article_published_time":"2012-10-08T21:45:07+00:00","article_modified_time":"2013-09-30T16:07:25+00:00","og_image":[{"url":"https:\/\/northiberianctc.com\/img\/stages\/9-pyre.jpg"}],"author":"gerard","twitter_misc":{"Written by":"gerard","Est. reading time":"1 minute"},"schema":{"@context":"https:\/\/schema.org","@graph":[{"@type":"WebPage","@id":"https:\/\/northiberianctc.com\/blog\/en\/?p=238","url":"https:\/\/northiberianctc.com\/blog\/en\/?p=238","name":"Stage 9: Bag\u00e0 \u2013 F\u00f2rnols - North Iberian coast to coast","isPartOf":{"@id":"https:\/\/northiberianctc.com\/blog\/en\/#website"},"primaryImageOfPage":{"@id":"https:\/\/northiberianctc.com\/blog\/en\/?p=238#primaryimage"},"image":{"@id":"https:\/\/northiberianctc.com\/blog\/en\/?p=238#primaryimage"},"thumbnailUrl":"https:\/\/northiberianctc.com\/img\/stages\/9-pyre.jpg","datePublished":"2012-10-08T21:45:07+00:00","dateModified":"2013-09-30T16:07:25+00:00","author":{"@id":"https:\/\/northiberianctc.com\/blog\/en\/#\/schema\/person\/555f0bf4da34573475fbf3ceec55f347"},"breadcrumb":{"@id":"https:\/\/northiberianctc.com\/blog\/en\/?p=238#breadcrumb"},"inLanguage":"en-US","potentialAction":[{"@type":"ReadAction","target":["https:\/\/northiberianctc.com\/blog\/en\/?p=238"]}]},{"@type":"ImageObject","inLanguage":"en-US","@id":"https:\/\/northiberianctc.com\/blog\/en\/?p=238#primaryimage","url":"https:\/\/northiberianctc.com\/img\/stages\/9-pyre.jpg","contentUrl":"https:\/\/northiberianctc.com\/img\/stages\/9-pyre.jpg"},{"@type":"BreadcrumbList","@id":"https:\/\/northiberianctc.com\/blog\/en\/?p=238#breadcrumb","itemListElement":[{"@type":"ListItem","position":1,"name":"Home","item":"https:\/\/northiberianctc.com\/blog\/en\/"},{"@type":"ListItem","position":2,"name":"Stage 9: Bag\u00e0 \u2013 F\u00f2rnols"}]},{"@type":"WebSite","@id":"https:\/\/northiberianctc.com\/blog\/en\/#website","url":"https:\/\/northiberianctc.com\/blog\/en\/","name":"North Iberian coast to coast","description":"North of the Iberian Peninsula, 2,400 km of mountain bike experience","potentialAction":[{"@type":"SearchAction","target":{"@type":"EntryPoint","urlTemplate":"https:\/\/northiberianctc.com\/blog\/en\/?s={search_term_string}"},"query-input":"required name=search_term_string"}],"inLanguage":"en-US"},{"@type":"Person","@id":"https:\/\/northiberianctc.com\/blog\/en\/#\/schema\/person\/555f0bf4da34573475fbf3ceec55f347","name":"gerard","image":{"@type":"ImageObject","inLanguage":"en-US","@id":"https:\/\/northiberianctc.com\/blog\/en\/#\/schema\/person\/image\/","url":"https:\/\/secure.gravatar.com\/avatar\/0878a6750dc6aa874826b162dc943830?s=96&d=mm&r=g","contentUrl":"https:\/\/secure.gravatar.com\/avatar\/0878a6750dc6aa874826b162dc943830?s=96&d=mm&r=g","caption":"gerard"},"url":"https:\/\/northiberianctc.com\/blog\/en\/?author=1"}]}},"_links":{"self":[{"href":"https:\/\/northiberianctc.com\/blog\/en\/index.php?rest_route=\/wp\/v2\/posts\/238"}],"collection":[{"href":"https:\/\/northiberianctc.com\/blog\/en\/index.php?rest_route=\/wp\/v2\/posts"}],"about":[{"href":"https:\/\/northiberianctc.com\/blog\/en\/index.php?rest_route=\/wp\/v2\/types\/post"}],"author":[{"embeddable":true,"href":"https:\/\/northiberianctc.com\/blog\/en\/index.php?rest_route=\/wp\/v2\/users\/1"}],"replies":[{"embeddable":true,"href":"https:\/\/northiberianctc.com\/blog\/en\/index.php?rest_route=%2Fwp%2Fv2%2Fcomments&post=238"}],"version-history":[{"count":6,"href":"https:\/\/northiberianctc.com\/blog\/en\/index.php?rest_route=\/wp\/v2\/posts\/238\/revisions"}],"predecessor-version":[{"id":571,"href":"https:\/\/northiberianctc.com\/blog\/en\/index.php?rest_route=\/wp\/v2\/posts\/238\/revisions\/571"}],"wp:attachment":[{"href":"https:\/\/northiberianctc.com\/blog\/en\/index.php?rest_route=%2Fwp%2Fv2%2Fmedia&parent=238"}],"wp:term":[{"taxonomy":"category","embeddable":true,"href":"https:\/\/northiberianctc.com\/blog\/en\/index.php?rest_route=%2Fwp%2Fv2%2Fcategories&post=238"},{"taxonomy":"post_tag","embeddable":true,"href":"https:\/\/northiberianctc.com\/blog\/en\/index.php?rest_route=%2Fwp%2Fv2%2Ftags&post=238"}],"curies":[{"name":"wp","href":"https:\/\/api.w.org\/{rel}","templated":true}]}}