{"id":162,"date":"2012-10-06T16:49:33","date_gmt":"2012-10-06T16:49:33","guid":{"rendered":"http:\/\/northiberianctc.com\/blog\/es\/?p=162"},"modified":"2013-09-28T16:01:34","modified_gmt":"2013-09-28T16:01:34","slug":"etapa-7-ribes-de-freser-planoles","status":"publish","type":"post","link":"https:\/\/northiberianctc.com\/blog\/es\/?p=162","title":{"rendered":"Etapa 7: Ribes de Freser \u2013 Planoles"},"content":{"rendered":"<p><img loading=\"lazy\" decoding=\"async\" class=\"alignright\" style=\"margin-left: 5px; margin-right: 5px;\" alt=\"Ribes de Freser \u2013 Planoles\" src=\"https:\/\/northiberianctc.com\/img\/stages\/7-pyre.jpg\" width=\"320\" height=\"195\" \/>Etapa cortita, por culpa de unos incidentes mec\u00e1nicos con la bicicleta, que me han obligado a detenerme unas horas antes de salir de Ribes. Al final solamente he pedaleado tres horas y me he dedicado a hacer el turista por las poblaciones por las que he pasado.<\/p>\n<p>Pernocto en el camping \u201cMasia Can Fosses\u201d, en la entrada de Planoles.<\/p>\n<div style=\"margin: 0 auto 0 auto; width: 400px;\"><iframe loading=\"lazy\" src=\"https:\/\/ssl.panoramio.com\/wapi\/template\/photo.html?user=7124452&amp;tag=stage7nictc&amp;bgcolor=%23FFFFFF\" height=\"400\" width=\"500\" frameborder=\"0\" marginwidth=\"0\" marginheight=\"0\" scrolling=\"no\"><\/iframe><\/div>\n<p><strong>Etapa 7 en Wikiloc<\/strong>: <a title=\"etapa 7\" href=\"http:\/\/es.wikiloc.com\/wikiloc\/view.do?id=4973198\">http:\/\/es.wikiloc.com\/wikiloc\/view.do?id=4973198<\/a><\/p>\n<p><strong>Track GPS Etapa 7 para descargar<\/strong>: <a title=\"track 7\" href=\"http:\/\/goo.gl\/t4LeRX\">http:\/\/goo.gl\/t4LeRX<\/a><\/p>\n<p><strong>Distancias<\/strong>: C\u00e0mping Vall de Ribes \u2013 C\u00e0mping  Masia Can Fosses 20 km<\/p>\n<p><strong>Poblaciones<\/strong>:<\/p>\n<div style=\"width: 210px\" class=\"wp-caption alignright\"><img loading=\"lazy\" decoding=\"async\" alt=\"Descarga el track 7 con QR BIDI\" src=\"https:\/\/northiberianctc.com\/img\/qr\/7-pyre.png\" width=\"200\" height=\"200\" \/><p class=\"wp-caption-text\">Descarga el track 7 con QR BIDI<\/p><\/div>\n<p>Ribes de Freser<br \/>\nRialp<br \/>\nVilamanya<br \/>\nPlanoles<\/p>\n<p><strong>Precio del alojamiento<\/strong>: 12 euros.<\/p>\n<p><strong>Referencias<\/strong>: C\u00e0mping Can Fosses. Cam\u00ed Can Fosses, s\/n. 17535 Planoles. Tel. +34.972736065. www.canfosses.com<\/p>\n<p><strong><a hreflang=\"en\" rel=\"alternate\" href=\"https:\/\/northiberianctc.com\/blog\/en\/?p=233\" title=\"Stage 7\">Stage 7 in English<\/a><\/strong> \u00b7 <strong><a hreflang=\"ca\" rel=\"alternate\" href=\"https:\/\/northiberianctc.com\/blog\/ca\/?p=225\" title=\"Etapa 7\">Etapa 7 en catal\u00e0<\/a><\/strong><\/p>\n","protected":false},"excerpt":{"rendered":"<p>Etapa cortita, por culpa de unos incidentes mec\u00e1nicos con la bicicleta, que me han obligado a detenerme unas horas antes de salir de Ribes. Al final solamente he pedaleado tres horas y me he dedicado a hacer el turista por las poblaciones por las que he pasado. Pernocto en el camping \u201cMasia Can Fosses\u201d, en [&hellip;]<\/p>\n","protected":false},"author":1,"featured_media":0,"comment_status":"open","ping_status":"open","sticky":false,"template":"","format":"standard","meta":{"footnotes":""},"categories":[1],"tags":[],"class_list":["post-162","post","type-post","status-publish","format-standard","hentry","category-diario"],"yoast_head":"<!-- This site is optimized with the Yoast SEO plugin v27.5 - https:\/\/yoast.com\/product\/yoast-seo-wordpress\/ -->\n<title>Etapa 7: Ribes de Freser \u2013 Planoles - Norte Ib\u00e9rico de costa a costa<\/title>\n<meta name=\"robots\" content=\"index, follow, max-snippet:-1, max-image-preview:large, max-video-preview:-1\" \/>\n<link rel=\"canonical\" href=\"https:\/\/northiberianctc.com\/blog\/es\/?p=162\" \/>\n<meta property=\"og:locale\" content=\"es_ES\" \/>\n<meta property=\"og:type\" content=\"article\" \/>\n<meta property=\"og:title\" content=\"Etapa 7: Ribes de Freser \u2013 Planoles - Norte Ib\u00e9rico de costa a costa\" \/>\n<meta property=\"og:description\" content=\"Etapa cortita, por culpa de unos incidentes mec\u00e1nicos con la bicicleta, que me han obligado a detenerme unas horas antes de salir de Ribes. Al final solamente he pedaleado tres horas y me he dedicado a hacer el turista por las poblaciones por las que he pasado. Pernocto en el camping \u201cMasia Can Fosses\u201d, en [&hellip;]\" \/>\n<meta property=\"og:url\" content=\"https:\/\/northiberianctc.com\/blog\/es\/?p=162\" \/>\n<meta property=\"og:site_name\" content=\"Norte Ib\u00e9rico de costa a costa\" \/>\n<meta property=\"article:published_time\" content=\"2012-10-06T16:49:33+00:00\" \/>\n<meta property=\"article:modified_time\" content=\"2013-09-28T16:01:34+00:00\" \/>\n<meta property=\"og:image\" content=\"https:\/\/northiberianctc.com\/img\/stages\/7-pyre.jpg\" \/>\n<meta name=\"author\" content=\"gerard\" \/>\n<meta name=\"twitter:label1\" content=\"Escrito por\" \/>\n\t<meta name=\"twitter:data1\" content=\"gerard\" \/>\n\t<meta name=\"twitter:label2\" content=\"Tiempo de lectura\" \/>\n\t<meta name=\"twitter:data2\" content=\"1 minuto\" \/>\n<script type=\"application\/ld+json\" class=\"yoast-schema-graph\">{\"@context\":\"https:\\\/\\\/schema.org\",\"@graph\":[{\"@type\":\"Article\",\"@id\":\"https:\\\/\\\/northiberianctc.com\\\/blog\\\/es\\\/?p=162#article\",\"isPartOf\":{\"@id\":\"https:\\\/\\\/northiberianctc.com\\\/blog\\\/es\\\/?p=162\"},\"author\":{\"name\":\"gerard\",\"@id\":\"https:\\\/\\\/northiberianctc.com\\\/blog\\\/es\\\/#\\\/schema\\\/person\\\/22ba360fc6d49feb07072aae7579f785\"},\"headline\":\"Etapa 7: Ribes de Freser \u2013 Planoles\",\"datePublished\":\"2012-10-06T16:49:33+00:00\",\"dateModified\":\"2013-09-28T16:01:34+00:00\",\"mainEntityOfPage\":{\"@id\":\"https:\\\/\\\/northiberianctc.com\\\/blog\\\/es\\\/?p=162\"},\"wordCount\":142,\"commentCount\":0,\"image\":{\"@id\":\"https:\\\/\\\/northiberianctc.com\\\/blog\\\/es\\\/?p=162#primaryimage\"},\"thumbnailUrl\":\"https:\\\/\\\/northiberianctc.com\\\/img\\\/stages\\\/7-pyre.jpg\",\"articleSection\":[\"Diario\"],\"inLanguage\":\"es\",\"potentialAction\":[{\"@type\":\"CommentAction\",\"name\":\"Comment\",\"target\":[\"https:\\\/\\\/northiberianctc.com\\\/blog\\\/es\\\/?p=162#respond\"]}]},{\"@type\":\"WebPage\",\"@id\":\"https:\\\/\\\/northiberianctc.com\\\/blog\\\/es\\\/?p=162\",\"url\":\"https:\\\/\\\/northiberianctc.com\\\/blog\\\/es\\\/?p=162\",\"name\":\"Etapa 7: Ribes de Freser \u2013 Planoles - Norte Ib\u00e9rico de costa a costa\",\"isPartOf\":{\"@id\":\"https:\\\/\\\/northiberianctc.com\\\/blog\\\/es\\\/#website\"},\"primaryImageOfPage\":{\"@id\":\"https:\\\/\\\/northiberianctc.com\\\/blog\\\/es\\\/?p=162#primaryimage\"},\"image\":{\"@id\":\"https:\\\/\\\/northiberianctc.com\\\/blog\\\/es\\\/?p=162#primaryimage\"},\"thumbnailUrl\":\"https:\\\/\\\/northiberianctc.com\\\/img\\\/stages\\\/7-pyre.jpg\",\"datePublished\":\"2012-10-06T16:49:33+00:00\",\"dateModified\":\"2013-09-28T16:01:34+00:00\",\"author\":{\"@id\":\"https:\\\/\\\/northiberianctc.com\\\/blog\\\/es\\\/#\\\/schema\\\/person\\\/22ba360fc6d49feb07072aae7579f785\"},\"breadcrumb\":{\"@id\":\"https:\\\/\\\/northiberianctc.com\\\/blog\\\/es\\\/?p=162#breadcrumb\"},\"inLanguage\":\"es\",\"potentialAction\":[{\"@type\":\"ReadAction\",\"target\":[\"https:\\\/\\\/northiberianctc.com\\\/blog\\\/es\\\/?p=162\"]}]},{\"@type\":\"ImageObject\",\"inLanguage\":\"es\",\"@id\":\"https:\\\/\\\/northiberianctc.com\\\/blog\\\/es\\\/?p=162#primaryimage\",\"url\":\"https:\\\/\\\/northiberianctc.com\\\/img\\\/stages\\\/7-pyre.jpg\",\"contentUrl\":\"https:\\\/\\\/northiberianctc.com\\\/img\\\/stages\\\/7-pyre.jpg\"},{\"@type\":\"BreadcrumbList\",\"@id\":\"https:\\\/\\\/northiberianctc.com\\\/blog\\\/es\\\/?p=162#breadcrumb\",\"itemListElement\":[{\"@type\":\"ListItem\",\"position\":1,\"name\":\"Home\",\"item\":\"https:\\\/\\\/northiberianctc.com\\\/blog\\\/es\\\/\"},{\"@type\":\"ListItem\",\"position\":2,\"name\":\"Etapa 7: Ribes de Freser \u2013 Planoles\"}]},{\"@type\":\"WebSite\",\"@id\":\"https:\\\/\\\/northiberianctc.com\\\/blog\\\/es\\\/#website\",\"url\":\"https:\\\/\\\/northiberianctc.com\\\/blog\\\/es\\\/\",\"name\":\"Norte Ib\u00e9rico de costa a costa\",\"description\":\"Norte de la Pen\u00ednsula Ib\u00e9rica, 2.400 km de experiencia en bicicleta de monta\u00f1a\",\"potentialAction\":[{\"@type\":\"SearchAction\",\"target\":{\"@type\":\"EntryPoint\",\"urlTemplate\":\"https:\\\/\\\/northiberianctc.com\\\/blog\\\/es\\\/?s={search_term_string}\"},\"query-input\":{\"@type\":\"PropertyValueSpecification\",\"valueRequired\":true,\"valueName\":\"search_term_string\"}}],\"inLanguage\":\"es\"},{\"@type\":\"Person\",\"@id\":\"https:\\\/\\\/northiberianctc.com\\\/blog\\\/es\\\/#\\\/schema\\\/person\\\/22ba360fc6d49feb07072aae7579f785\",\"name\":\"gerard\",\"image\":{\"@type\":\"ImageObject\",\"inLanguage\":\"es\",\"@id\":\"https:\\\/\\\/secure.gravatar.com\\\/avatar\\\/27bb7adfc7c2756eaa4c5b429daf73977619bf29c70c672f113274ae23755e0b?s=96&d=mm&r=g\",\"url\":\"https:\\\/\\\/secure.gravatar.com\\\/avatar\\\/27bb7adfc7c2756eaa4c5b429daf73977619bf29c70c672f113274ae23755e0b?s=96&d=mm&r=g\",\"contentUrl\":\"https:\\\/\\\/secure.gravatar.com\\\/avatar\\\/27bb7adfc7c2756eaa4c5b429daf73977619bf29c70c672f113274ae23755e0b?s=96&d=mm&r=g\",\"caption\":\"gerard\"},\"url\":\"https:\\\/\\\/northiberianctc.com\\\/blog\\\/es\\\/?author=1\"}]}<\/script>\n<!-- \/ Yoast SEO plugin. -->","yoast_head_json":{"title":"Etapa 7: Ribes de Freser \u2013 Planoles - Norte Ib\u00e9rico de costa a costa","robots":{"index":"index","follow":"follow","max-snippet":"max-snippet:-1","max-image-preview":"max-image-preview:large","max-video-preview":"max-video-preview:-1"},"canonical":"https:\/\/northiberianctc.com\/blog\/es\/?p=162","og_locale":"es_ES","og_type":"article","og_title":"Etapa 7: Ribes de Freser \u2013 Planoles - Norte Ib\u00e9rico de costa a costa","og_description":"Etapa cortita, por culpa de unos incidentes mec\u00e1nicos con la bicicleta, que me han obligado a detenerme unas horas antes de salir de Ribes. Al final solamente he pedaleado tres horas y me he dedicado a hacer el turista por las poblaciones por las que he pasado. Pernocto en el camping \u201cMasia Can Fosses\u201d, en [&hellip;]","og_url":"https:\/\/northiberianctc.com\/blog\/es\/?p=162","og_site_name":"Norte Ib\u00e9rico de costa a costa","article_published_time":"2012-10-06T16:49:33+00:00","article_modified_time":"2013-09-28T16:01:34+00:00","og_image":[{"url":"https:\/\/northiberianctc.com\/img\/stages\/7-pyre.jpg","type":"","width":"","height":""}],"author":"gerard","twitter_misc":{"Escrito por":"gerard","Tiempo de lectura":"1 minuto"},"schema":{"@context":"https:\/\/schema.org","@graph":[{"@type":"Article","@id":"https:\/\/northiberianctc.com\/blog\/es\/?p=162#article","isPartOf":{"@id":"https:\/\/northiberianctc.com\/blog\/es\/?p=162"},"author":{"name":"gerard","@id":"https:\/\/northiberianctc.com\/blog\/es\/#\/schema\/person\/22ba360fc6d49feb07072aae7579f785"},"headline":"Etapa 7: Ribes de Freser \u2013 Planoles","datePublished":"2012-10-06T16:49:33+00:00","dateModified":"2013-09-28T16:01:34+00:00","mainEntityOfPage":{"@id":"https:\/\/northiberianctc.com\/blog\/es\/?p=162"},"wordCount":142,"commentCount":0,"image":{"@id":"https:\/\/northiberianctc.com\/blog\/es\/?p=162#primaryimage"},"thumbnailUrl":"https:\/\/northiberianctc.com\/img\/stages\/7-pyre.jpg","articleSection":["Diario"],"inLanguage":"es","potentialAction":[{"@type":"CommentAction","name":"Comment","target":["https:\/\/northiberianctc.com\/blog\/es\/?p=162#respond"]}]},{"@type":"WebPage","@id":"https:\/\/northiberianctc.com\/blog\/es\/?p=162","url":"https:\/\/northiberianctc.com\/blog\/es\/?p=162","name":"Etapa 7: Ribes de Freser \u2013 Planoles - Norte Ib\u00e9rico de costa a costa","isPartOf":{"@id":"https:\/\/northiberianctc.com\/blog\/es\/#website"},"primaryImageOfPage":{"@id":"https:\/\/northiberianctc.com\/blog\/es\/?p=162#primaryimage"},"image":{"@id":"https:\/\/northiberianctc.com\/blog\/es\/?p=162#primaryimage"},"thumbnailUrl":"https:\/\/northiberianctc.com\/img\/stages\/7-pyre.jpg","datePublished":"2012-10-06T16:49:33+00:00","dateModified":"2013-09-28T16:01:34+00:00","author":{"@id":"https:\/\/northiberianctc.com\/blog\/es\/#\/schema\/person\/22ba360fc6d49feb07072aae7579f785"},"breadcrumb":{"@id":"https:\/\/northiberianctc.com\/blog\/es\/?p=162#breadcrumb"},"inLanguage":"es","potentialAction":[{"@type":"ReadAction","target":["https:\/\/northiberianctc.com\/blog\/es\/?p=162"]}]},{"@type":"ImageObject","inLanguage":"es","@id":"https:\/\/northiberianctc.com\/blog\/es\/?p=162#primaryimage","url":"https:\/\/northiberianctc.com\/img\/stages\/7-pyre.jpg","contentUrl":"https:\/\/northiberianctc.com\/img\/stages\/7-pyre.jpg"},{"@type":"BreadcrumbList","@id":"https:\/\/northiberianctc.com\/blog\/es\/?p=162#breadcrumb","itemListElement":[{"@type":"ListItem","position":1,"name":"Home","item":"https:\/\/northiberianctc.com\/blog\/es\/"},{"@type":"ListItem","position":2,"name":"Etapa 7: Ribes de Freser \u2013 Planoles"}]},{"@type":"WebSite","@id":"https:\/\/northiberianctc.com\/blog\/es\/#website","url":"https:\/\/northiberianctc.com\/blog\/es\/","name":"Norte Ib\u00e9rico de costa a costa","description":"Norte de la Pen\u00ednsula Ib\u00e9rica, 2.400 km de experiencia en bicicleta de monta\u00f1a","potentialAction":[{"@type":"SearchAction","target":{"@type":"EntryPoint","urlTemplate":"https:\/\/northiberianctc.com\/blog\/es\/?s={search_term_string}"},"query-input":{"@type":"PropertyValueSpecification","valueRequired":true,"valueName":"search_term_string"}}],"inLanguage":"es"},{"@type":"Person","@id":"https:\/\/northiberianctc.com\/blog\/es\/#\/schema\/person\/22ba360fc6d49feb07072aae7579f785","name":"gerard","image":{"@type":"ImageObject","inLanguage":"es","@id":"https:\/\/secure.gravatar.com\/avatar\/27bb7adfc7c2756eaa4c5b429daf73977619bf29c70c672f113274ae23755e0b?s=96&d=mm&r=g","url":"https:\/\/secure.gravatar.com\/avatar\/27bb7adfc7c2756eaa4c5b429daf73977619bf29c70c672f113274ae23755e0b?s=96&d=mm&r=g","contentUrl":"https:\/\/secure.gravatar.com\/avatar\/27bb7adfc7c2756eaa4c5b429daf73977619bf29c70c672f113274ae23755e0b?s=96&d=mm&r=g","caption":"gerard"},"url":"https:\/\/northiberianctc.com\/blog\/es\/?author=1"}]}},"_links":{"self":[{"href":"https:\/\/northiberianctc.com\/blog\/es\/index.php?rest_route=\/wp\/v2\/posts\/162","targetHints":{"allow":["GET"]}}],"collection":[{"href":"https:\/\/northiberianctc.com\/blog\/es\/index.php?rest_route=\/wp\/v2\/posts"}],"about":[{"href":"https:\/\/northiberianctc.com\/blog\/es\/index.php?rest_route=\/wp\/v2\/types\/post"}],"author":[{"embeddable":true,"href":"https:\/\/northiberianctc.com\/blog\/es\/index.php?rest_route=\/wp\/v2\/users\/1"}],"replies":[{"embeddable":true,"href":"https:\/\/northiberianctc.com\/blog\/es\/index.php?rest_route=%2Fwp%2Fv2%2Fcomments&post=162"}],"version-history":[{"count":3,"href":"https:\/\/northiberianctc.com\/blog\/es\/index.php?rest_route=\/wp\/v2\/posts\/162\/revisions"}],"predecessor-version":[{"id":268,"href":"https:\/\/northiberianctc.com\/blog\/es\/index.php?rest_route=\/wp\/v2\/posts\/162\/revisions\/268"}],"wp:attachment":[{"href":"https:\/\/northiberianctc.com\/blog\/es\/index.php?rest_route=%2Fwp%2Fv2%2Fmedia&parent=162"}],"wp:term":[{"taxonomy":"category","embeddable":true,"href":"https:\/\/northiberianctc.com\/blog\/es\/index.php?rest_route=%2Fwp%2Fv2%2Fcategories&post=162"},{"taxonomy":"post_tag","embeddable":true,"href":"https:\/\/northiberianctc.com\/blog\/es\/index.php?rest_route=%2Fwp%2Fv2%2Ftags&post=162"}],"curies":[{"name":"wp","href":"https:\/\/api.w.org\/{rel}","templated":true}]}}