{"id":168,"date":"2012-10-10T16:54:12","date_gmt":"2012-10-10T16:54:12","guid":{"rendered":"http:\/\/northiberianctc.com\/blog\/es\/?p=168"},"modified":"2013-09-28T16:11:45","modified_gmt":"2013-09-28T16:11:45","slug":"etapa-10-fornols-la-seu-durgell","status":"publish","type":"post","link":"https:\/\/northiberianctc.com\/blog\/es\/?p=168","title":{"rendered":"Etapa 10: F\u00f2rnols \u2013 La Seu d&#8217;Urgell"},"content":{"rendered":"<p><img loading=\"lazy\" decoding=\"async\" class=\"alignright\" style=\"margin-left: 6px; margin-right: 6px;\" alt=\"F\u00f2rnols \u2013 La seu d'Urgell \" src=\"https:\/\/northiberianctc.com\/img\/stages\/10-pyre.jpg\" width=\"320\" height=\"195\" \/>Ayer d\u00eda 9 de octubre estuve haciendo un rastreo exhaustivo de los alojamientos que quedan abiertos en los Pirineos durante todo el oto\u00f1o. Algunos de los que ten\u00edan que estar abiertos esta temporada no se sabe si finalmente ofrecer\u00e1n servicios, porque la temporada de setas se ha retrasado y no se pueden tener los establecimientos vac\u00edos y esperando hu\u00e9spedes.  Por otra parte, los establecimientos siempre abiertos son bastante caros para el presupuesto que hab\u00eda dise\u00f1ado, y no se puede garantizar que haya alojamientos disponibles en las etapas que me he marcado, incluso haciendo peque\u00f1as variaciones.<\/p>\n<p>Decido finalizar ahora mis vacaciones y volver a venir en la primavera de 2013, con una buena experiencia acumulada y mejores expectativas en cuanto a alojamientos, porque el tiempo ha sido bueno durante los primeros diez d\u00edas de octubre.<\/p>\n<p>Me voy desde Mol\u00ed de F\u00f2rnols a La Seu d&#8217;Urgell por carreteras, haciendo un camino diferente del que podr\u00eda seguir yendo por  Pla de Sant Tirs por la ruta marcada, pero hay malas previsiones meteorol\u00f3gicas y quiero asegurarme de que a mediod\u00eda estar\u00e9 en La Seu, podr\u00e9 tomar un transporte p\u00fablico y volver a casa.<\/p>\n<div style=\"margin: 0 auto 0 auto; width: 400px;\"><iframe loading=\"lazy\" src=\"https:\/\/ssl.panoramio.com\/wapi\/template\/photo.html?user=7124452&amp;tag=stage10nictc&amp;bgcolor=%23FFFFFF\" height=\"400\" width=\"500\" frameborder=\"0\" marginwidth=\"0\" marginheight=\"0\" scrolling=\"no\"><\/iframe><\/div>\n<p><strong>Etapa 10 en Wikiloc<\/strong>: <a title=\"etapa 10\" href=\"http:\/\/es.wikiloc.com\/wikiloc\/view.do?id=4973283\">http:\/\/es.wikiloc.com\/wikiloc\/view.do?id=4973283<\/a><\/p>\n<p><strong>Track GPS Etapa 10 para descargar<\/strong>: <a title=\"track 10\" href=\"http:\/\/goo.gl\/ZTiAHv\">http:\/\/goo.gl\/ZTiAHv<\/a><\/p>\n<p><strong>Distancias<\/strong>: C\u00e0mping Mol\u00ed de F\u00f2rnols \u2013 La Seu d&#8217;Urgell 36 km<\/p>\n<p><strong>Poblaciones<\/strong>:<\/p>\n<div style=\"width: 210px\" class=\"wp-caption alignright\"><img loading=\"lazy\" decoding=\"async\" class=\"  \" alt=\"Descarga el track 10 con QR BIDI\" src=\"https:\/\/northiberianctc.com\/img\/qr\/10-pyre.png\" width=\"200\" height=\"200\" \/><p class=\"wp-caption-text\">Descarga el track 10 con QR BIDI<\/p><\/div>\n<p>Cornellana<br \/>\nLa Vansa i F\u00f2rnols<br \/>\nF\u00f2rnols<br \/>\nAdra\u00e9n<br \/>\nEl Ges<br \/>\nCerc<br \/>\nLa Seu d&#8217;Urgell<\/p>\n<p><strong><a hreflang=\"en\" rel=\"alternate\" href=\"https:\/\/northiberianctc.com\/blog\/en\/?p=240\" title=\"Stage 10\">Stage 10 in English<\/a><\/strong> \u00b7 <strong><a hreflang=\"ca\" rel=\"alternate\" href=\"https:\/\/northiberianctc.com\/blog\/ca\/?p=253\" title=\"Etapa 10\">Etapa 10 en catal\u00e0<\/a><\/strong><\/p>\n","protected":false},"excerpt":{"rendered":"<p>Ayer d\u00eda 9 de octubre estuve haciendo un rastreo exhaustivo de los alojamientos que quedan abiertos en los Pirineos durante todo el oto\u00f1o. Algunos de los que ten\u00edan que estar abiertos esta temporada no se sabe si finalmente ofrecer\u00e1n servicios, porque la temporada de setas se ha retrasado y no se pueden tener los establecimientos [&hellip;]<\/p>\n","protected":false},"author":1,"featured_media":0,"comment_status":"open","ping_status":"open","sticky":false,"template":"","format":"standard","meta":{"footnotes":""},"categories":[1],"tags":[],"class_list":["post-168","post","type-post","status-publish","format-standard","hentry","category-diario"],"yoast_head":"<!-- This site is optimized with the Yoast SEO plugin v27.5 - https:\/\/yoast.com\/product\/yoast-seo-wordpress\/ -->\n<title>Etapa 10: F\u00f2rnols \u2013 La Seu d&#039;Urgell - Norte Ib\u00e9rico de costa a costa<\/title>\n<meta name=\"robots\" content=\"index, follow, max-snippet:-1, max-image-preview:large, max-video-preview:-1\" \/>\n<link rel=\"canonical\" href=\"https:\/\/northiberianctc.com\/blog\/es\/?p=168\" \/>\n<meta property=\"og:locale\" content=\"es_ES\" \/>\n<meta property=\"og:type\" content=\"article\" \/>\n<meta property=\"og:title\" content=\"Etapa 10: F\u00f2rnols \u2013 La Seu d&#039;Urgell - Norte Ib\u00e9rico de costa a costa\" \/>\n<meta property=\"og:description\" content=\"Ayer d\u00eda 9 de octubre estuve haciendo un rastreo exhaustivo de los alojamientos que quedan abiertos en los Pirineos durante todo el oto\u00f1o. Algunos de los que ten\u00edan que estar abiertos esta temporada no se sabe si finalmente ofrecer\u00e1n servicios, porque la temporada de setas se ha retrasado y no se pueden tener los establecimientos [&hellip;]\" \/>\n<meta property=\"og:url\" content=\"https:\/\/northiberianctc.com\/blog\/es\/?p=168\" \/>\n<meta property=\"og:site_name\" content=\"Norte Ib\u00e9rico de costa a costa\" \/>\n<meta property=\"article:published_time\" content=\"2012-10-10T16:54:12+00:00\" \/>\n<meta property=\"article:modified_time\" content=\"2013-09-28T16:11:45+00:00\" \/>\n<meta property=\"og:image\" content=\"https:\/\/northiberianctc.com\/img\/stages\/10-pyre.jpg\" \/>\n<meta name=\"author\" content=\"gerard\" \/>\n<meta name=\"twitter:label1\" content=\"Escrito por\" \/>\n\t<meta name=\"twitter:data1\" content=\"gerard\" \/>\n\t<meta name=\"twitter:label2\" content=\"Tiempo de lectura\" \/>\n\t<meta name=\"twitter:data2\" content=\"1 minuto\" \/>\n<script type=\"application\/ld+json\" class=\"yoast-schema-graph\">{\"@context\":\"https:\\\/\\\/schema.org\",\"@graph\":[{\"@type\":\"Article\",\"@id\":\"https:\\\/\\\/northiberianctc.com\\\/blog\\\/es\\\/?p=168#article\",\"isPartOf\":{\"@id\":\"https:\\\/\\\/northiberianctc.com\\\/blog\\\/es\\\/?p=168\"},\"author\":{\"name\":\"gerard\",\"@id\":\"https:\\\/\\\/northiberianctc.com\\\/blog\\\/es\\\/#\\\/schema\\\/person\\\/22ba360fc6d49feb07072aae7579f785\"},\"headline\":\"Etapa 10: F\u00f2rnols \u2013 La Seu d&#8217;Urgell\",\"datePublished\":\"2012-10-10T16:54:12+00:00\",\"dateModified\":\"2013-09-28T16:11:45+00:00\",\"mainEntityOfPage\":{\"@id\":\"https:\\\/\\\/northiberianctc.com\\\/blog\\\/es\\\/?p=168\"},\"wordCount\":274,\"commentCount\":0,\"image\":{\"@id\":\"https:\\\/\\\/northiberianctc.com\\\/blog\\\/es\\\/?p=168#primaryimage\"},\"thumbnailUrl\":\"https:\\\/\\\/northiberianctc.com\\\/img\\\/stages\\\/10-pyre.jpg\",\"articleSection\":[\"Diario\"],\"inLanguage\":\"es\",\"potentialAction\":[{\"@type\":\"CommentAction\",\"name\":\"Comment\",\"target\":[\"https:\\\/\\\/northiberianctc.com\\\/blog\\\/es\\\/?p=168#respond\"]}]},{\"@type\":\"WebPage\",\"@id\":\"https:\\\/\\\/northiberianctc.com\\\/blog\\\/es\\\/?p=168\",\"url\":\"https:\\\/\\\/northiberianctc.com\\\/blog\\\/es\\\/?p=168\",\"name\":\"Etapa 10: F\u00f2rnols \u2013 La Seu d'Urgell - Norte Ib\u00e9rico de costa a costa\",\"isPartOf\":{\"@id\":\"https:\\\/\\\/northiberianctc.com\\\/blog\\\/es\\\/#website\"},\"primaryImageOfPage\":{\"@id\":\"https:\\\/\\\/northiberianctc.com\\\/blog\\\/es\\\/?p=168#primaryimage\"},\"image\":{\"@id\":\"https:\\\/\\\/northiberianctc.com\\\/blog\\\/es\\\/?p=168#primaryimage\"},\"thumbnailUrl\":\"https:\\\/\\\/northiberianctc.com\\\/img\\\/stages\\\/10-pyre.jpg\",\"datePublished\":\"2012-10-10T16:54:12+00:00\",\"dateModified\":\"2013-09-28T16:11:45+00:00\",\"author\":{\"@id\":\"https:\\\/\\\/northiberianctc.com\\\/blog\\\/es\\\/#\\\/schema\\\/person\\\/22ba360fc6d49feb07072aae7579f785\"},\"breadcrumb\":{\"@id\":\"https:\\\/\\\/northiberianctc.com\\\/blog\\\/es\\\/?p=168#breadcrumb\"},\"inLanguage\":\"es\",\"potentialAction\":[{\"@type\":\"ReadAction\",\"target\":[\"https:\\\/\\\/northiberianctc.com\\\/blog\\\/es\\\/?p=168\"]}]},{\"@type\":\"ImageObject\",\"inLanguage\":\"es\",\"@id\":\"https:\\\/\\\/northiberianctc.com\\\/blog\\\/es\\\/?p=168#primaryimage\",\"url\":\"https:\\\/\\\/northiberianctc.com\\\/img\\\/stages\\\/10-pyre.jpg\",\"contentUrl\":\"https:\\\/\\\/northiberianctc.com\\\/img\\\/stages\\\/10-pyre.jpg\"},{\"@type\":\"BreadcrumbList\",\"@id\":\"https:\\\/\\\/northiberianctc.com\\\/blog\\\/es\\\/?p=168#breadcrumb\",\"itemListElement\":[{\"@type\":\"ListItem\",\"position\":1,\"name\":\"Home\",\"item\":\"https:\\\/\\\/northiberianctc.com\\\/blog\\\/es\\\/\"},{\"@type\":\"ListItem\",\"position\":2,\"name\":\"Etapa 10: F\u00f2rnols \u2013 La Seu d&#8217;Urgell\"}]},{\"@type\":\"WebSite\",\"@id\":\"https:\\\/\\\/northiberianctc.com\\\/blog\\\/es\\\/#website\",\"url\":\"https:\\\/\\\/northiberianctc.com\\\/blog\\\/es\\\/\",\"name\":\"Norte Ib\u00e9rico de costa a costa\",\"description\":\"Norte de la Pen\u00ednsula Ib\u00e9rica, 2.400 km de experiencia en bicicleta de monta\u00f1a\",\"potentialAction\":[{\"@type\":\"SearchAction\",\"target\":{\"@type\":\"EntryPoint\",\"urlTemplate\":\"https:\\\/\\\/northiberianctc.com\\\/blog\\\/es\\\/?s={search_term_string}\"},\"query-input\":{\"@type\":\"PropertyValueSpecification\",\"valueRequired\":true,\"valueName\":\"search_term_string\"}}],\"inLanguage\":\"es\"},{\"@type\":\"Person\",\"@id\":\"https:\\\/\\\/northiberianctc.com\\\/blog\\\/es\\\/#\\\/schema\\\/person\\\/22ba360fc6d49feb07072aae7579f785\",\"name\":\"gerard\",\"image\":{\"@type\":\"ImageObject\",\"inLanguage\":\"es\",\"@id\":\"https:\\\/\\\/secure.gravatar.com\\\/avatar\\\/27bb7adfc7c2756eaa4c5b429daf73977619bf29c70c672f113274ae23755e0b?s=96&d=mm&r=g\",\"url\":\"https:\\\/\\\/secure.gravatar.com\\\/avatar\\\/27bb7adfc7c2756eaa4c5b429daf73977619bf29c70c672f113274ae23755e0b?s=96&d=mm&r=g\",\"contentUrl\":\"https:\\\/\\\/secure.gravatar.com\\\/avatar\\\/27bb7adfc7c2756eaa4c5b429daf73977619bf29c70c672f113274ae23755e0b?s=96&d=mm&r=g\",\"caption\":\"gerard\"},\"url\":\"https:\\\/\\\/northiberianctc.com\\\/blog\\\/es\\\/?author=1\"}]}<\/script>\n<!-- \/ Yoast SEO plugin. -->","yoast_head_json":{"title":"Etapa 10: F\u00f2rnols \u2013 La Seu d'Urgell - Norte Ib\u00e9rico de costa a costa","robots":{"index":"index","follow":"follow","max-snippet":"max-snippet:-1","max-image-preview":"max-image-preview:large","max-video-preview":"max-video-preview:-1"},"canonical":"https:\/\/northiberianctc.com\/blog\/es\/?p=168","og_locale":"es_ES","og_type":"article","og_title":"Etapa 10: F\u00f2rnols \u2013 La Seu d'Urgell - Norte Ib\u00e9rico de costa a costa","og_description":"Ayer d\u00eda 9 de octubre estuve haciendo un rastreo exhaustivo de los alojamientos que quedan abiertos en los Pirineos durante todo el oto\u00f1o. Algunos de los que ten\u00edan que estar abiertos esta temporada no se sabe si finalmente ofrecer\u00e1n servicios, porque la temporada de setas se ha retrasado y no se pueden tener los establecimientos [&hellip;]","og_url":"https:\/\/northiberianctc.com\/blog\/es\/?p=168","og_site_name":"Norte Ib\u00e9rico de costa a costa","article_published_time":"2012-10-10T16:54:12+00:00","article_modified_time":"2013-09-28T16:11:45+00:00","og_image":[{"url":"https:\/\/northiberianctc.com\/img\/stages\/10-pyre.jpg","type":"","width":"","height":""}],"author":"gerard","twitter_misc":{"Escrito por":"gerard","Tiempo de lectura":"1 minuto"},"schema":{"@context":"https:\/\/schema.org","@graph":[{"@type":"Article","@id":"https:\/\/northiberianctc.com\/blog\/es\/?p=168#article","isPartOf":{"@id":"https:\/\/northiberianctc.com\/blog\/es\/?p=168"},"author":{"name":"gerard","@id":"https:\/\/northiberianctc.com\/blog\/es\/#\/schema\/person\/22ba360fc6d49feb07072aae7579f785"},"headline":"Etapa 10: F\u00f2rnols \u2013 La Seu d&#8217;Urgell","datePublished":"2012-10-10T16:54:12+00:00","dateModified":"2013-09-28T16:11:45+00:00","mainEntityOfPage":{"@id":"https:\/\/northiberianctc.com\/blog\/es\/?p=168"},"wordCount":274,"commentCount":0,"image":{"@id":"https:\/\/northiberianctc.com\/blog\/es\/?p=168#primaryimage"},"thumbnailUrl":"https:\/\/northiberianctc.com\/img\/stages\/10-pyre.jpg","articleSection":["Diario"],"inLanguage":"es","potentialAction":[{"@type":"CommentAction","name":"Comment","target":["https:\/\/northiberianctc.com\/blog\/es\/?p=168#respond"]}]},{"@type":"WebPage","@id":"https:\/\/northiberianctc.com\/blog\/es\/?p=168","url":"https:\/\/northiberianctc.com\/blog\/es\/?p=168","name":"Etapa 10: F\u00f2rnols \u2013 La Seu d'Urgell - Norte Ib\u00e9rico de costa a costa","isPartOf":{"@id":"https:\/\/northiberianctc.com\/blog\/es\/#website"},"primaryImageOfPage":{"@id":"https:\/\/northiberianctc.com\/blog\/es\/?p=168#primaryimage"},"image":{"@id":"https:\/\/northiberianctc.com\/blog\/es\/?p=168#primaryimage"},"thumbnailUrl":"https:\/\/northiberianctc.com\/img\/stages\/10-pyre.jpg","datePublished":"2012-10-10T16:54:12+00:00","dateModified":"2013-09-28T16:11:45+00:00","author":{"@id":"https:\/\/northiberianctc.com\/blog\/es\/#\/schema\/person\/22ba360fc6d49feb07072aae7579f785"},"breadcrumb":{"@id":"https:\/\/northiberianctc.com\/blog\/es\/?p=168#breadcrumb"},"inLanguage":"es","potentialAction":[{"@type":"ReadAction","target":["https:\/\/northiberianctc.com\/blog\/es\/?p=168"]}]},{"@type":"ImageObject","inLanguage":"es","@id":"https:\/\/northiberianctc.com\/blog\/es\/?p=168#primaryimage","url":"https:\/\/northiberianctc.com\/img\/stages\/10-pyre.jpg","contentUrl":"https:\/\/northiberianctc.com\/img\/stages\/10-pyre.jpg"},{"@type":"BreadcrumbList","@id":"https:\/\/northiberianctc.com\/blog\/es\/?p=168#breadcrumb","itemListElement":[{"@type":"ListItem","position":1,"name":"Home","item":"https:\/\/northiberianctc.com\/blog\/es\/"},{"@type":"ListItem","position":2,"name":"Etapa 10: F\u00f2rnols \u2013 La Seu d&#8217;Urgell"}]},{"@type":"WebSite","@id":"https:\/\/northiberianctc.com\/blog\/es\/#website","url":"https:\/\/northiberianctc.com\/blog\/es\/","name":"Norte Ib\u00e9rico de costa a costa","description":"Norte de la Pen\u00ednsula Ib\u00e9rica, 2.400 km de experiencia en bicicleta de monta\u00f1a","potentialAction":[{"@type":"SearchAction","target":{"@type":"EntryPoint","urlTemplate":"https:\/\/northiberianctc.com\/blog\/es\/?s={search_term_string}"},"query-input":{"@type":"PropertyValueSpecification","valueRequired":true,"valueName":"search_term_string"}}],"inLanguage":"es"},{"@type":"Person","@id":"https:\/\/northiberianctc.com\/blog\/es\/#\/schema\/person\/22ba360fc6d49feb07072aae7579f785","name":"gerard","image":{"@type":"ImageObject","inLanguage":"es","@id":"https:\/\/secure.gravatar.com\/avatar\/27bb7adfc7c2756eaa4c5b429daf73977619bf29c70c672f113274ae23755e0b?s=96&d=mm&r=g","url":"https:\/\/secure.gravatar.com\/avatar\/27bb7adfc7c2756eaa4c5b429daf73977619bf29c70c672f113274ae23755e0b?s=96&d=mm&r=g","contentUrl":"https:\/\/secure.gravatar.com\/avatar\/27bb7adfc7c2756eaa4c5b429daf73977619bf29c70c672f113274ae23755e0b?s=96&d=mm&r=g","caption":"gerard"},"url":"https:\/\/northiberianctc.com\/blog\/es\/?author=1"}]}},"_links":{"self":[{"href":"https:\/\/northiberianctc.com\/blog\/es\/index.php?rest_route=\/wp\/v2\/posts\/168","targetHints":{"allow":["GET"]}}],"collection":[{"href":"https:\/\/northiberianctc.com\/blog\/es\/index.php?rest_route=\/wp\/v2\/posts"}],"about":[{"href":"https:\/\/northiberianctc.com\/blog\/es\/index.php?rest_route=\/wp\/v2\/types\/post"}],"author":[{"embeddable":true,"href":"https:\/\/northiberianctc.com\/blog\/es\/index.php?rest_route=\/wp\/v2\/users\/1"}],"replies":[{"embeddable":true,"href":"https:\/\/northiberianctc.com\/blog\/es\/index.php?rest_route=%2Fwp%2Fv2%2Fcomments&post=168"}],"version-history":[{"count":5,"href":"https:\/\/northiberianctc.com\/blog\/es\/index.php?rest_route=\/wp\/v2\/posts\/168\/revisions"}],"predecessor-version":[{"id":278,"href":"https:\/\/northiberianctc.com\/blog\/es\/index.php?rest_route=\/wp\/v2\/posts\/168\/revisions\/278"}],"wp:attachment":[{"href":"https:\/\/northiberianctc.com\/blog\/es\/index.php?rest_route=%2Fwp%2Fv2%2Fmedia&parent=168"}],"wp:term":[{"taxonomy":"category","embeddable":true,"href":"https:\/\/northiberianctc.com\/blog\/es\/index.php?rest_route=%2Fwp%2Fv2%2Fcategories&post=168"},{"taxonomy":"post_tag","embeddable":true,"href":"https:\/\/northiberianctc.com\/blog\/es\/index.php?rest_route=%2Fwp%2Fv2%2Ftags&post=168"}],"curies":[{"name":"wp","href":"https:\/\/api.w.org\/{rel}","templated":true}]}}