{"id":174,"date":"2013-06-04T16:59:04","date_gmt":"2013-06-04T16:59:04","guid":{"rendered":"http:\/\/northiberianctc.com\/blog\/es\/?p=174"},"modified":"2013-09-28T16:28:22","modified_gmt":"2013-09-28T16:28:22","slug":"etapa-13-pont-de-suert-castejon-de-sos","status":"publish","type":"post","link":"https:\/\/northiberianctc.com\/blog\/es\/?p=174","title":{"rendered":"Etapa 13: Pont de Suert \u2013 Castej\u00f3n de Sos"},"content":{"rendered":"<p><img loading=\"lazy\" decoding=\"async\" class=\"alignright\" style=\"margin-left: 6px; margin-right: 6px;\" alt=\"Pont de Suert \u2013 Castej\u00f3n de Sos\" src=\"https:\/\/northiberianctc.com\/img\/stages\/13-pyre.jpg\" width=\"320\" height=\"195\" \/>En esta etapa se llega a Arag\u00f3n, justo despu\u00e9s de salir de El Pont de Suert, y entro en la comarca Ribagorza.<\/p>\n<p>La subida hasta Cir\u00e9s es bastante dura, pero se compensa por los paisajes que se contemplan entre Cir\u00e9s y Esp\u00e9s, un pueblo precioso.  Sigo hacia el barranco de Gab\u00e1s y empieza una serie de subidas y bajadas por pistas en mal estado, con desperfectos por causa de la lluvia de estos d\u00edas y de la nieve fundida. El descenso hacia Seira es muy complicado y lento, porque el camino es poco ciclable y no se arregla un poco hasta que no se llega a la carretera.<\/p>\n<p>Ya en Seira decido irme hasta Castej\u00f3n de Sos porque all\u00ed hay un camping, \u201cAlto \u00c9sera\u201d, aunque est\u00e9 fuera de la ruta de la transpirenaica cl\u00e1sica, y llego all\u00ed por la carretera del desfiladero. Me quedar\u00e9 dos d\u00edas en el camping, para ver la zona y comprar un recambio para la bicicleta, ya que en Castej\u00f3n hay una tienda de material deportivo de aventura.<\/p>\n<div style=\"margin: 0 auto 0 auto; width: 400px;\"><iframe loading=\"lazy\" src=\"https:\/\/ssl.panoramio.com\/wapi\/template\/photo.html?user=7124452&amp;tag=stage13nictc&amp;bgcolor=%23FFFFFF\" height=\"400\" width=\"500\" frameborder=\"0\" marginwidth=\"0\" marginheight=\"0\" scrolling=\"no\"><\/iframe><\/div>\n<p><strong>Etapa 13 en Wikiloc<\/strong>: <a title=\"etapa 13\" href=\"http:\/\/es.wikiloc.com\/wikiloc\/view.do?id=4973406\">http:\/\/es.wikiloc.com\/wikiloc\/view.do?id=4973406<\/a><\/p>\n<p><strong>Track GPS Etapa 13 para descargar<\/strong>: <a title=\"track 13\" href=\"http:\/\/goo.gl\/fbjgbI\">http:\/\/goo.gl\/fbjgbI<\/a><\/p>\n<p><strong>Distancias<\/strong>: C\u00e0mping Can Roig \u2013 Camping Alto \u00c9sera 55 km<\/p>\n<p><strong>Poblaciones<\/strong>:<\/p>\n<div style=\"width: 210px\" class=\"wp-caption alignright\"><img loading=\"lazy\" decoding=\"async\" alt=\"Descarga el track 13 con QR BIDI\" src=\"https:\/\/northiberianctc.com\/img\/qr\/13-pyre.png\" width=\"200\" height=\"200\" \/><p class=\"wp-caption-text\">Descarga el track 13 con QR BIDI<\/p><\/div>\n<p>El Pont de Suert<br \/>\nCir\u00e9s<br \/>\nBonansa<br \/>\nEsp\u00e9s<br \/>\nSeira<br \/>\nEl Run<br \/>\nCastej\u00f3n de Sos<\/p>\n<p><strong>Precio del alojamiento<\/strong>: 10 euros.<\/p>\n<p><strong>Referencias<\/strong>: Camping Alto \u00c9sera. Tel. +34.974553456. Castej\u00f3n de Sos (Huesca)  www.alto-esera.com<\/p>\n<p><strong><a hreflang=\"en\" rel=\"alternate\" href=\"https:\/\/northiberianctc.com\/blog\/en\/?p=245\" title=\"Stage 13\">Stage 13 in English<\/a><\/strong> \u00b7 <strong><a hreflang=\"ca\" rel=\"alternate\" href=\"https:\/\/northiberianctc.com\/blog\/ca\/?p=273\" title=\"Etapa 13\">Etapa 13 en catal\u00e0<\/a><\/strong><\/p>\n","protected":false},"excerpt":{"rendered":"<p>En esta etapa se llega a Arag\u00f3n, justo despu\u00e9s de salir de El Pont de Suert, y entro en la comarca Ribagorza. La subida hasta Cir\u00e9s es bastante dura, pero se compensa por los paisajes que se contemplan entre Cir\u00e9s y Esp\u00e9s, un pueblo precioso. Sigo hacia el barranco de Gab\u00e1s y empieza una serie [&hellip;]<\/p>\n","protected":false},"author":1,"featured_media":0,"comment_status":"open","ping_status":"open","sticky":false,"template":"","format":"standard","meta":{"footnotes":""},"categories":[1],"tags":[],"class_list":["post-174","post","type-post","status-publish","format-standard","hentry","category-diario"],"yoast_head":"<!-- This site is optimized with the Yoast SEO plugin v27.5 - https:\/\/yoast.com\/product\/yoast-seo-wordpress\/ -->\n<title>Etapa 13: Pont de Suert \u2013 Castej\u00f3n de Sos - Norte Ib\u00e9rico de costa a costa<\/title>\n<meta name=\"robots\" content=\"index, follow, max-snippet:-1, max-image-preview:large, max-video-preview:-1\" \/>\n<link rel=\"canonical\" href=\"https:\/\/northiberianctc.com\/blog\/es\/?p=174\" \/>\n<meta property=\"og:locale\" content=\"es_ES\" \/>\n<meta property=\"og:type\" content=\"article\" \/>\n<meta property=\"og:title\" content=\"Etapa 13: Pont de Suert \u2013 Castej\u00f3n de Sos - Norte Ib\u00e9rico de costa a costa\" \/>\n<meta property=\"og:description\" content=\"En esta etapa se llega a Arag\u00f3n, justo despu\u00e9s de salir de El Pont de Suert, y entro en la comarca Ribagorza. La subida hasta Cir\u00e9s es bastante dura, pero se compensa por los paisajes que se contemplan entre Cir\u00e9s y Esp\u00e9s, un pueblo precioso. Sigo hacia el barranco de Gab\u00e1s y empieza una serie [&hellip;]\" \/>\n<meta property=\"og:url\" content=\"https:\/\/northiberianctc.com\/blog\/es\/?p=174\" \/>\n<meta property=\"og:site_name\" content=\"Norte Ib\u00e9rico de costa a costa\" \/>\n<meta property=\"article:published_time\" content=\"2013-06-04T16:59:04+00:00\" \/>\n<meta property=\"article:modified_time\" content=\"2013-09-28T16:28:22+00:00\" \/>\n<meta property=\"og:image\" content=\"https:\/\/northiberianctc.com\/img\/stages\/13-pyre.jpg\" \/>\n<meta name=\"author\" content=\"gerard\" \/>\n<meta name=\"twitter:label1\" content=\"Escrito por\" \/>\n\t<meta name=\"twitter:data1\" content=\"gerard\" \/>\n\t<meta name=\"twitter:label2\" content=\"Tiempo de lectura\" \/>\n\t<meta name=\"twitter:data2\" content=\"1 minuto\" \/>\n<script type=\"application\/ld+json\" class=\"yoast-schema-graph\">{\"@context\":\"https:\\\/\\\/schema.org\",\"@graph\":[{\"@type\":\"Article\",\"@id\":\"https:\\\/\\\/northiberianctc.com\\\/blog\\\/es\\\/?p=174#article\",\"isPartOf\":{\"@id\":\"https:\\\/\\\/northiberianctc.com\\\/blog\\\/es\\\/?p=174\"},\"author\":{\"name\":\"gerard\",\"@id\":\"https:\\\/\\\/northiberianctc.com\\\/blog\\\/es\\\/#\\\/schema\\\/person\\\/22ba360fc6d49feb07072aae7579f785\"},\"headline\":\"Etapa 13: Pont de Suert \u2013 Castej\u00f3n de Sos\",\"datePublished\":\"2013-06-04T16:59:04+00:00\",\"dateModified\":\"2013-09-28T16:28:22+00:00\",\"mainEntityOfPage\":{\"@id\":\"https:\\\/\\\/northiberianctc.com\\\/blog\\\/es\\\/?p=174\"},\"wordCount\":272,\"commentCount\":0,\"image\":{\"@id\":\"https:\\\/\\\/northiberianctc.com\\\/blog\\\/es\\\/?p=174#primaryimage\"},\"thumbnailUrl\":\"https:\\\/\\\/northiberianctc.com\\\/img\\\/stages\\\/13-pyre.jpg\",\"articleSection\":[\"Diario\"],\"inLanguage\":\"es\",\"potentialAction\":[{\"@type\":\"CommentAction\",\"name\":\"Comment\",\"target\":[\"https:\\\/\\\/northiberianctc.com\\\/blog\\\/es\\\/?p=174#respond\"]}]},{\"@type\":\"WebPage\",\"@id\":\"https:\\\/\\\/northiberianctc.com\\\/blog\\\/es\\\/?p=174\",\"url\":\"https:\\\/\\\/northiberianctc.com\\\/blog\\\/es\\\/?p=174\",\"name\":\"Etapa 13: Pont de Suert \u2013 Castej\u00f3n de Sos - Norte Ib\u00e9rico de costa a costa\",\"isPartOf\":{\"@id\":\"https:\\\/\\\/northiberianctc.com\\\/blog\\\/es\\\/#website\"},\"primaryImageOfPage\":{\"@id\":\"https:\\\/\\\/northiberianctc.com\\\/blog\\\/es\\\/?p=174#primaryimage\"},\"image\":{\"@id\":\"https:\\\/\\\/northiberianctc.com\\\/blog\\\/es\\\/?p=174#primaryimage\"},\"thumbnailUrl\":\"https:\\\/\\\/northiberianctc.com\\\/img\\\/stages\\\/13-pyre.jpg\",\"datePublished\":\"2013-06-04T16:59:04+00:00\",\"dateModified\":\"2013-09-28T16:28:22+00:00\",\"author\":{\"@id\":\"https:\\\/\\\/northiberianctc.com\\\/blog\\\/es\\\/#\\\/schema\\\/person\\\/22ba360fc6d49feb07072aae7579f785\"},\"breadcrumb\":{\"@id\":\"https:\\\/\\\/northiberianctc.com\\\/blog\\\/es\\\/?p=174#breadcrumb\"},\"inLanguage\":\"es\",\"potentialAction\":[{\"@type\":\"ReadAction\",\"target\":[\"https:\\\/\\\/northiberianctc.com\\\/blog\\\/es\\\/?p=174\"]}]},{\"@type\":\"ImageObject\",\"inLanguage\":\"es\",\"@id\":\"https:\\\/\\\/northiberianctc.com\\\/blog\\\/es\\\/?p=174#primaryimage\",\"url\":\"https:\\\/\\\/northiberianctc.com\\\/img\\\/stages\\\/13-pyre.jpg\",\"contentUrl\":\"https:\\\/\\\/northiberianctc.com\\\/img\\\/stages\\\/13-pyre.jpg\"},{\"@type\":\"BreadcrumbList\",\"@id\":\"https:\\\/\\\/northiberianctc.com\\\/blog\\\/es\\\/?p=174#breadcrumb\",\"itemListElement\":[{\"@type\":\"ListItem\",\"position\":1,\"name\":\"Home\",\"item\":\"https:\\\/\\\/northiberianctc.com\\\/blog\\\/es\\\/\"},{\"@type\":\"ListItem\",\"position\":2,\"name\":\"Etapa 13: Pont de Suert \u2013 Castej\u00f3n de Sos\"}]},{\"@type\":\"WebSite\",\"@id\":\"https:\\\/\\\/northiberianctc.com\\\/blog\\\/es\\\/#website\",\"url\":\"https:\\\/\\\/northiberianctc.com\\\/blog\\\/es\\\/\",\"name\":\"Norte Ib\u00e9rico de costa a costa\",\"description\":\"Norte de la Pen\u00ednsula Ib\u00e9rica, 2.400 km de experiencia en bicicleta de monta\u00f1a\",\"potentialAction\":[{\"@type\":\"SearchAction\",\"target\":{\"@type\":\"EntryPoint\",\"urlTemplate\":\"https:\\\/\\\/northiberianctc.com\\\/blog\\\/es\\\/?s={search_term_string}\"},\"query-input\":{\"@type\":\"PropertyValueSpecification\",\"valueRequired\":true,\"valueName\":\"search_term_string\"}}],\"inLanguage\":\"es\"},{\"@type\":\"Person\",\"@id\":\"https:\\\/\\\/northiberianctc.com\\\/blog\\\/es\\\/#\\\/schema\\\/person\\\/22ba360fc6d49feb07072aae7579f785\",\"name\":\"gerard\",\"image\":{\"@type\":\"ImageObject\",\"inLanguage\":\"es\",\"@id\":\"https:\\\/\\\/secure.gravatar.com\\\/avatar\\\/27bb7adfc7c2756eaa4c5b429daf73977619bf29c70c672f113274ae23755e0b?s=96&d=mm&r=g\",\"url\":\"https:\\\/\\\/secure.gravatar.com\\\/avatar\\\/27bb7adfc7c2756eaa4c5b429daf73977619bf29c70c672f113274ae23755e0b?s=96&d=mm&r=g\",\"contentUrl\":\"https:\\\/\\\/secure.gravatar.com\\\/avatar\\\/27bb7adfc7c2756eaa4c5b429daf73977619bf29c70c672f113274ae23755e0b?s=96&d=mm&r=g\",\"caption\":\"gerard\"},\"url\":\"https:\\\/\\\/northiberianctc.com\\\/blog\\\/es\\\/?author=1\"}]}<\/script>\n<!-- \/ Yoast SEO plugin. -->","yoast_head_json":{"title":"Etapa 13: Pont de Suert \u2013 Castej\u00f3n de Sos - Norte Ib\u00e9rico de costa a costa","robots":{"index":"index","follow":"follow","max-snippet":"max-snippet:-1","max-image-preview":"max-image-preview:large","max-video-preview":"max-video-preview:-1"},"canonical":"https:\/\/northiberianctc.com\/blog\/es\/?p=174","og_locale":"es_ES","og_type":"article","og_title":"Etapa 13: Pont de Suert \u2013 Castej\u00f3n de Sos - Norte Ib\u00e9rico de costa a costa","og_description":"En esta etapa se llega a Arag\u00f3n, justo despu\u00e9s de salir de El Pont de Suert, y entro en la comarca Ribagorza. La subida hasta Cir\u00e9s es bastante dura, pero se compensa por los paisajes que se contemplan entre Cir\u00e9s y Esp\u00e9s, un pueblo precioso. Sigo hacia el barranco de Gab\u00e1s y empieza una serie [&hellip;]","og_url":"https:\/\/northiberianctc.com\/blog\/es\/?p=174","og_site_name":"Norte Ib\u00e9rico de costa a costa","article_published_time":"2013-06-04T16:59:04+00:00","article_modified_time":"2013-09-28T16:28:22+00:00","og_image":[{"url":"https:\/\/northiberianctc.com\/img\/stages\/13-pyre.jpg","type":"","width":"","height":""}],"author":"gerard","twitter_misc":{"Escrito por":"gerard","Tiempo de lectura":"1 minuto"},"schema":{"@context":"https:\/\/schema.org","@graph":[{"@type":"Article","@id":"https:\/\/northiberianctc.com\/blog\/es\/?p=174#article","isPartOf":{"@id":"https:\/\/northiberianctc.com\/blog\/es\/?p=174"},"author":{"name":"gerard","@id":"https:\/\/northiberianctc.com\/blog\/es\/#\/schema\/person\/22ba360fc6d49feb07072aae7579f785"},"headline":"Etapa 13: Pont de Suert \u2013 Castej\u00f3n de Sos","datePublished":"2013-06-04T16:59:04+00:00","dateModified":"2013-09-28T16:28:22+00:00","mainEntityOfPage":{"@id":"https:\/\/northiberianctc.com\/blog\/es\/?p=174"},"wordCount":272,"commentCount":0,"image":{"@id":"https:\/\/northiberianctc.com\/blog\/es\/?p=174#primaryimage"},"thumbnailUrl":"https:\/\/northiberianctc.com\/img\/stages\/13-pyre.jpg","articleSection":["Diario"],"inLanguage":"es","potentialAction":[{"@type":"CommentAction","name":"Comment","target":["https:\/\/northiberianctc.com\/blog\/es\/?p=174#respond"]}]},{"@type":"WebPage","@id":"https:\/\/northiberianctc.com\/blog\/es\/?p=174","url":"https:\/\/northiberianctc.com\/blog\/es\/?p=174","name":"Etapa 13: Pont de Suert \u2013 Castej\u00f3n de Sos - Norte Ib\u00e9rico de costa a costa","isPartOf":{"@id":"https:\/\/northiberianctc.com\/blog\/es\/#website"},"primaryImageOfPage":{"@id":"https:\/\/northiberianctc.com\/blog\/es\/?p=174#primaryimage"},"image":{"@id":"https:\/\/northiberianctc.com\/blog\/es\/?p=174#primaryimage"},"thumbnailUrl":"https:\/\/northiberianctc.com\/img\/stages\/13-pyre.jpg","datePublished":"2013-06-04T16:59:04+00:00","dateModified":"2013-09-28T16:28:22+00:00","author":{"@id":"https:\/\/northiberianctc.com\/blog\/es\/#\/schema\/person\/22ba360fc6d49feb07072aae7579f785"},"breadcrumb":{"@id":"https:\/\/northiberianctc.com\/blog\/es\/?p=174#breadcrumb"},"inLanguage":"es","potentialAction":[{"@type":"ReadAction","target":["https:\/\/northiberianctc.com\/blog\/es\/?p=174"]}]},{"@type":"ImageObject","inLanguage":"es","@id":"https:\/\/northiberianctc.com\/blog\/es\/?p=174#primaryimage","url":"https:\/\/northiberianctc.com\/img\/stages\/13-pyre.jpg","contentUrl":"https:\/\/northiberianctc.com\/img\/stages\/13-pyre.jpg"},{"@type":"BreadcrumbList","@id":"https:\/\/northiberianctc.com\/blog\/es\/?p=174#breadcrumb","itemListElement":[{"@type":"ListItem","position":1,"name":"Home","item":"https:\/\/northiberianctc.com\/blog\/es\/"},{"@type":"ListItem","position":2,"name":"Etapa 13: Pont de Suert \u2013 Castej\u00f3n de Sos"}]},{"@type":"WebSite","@id":"https:\/\/northiberianctc.com\/blog\/es\/#website","url":"https:\/\/northiberianctc.com\/blog\/es\/","name":"Norte Ib\u00e9rico de costa a costa","description":"Norte de la Pen\u00ednsula Ib\u00e9rica, 2.400 km de experiencia en bicicleta de monta\u00f1a","potentialAction":[{"@type":"SearchAction","target":{"@type":"EntryPoint","urlTemplate":"https:\/\/northiberianctc.com\/blog\/es\/?s={search_term_string}"},"query-input":{"@type":"PropertyValueSpecification","valueRequired":true,"valueName":"search_term_string"}}],"inLanguage":"es"},{"@type":"Person","@id":"https:\/\/northiberianctc.com\/blog\/es\/#\/schema\/person\/22ba360fc6d49feb07072aae7579f785","name":"gerard","image":{"@type":"ImageObject","inLanguage":"es","@id":"https:\/\/secure.gravatar.com\/avatar\/27bb7adfc7c2756eaa4c5b429daf73977619bf29c70c672f113274ae23755e0b?s=96&d=mm&r=g","url":"https:\/\/secure.gravatar.com\/avatar\/27bb7adfc7c2756eaa4c5b429daf73977619bf29c70c672f113274ae23755e0b?s=96&d=mm&r=g","contentUrl":"https:\/\/secure.gravatar.com\/avatar\/27bb7adfc7c2756eaa4c5b429daf73977619bf29c70c672f113274ae23755e0b?s=96&d=mm&r=g","caption":"gerard"},"url":"https:\/\/northiberianctc.com\/blog\/es\/?author=1"}]}},"_links":{"self":[{"href":"https:\/\/northiberianctc.com\/blog\/es\/index.php?rest_route=\/wp\/v2\/posts\/174","targetHints":{"allow":["GET"]}}],"collection":[{"href":"https:\/\/northiberianctc.com\/blog\/es\/index.php?rest_route=\/wp\/v2\/posts"}],"about":[{"href":"https:\/\/northiberianctc.com\/blog\/es\/index.php?rest_route=\/wp\/v2\/types\/post"}],"author":[{"embeddable":true,"href":"https:\/\/northiberianctc.com\/blog\/es\/index.php?rest_route=\/wp\/v2\/users\/1"}],"replies":[{"embeddable":true,"href":"https:\/\/northiberianctc.com\/blog\/es\/index.php?rest_route=%2Fwp%2Fv2%2Fcomments&post=174"}],"version-history":[{"count":5,"href":"https:\/\/northiberianctc.com\/blog\/es\/index.php?rest_route=\/wp\/v2\/posts\/174\/revisions"}],"predecessor-version":[{"id":291,"href":"https:\/\/northiberianctc.com\/blog\/es\/index.php?rest_route=\/wp\/v2\/posts\/174\/revisions\/291"}],"wp:attachment":[{"href":"https:\/\/northiberianctc.com\/blog\/es\/index.php?rest_route=%2Fwp%2Fv2%2Fmedia&parent=174"}],"wp:term":[{"taxonomy":"category","embeddable":true,"href":"https:\/\/northiberianctc.com\/blog\/es\/index.php?rest_route=%2Fwp%2Fv2%2Fcategories&post=174"},{"taxonomy":"post_tag","embeddable":true,"href":"https:\/\/northiberianctc.com\/blog\/es\/index.php?rest_route=%2Fwp%2Fv2%2Ftags&post=174"}],"curies":[{"name":"wp","href":"https:\/\/api.w.org\/{rel}","templated":true}]}}