{"id":185,"date":"2013-06-13T17:08:10","date_gmt":"2013-06-13T17:08:10","guid":{"rendered":"http:\/\/northiberianctc.com\/blog\/es\/?p=185"},"modified":"2013-09-28T16:40:49","modified_gmt":"2013-09-28T16:40:49","slug":"etapa-17-senegue-castiello-de-jaca","status":"publish","type":"post","link":"https:\/\/northiberianctc.com\/blog\/es\/?p=185","title":{"rendered":"Etapa 17: Seneg\u00fc\u00e9 \u2013 Castiello de Jaca"},"content":{"rendered":"<p><img loading=\"lazy\" decoding=\"async\" class=\"alignright\" style=\"margin-left: 6px; margin-right: 6px;\" alt=\"Seneg\u00fc\u00e9 \u2013 Castiello de Jaca\" src=\"https:\/\/northiberianctc.com\/img\/stages\/17-pyre.jpg\" width=\"320\" height=\"195\" \/>La etapa de hoy es m\u00e1s corta de lo que inicialmente hab\u00eda previsto, ya que quer\u00eda llegar a  Arag\u00fc\u00e9s del Puerto pero la finalizo en Castiello, a 18 km de Arag\u00fc\u00e9s pero el punto m\u00e1s cercano com camping.<\/p>\n<p>La longitud de la etapa es justo la mitad de la anterior, y con mejor terreno y mejor recorrido, ya que hay menos sensaciones de subidas duras y el suelo est\u00e1 en general en mejores condiciones.<\/p>\n<p>El \u00fanico problema que he tenido es por culpa de las lluvias constantes y el agua que baja en las cuencas. La ruta obliga a atravesar el r\u00edo Aur\u00edn antes de llegar al pueblo de Barr\u00e9s y eso no tendr\u00eda ninguna m\u00e1s complicaci\u00f3n que mojarse un poquito los pies con agua fr\u00eda, pero debido al caudal de agua que baja he tenido que atravesar el r\u00edo con agua por la cintura y un muy elevado riesgo de perder la bicicleta y el equipaje por la fuerza de la corriente. El agua me ha arrancado las zapatillas de ba\u00f1o y he tenido que atravesar medio r\u00edo descalzo.<\/p>\n<p>Al final he llegado sin problemas a Castiello de Jaca, y pernocto en el \u00fanico camping que hay, el \u201cSolopuent\u201d. <\/p>\n<div style=\"margin: 0 auto 0 auto; width: 400px;\"><iframe loading=\"lazy\" src=\"https:\/\/ssl.panoramio.com\/wapi\/template\/photo.html?user=7124452&amp;tag=stage17nictc&amp;bgcolor=%23FFFFFF\" height=\"400\" width=\"500\" frameborder=\"0\" marginwidth=\"0\" marginheight=\"0\" scrolling=\"no\"><\/iframe><\/div>\n<p><strong>Etapa 17 en Wikiloc<\/strong>: <a title=\"etapa 17\" href=\"http:\/\/es.wikiloc.com\/wikiloc\/view.do?id=4973435\">http:\/\/es.wikiloc.com\/wikiloc\/view.do?id=4973435<\/a><\/p>\n<p><strong>Track GPS Etapa 17 para descargar<\/strong>:  <a title=\"track 17\" href=\"http:\/\/goo.gl\/V74KVP\">http:\/\/goo.gl\/V74KVP<\/a><\/p>\n<p><strong>Distancias<\/strong>:  Camping Valle de Tena \u2013 Camping Solopuent 33 km<\/p>\n<p><strong>Poblaciones<\/strong>:<\/p>\n<div style=\"width: 210px\" class=\"wp-caption alignright\"><img loading=\"lazy\" decoding=\"async\" alt=\"Descarga el track 17 con QR BIDI\" src=\"https:\/\/northiberianctc.com\/img\/qr\/17-pyre.png\" width=\"200\" height=\"200\" \/><p class=\"wp-caption-text\">Descarga el track 17 con QR BIDI<\/p><\/div>\n<p>Seneg\u00fc\u00e9<br \/>\nBarr\u00e9s<br \/>\nIs\u00edn<br \/>\nLarrosa<br \/>\nVilanovilla<br \/>\nBesc\u00f3s de Garcipollera<br \/>\nCastiello de Jaca<\/p>\n<p><strong>Precio del alojamiento<\/strong>: 17 euros.<\/p>\n<p><strong>Referencias<\/strong>: Camping Solopuent. Ctra. Garcipollera s\/n. 22710 Castiello de Jaca. Tel. +34.974350046 www.solopuent.com<\/p>\n<p><strong><a hreflang=\"en\" rel=\"alternate\" href=\"https:\/\/northiberianctc.com\/blog\/en\/?p=257\" title=\"Stage 17\">Stage 17 in English<\/a><\/strong> \u00b7 <strong><a hreflang=\"ca\" rel=\"alternate\" href=\"https:\/\/northiberianctc.com\/blog\/ca\/?p=303\" title=\"Etapa 17\">Etapa 17 en catal\u00e0<\/a><\/strong><\/p>\n","protected":false},"excerpt":{"rendered":"<p>La etapa de hoy es m\u00e1s corta de lo que inicialmente hab\u00eda previsto, ya que quer\u00eda llegar a Arag\u00fc\u00e9s del Puerto pero la finalizo en Castiello, a 18 km de Arag\u00fc\u00e9s pero el punto m\u00e1s cercano com camping. La longitud de la etapa es justo la mitad de la anterior, y con mejor terreno y [&hellip;]<\/p>\n","protected":false},"author":1,"featured_media":0,"comment_status":"open","ping_status":"open","sticky":false,"template":"","format":"standard","meta":{"footnotes":""},"categories":[1],"tags":[],"class_list":["post-185","post","type-post","status-publish","format-standard","hentry","category-diario"],"yoast_head":"<!-- This site is optimized with the Yoast SEO plugin v27.5 - https:\/\/yoast.com\/product\/yoast-seo-wordpress\/ -->\n<title>Etapa 17: Seneg\u00fc\u00e9 \u2013 Castiello de Jaca - Norte Ib\u00e9rico de costa a costa<\/title>\n<meta name=\"robots\" content=\"index, follow, max-snippet:-1, max-image-preview:large, max-video-preview:-1\" \/>\n<link rel=\"canonical\" href=\"https:\/\/northiberianctc.com\/blog\/es\/?p=185\" \/>\n<meta property=\"og:locale\" content=\"es_ES\" \/>\n<meta property=\"og:type\" content=\"article\" \/>\n<meta property=\"og:title\" content=\"Etapa 17: Seneg\u00fc\u00e9 \u2013 Castiello de Jaca - Norte Ib\u00e9rico de costa a costa\" \/>\n<meta property=\"og:description\" content=\"La etapa de hoy es m\u00e1s corta de lo que inicialmente hab\u00eda previsto, ya que quer\u00eda llegar a Arag\u00fc\u00e9s del Puerto pero la finalizo en Castiello, a 18 km de Arag\u00fc\u00e9s pero el punto m\u00e1s cercano com camping. La longitud de la etapa es justo la mitad de la anterior, y con mejor terreno y [&hellip;]\" \/>\n<meta property=\"og:url\" content=\"https:\/\/northiberianctc.com\/blog\/es\/?p=185\" \/>\n<meta property=\"og:site_name\" content=\"Norte Ib\u00e9rico de costa a costa\" \/>\n<meta property=\"article:published_time\" content=\"2013-06-13T17:08:10+00:00\" \/>\n<meta property=\"article:modified_time\" content=\"2013-09-28T16:40:49+00:00\" \/>\n<meta property=\"og:image\" content=\"https:\/\/northiberianctc.com\/img\/stages\/17-pyre.jpg\" \/>\n<meta name=\"author\" content=\"gerard\" \/>\n<meta name=\"twitter:label1\" content=\"Escrito por\" \/>\n\t<meta name=\"twitter:data1\" content=\"gerard\" \/>\n\t<meta name=\"twitter:label2\" content=\"Tiempo de lectura\" \/>\n\t<meta name=\"twitter:data2\" content=\"1 minuto\" \/>\n<script type=\"application\/ld+json\" class=\"yoast-schema-graph\">{\"@context\":\"https:\\\/\\\/schema.org\",\"@graph\":[{\"@type\":\"Article\",\"@id\":\"https:\\\/\\\/northiberianctc.com\\\/blog\\\/es\\\/?p=185#article\",\"isPartOf\":{\"@id\":\"https:\\\/\\\/northiberianctc.com\\\/blog\\\/es\\\/?p=185\"},\"author\":{\"name\":\"gerard\",\"@id\":\"https:\\\/\\\/northiberianctc.com\\\/blog\\\/es\\\/#\\\/schema\\\/person\\\/22ba360fc6d49feb07072aae7579f785\"},\"headline\":\"Etapa 17: Seneg\u00fc\u00e9 \u2013 Castiello de Jaca\",\"datePublished\":\"2013-06-13T17:08:10+00:00\",\"dateModified\":\"2013-09-28T16:40:49+00:00\",\"mainEntityOfPage\":{\"@id\":\"https:\\\/\\\/northiberianctc.com\\\/blog\\\/es\\\/?p=185\"},\"wordCount\":300,\"commentCount\":0,\"image\":{\"@id\":\"https:\\\/\\\/northiberianctc.com\\\/blog\\\/es\\\/?p=185#primaryimage\"},\"thumbnailUrl\":\"https:\\\/\\\/northiberianctc.com\\\/img\\\/stages\\\/17-pyre.jpg\",\"articleSection\":[\"Diario\"],\"inLanguage\":\"es\",\"potentialAction\":[{\"@type\":\"CommentAction\",\"name\":\"Comment\",\"target\":[\"https:\\\/\\\/northiberianctc.com\\\/blog\\\/es\\\/?p=185#respond\"]}]},{\"@type\":\"WebPage\",\"@id\":\"https:\\\/\\\/northiberianctc.com\\\/blog\\\/es\\\/?p=185\",\"url\":\"https:\\\/\\\/northiberianctc.com\\\/blog\\\/es\\\/?p=185\",\"name\":\"Etapa 17: Seneg\u00fc\u00e9 \u2013 Castiello de Jaca - Norte Ib\u00e9rico de costa a costa\",\"isPartOf\":{\"@id\":\"https:\\\/\\\/northiberianctc.com\\\/blog\\\/es\\\/#website\"},\"primaryImageOfPage\":{\"@id\":\"https:\\\/\\\/northiberianctc.com\\\/blog\\\/es\\\/?p=185#primaryimage\"},\"image\":{\"@id\":\"https:\\\/\\\/northiberianctc.com\\\/blog\\\/es\\\/?p=185#primaryimage\"},\"thumbnailUrl\":\"https:\\\/\\\/northiberianctc.com\\\/img\\\/stages\\\/17-pyre.jpg\",\"datePublished\":\"2013-06-13T17:08:10+00:00\",\"dateModified\":\"2013-09-28T16:40:49+00:00\",\"author\":{\"@id\":\"https:\\\/\\\/northiberianctc.com\\\/blog\\\/es\\\/#\\\/schema\\\/person\\\/22ba360fc6d49feb07072aae7579f785\"},\"breadcrumb\":{\"@id\":\"https:\\\/\\\/northiberianctc.com\\\/blog\\\/es\\\/?p=185#breadcrumb\"},\"inLanguage\":\"es\",\"potentialAction\":[{\"@type\":\"ReadAction\",\"target\":[\"https:\\\/\\\/northiberianctc.com\\\/blog\\\/es\\\/?p=185\"]}]},{\"@type\":\"ImageObject\",\"inLanguage\":\"es\",\"@id\":\"https:\\\/\\\/northiberianctc.com\\\/blog\\\/es\\\/?p=185#primaryimage\",\"url\":\"https:\\\/\\\/northiberianctc.com\\\/img\\\/stages\\\/17-pyre.jpg\",\"contentUrl\":\"https:\\\/\\\/northiberianctc.com\\\/img\\\/stages\\\/17-pyre.jpg\"},{\"@type\":\"BreadcrumbList\",\"@id\":\"https:\\\/\\\/northiberianctc.com\\\/blog\\\/es\\\/?p=185#breadcrumb\",\"itemListElement\":[{\"@type\":\"ListItem\",\"position\":1,\"name\":\"Home\",\"item\":\"https:\\\/\\\/northiberianctc.com\\\/blog\\\/es\\\/\"},{\"@type\":\"ListItem\",\"position\":2,\"name\":\"Etapa 17: Seneg\u00fc\u00e9 \u2013 Castiello de Jaca\"}]},{\"@type\":\"WebSite\",\"@id\":\"https:\\\/\\\/northiberianctc.com\\\/blog\\\/es\\\/#website\",\"url\":\"https:\\\/\\\/northiberianctc.com\\\/blog\\\/es\\\/\",\"name\":\"Norte Ib\u00e9rico de costa a costa\",\"description\":\"Norte de la Pen\u00ednsula Ib\u00e9rica, 2.400 km de experiencia en bicicleta de monta\u00f1a\",\"potentialAction\":[{\"@type\":\"SearchAction\",\"target\":{\"@type\":\"EntryPoint\",\"urlTemplate\":\"https:\\\/\\\/northiberianctc.com\\\/blog\\\/es\\\/?s={search_term_string}\"},\"query-input\":{\"@type\":\"PropertyValueSpecification\",\"valueRequired\":true,\"valueName\":\"search_term_string\"}}],\"inLanguage\":\"es\"},{\"@type\":\"Person\",\"@id\":\"https:\\\/\\\/northiberianctc.com\\\/blog\\\/es\\\/#\\\/schema\\\/person\\\/22ba360fc6d49feb07072aae7579f785\",\"name\":\"gerard\",\"image\":{\"@type\":\"ImageObject\",\"inLanguage\":\"es\",\"@id\":\"https:\\\/\\\/secure.gravatar.com\\\/avatar\\\/27bb7adfc7c2756eaa4c5b429daf73977619bf29c70c672f113274ae23755e0b?s=96&d=mm&r=g\",\"url\":\"https:\\\/\\\/secure.gravatar.com\\\/avatar\\\/27bb7adfc7c2756eaa4c5b429daf73977619bf29c70c672f113274ae23755e0b?s=96&d=mm&r=g\",\"contentUrl\":\"https:\\\/\\\/secure.gravatar.com\\\/avatar\\\/27bb7adfc7c2756eaa4c5b429daf73977619bf29c70c672f113274ae23755e0b?s=96&d=mm&r=g\",\"caption\":\"gerard\"},\"url\":\"https:\\\/\\\/northiberianctc.com\\\/blog\\\/es\\\/?author=1\"}]}<\/script>\n<!-- \/ Yoast SEO plugin. -->","yoast_head_json":{"title":"Etapa 17: Seneg\u00fc\u00e9 \u2013 Castiello de Jaca - Norte Ib\u00e9rico de costa a costa","robots":{"index":"index","follow":"follow","max-snippet":"max-snippet:-1","max-image-preview":"max-image-preview:large","max-video-preview":"max-video-preview:-1"},"canonical":"https:\/\/northiberianctc.com\/blog\/es\/?p=185","og_locale":"es_ES","og_type":"article","og_title":"Etapa 17: Seneg\u00fc\u00e9 \u2013 Castiello de Jaca - Norte Ib\u00e9rico de costa a costa","og_description":"La etapa de hoy es m\u00e1s corta de lo que inicialmente hab\u00eda previsto, ya que quer\u00eda llegar a Arag\u00fc\u00e9s del Puerto pero la finalizo en Castiello, a 18 km de Arag\u00fc\u00e9s pero el punto m\u00e1s cercano com camping. La longitud de la etapa es justo la mitad de la anterior, y con mejor terreno y [&hellip;]","og_url":"https:\/\/northiberianctc.com\/blog\/es\/?p=185","og_site_name":"Norte Ib\u00e9rico de costa a costa","article_published_time":"2013-06-13T17:08:10+00:00","article_modified_time":"2013-09-28T16:40:49+00:00","og_image":[{"url":"https:\/\/northiberianctc.com\/img\/stages\/17-pyre.jpg","type":"","width":"","height":""}],"author":"gerard","twitter_misc":{"Escrito por":"gerard","Tiempo de lectura":"1 minuto"},"schema":{"@context":"https:\/\/schema.org","@graph":[{"@type":"Article","@id":"https:\/\/northiberianctc.com\/blog\/es\/?p=185#article","isPartOf":{"@id":"https:\/\/northiberianctc.com\/blog\/es\/?p=185"},"author":{"name":"gerard","@id":"https:\/\/northiberianctc.com\/blog\/es\/#\/schema\/person\/22ba360fc6d49feb07072aae7579f785"},"headline":"Etapa 17: Seneg\u00fc\u00e9 \u2013 Castiello de Jaca","datePublished":"2013-06-13T17:08:10+00:00","dateModified":"2013-09-28T16:40:49+00:00","mainEntityOfPage":{"@id":"https:\/\/northiberianctc.com\/blog\/es\/?p=185"},"wordCount":300,"commentCount":0,"image":{"@id":"https:\/\/northiberianctc.com\/blog\/es\/?p=185#primaryimage"},"thumbnailUrl":"https:\/\/northiberianctc.com\/img\/stages\/17-pyre.jpg","articleSection":["Diario"],"inLanguage":"es","potentialAction":[{"@type":"CommentAction","name":"Comment","target":["https:\/\/northiberianctc.com\/blog\/es\/?p=185#respond"]}]},{"@type":"WebPage","@id":"https:\/\/northiberianctc.com\/blog\/es\/?p=185","url":"https:\/\/northiberianctc.com\/blog\/es\/?p=185","name":"Etapa 17: Seneg\u00fc\u00e9 \u2013 Castiello de Jaca - Norte Ib\u00e9rico de costa a costa","isPartOf":{"@id":"https:\/\/northiberianctc.com\/blog\/es\/#website"},"primaryImageOfPage":{"@id":"https:\/\/northiberianctc.com\/blog\/es\/?p=185#primaryimage"},"image":{"@id":"https:\/\/northiberianctc.com\/blog\/es\/?p=185#primaryimage"},"thumbnailUrl":"https:\/\/northiberianctc.com\/img\/stages\/17-pyre.jpg","datePublished":"2013-06-13T17:08:10+00:00","dateModified":"2013-09-28T16:40:49+00:00","author":{"@id":"https:\/\/northiberianctc.com\/blog\/es\/#\/schema\/person\/22ba360fc6d49feb07072aae7579f785"},"breadcrumb":{"@id":"https:\/\/northiberianctc.com\/blog\/es\/?p=185#breadcrumb"},"inLanguage":"es","potentialAction":[{"@type":"ReadAction","target":["https:\/\/northiberianctc.com\/blog\/es\/?p=185"]}]},{"@type":"ImageObject","inLanguage":"es","@id":"https:\/\/northiberianctc.com\/blog\/es\/?p=185#primaryimage","url":"https:\/\/northiberianctc.com\/img\/stages\/17-pyre.jpg","contentUrl":"https:\/\/northiberianctc.com\/img\/stages\/17-pyre.jpg"},{"@type":"BreadcrumbList","@id":"https:\/\/northiberianctc.com\/blog\/es\/?p=185#breadcrumb","itemListElement":[{"@type":"ListItem","position":1,"name":"Home","item":"https:\/\/northiberianctc.com\/blog\/es\/"},{"@type":"ListItem","position":2,"name":"Etapa 17: Seneg\u00fc\u00e9 \u2013 Castiello de Jaca"}]},{"@type":"WebSite","@id":"https:\/\/northiberianctc.com\/blog\/es\/#website","url":"https:\/\/northiberianctc.com\/blog\/es\/","name":"Norte Ib\u00e9rico de costa a costa","description":"Norte de la Pen\u00ednsula Ib\u00e9rica, 2.400 km de experiencia en bicicleta de monta\u00f1a","potentialAction":[{"@type":"SearchAction","target":{"@type":"EntryPoint","urlTemplate":"https:\/\/northiberianctc.com\/blog\/es\/?s={search_term_string}"},"query-input":{"@type":"PropertyValueSpecification","valueRequired":true,"valueName":"search_term_string"}}],"inLanguage":"es"},{"@type":"Person","@id":"https:\/\/northiberianctc.com\/blog\/es\/#\/schema\/person\/22ba360fc6d49feb07072aae7579f785","name":"gerard","image":{"@type":"ImageObject","inLanguage":"es","@id":"https:\/\/secure.gravatar.com\/avatar\/27bb7adfc7c2756eaa4c5b429daf73977619bf29c70c672f113274ae23755e0b?s=96&d=mm&r=g","url":"https:\/\/secure.gravatar.com\/avatar\/27bb7adfc7c2756eaa4c5b429daf73977619bf29c70c672f113274ae23755e0b?s=96&d=mm&r=g","contentUrl":"https:\/\/secure.gravatar.com\/avatar\/27bb7adfc7c2756eaa4c5b429daf73977619bf29c70c672f113274ae23755e0b?s=96&d=mm&r=g","caption":"gerard"},"url":"https:\/\/northiberianctc.com\/blog\/es\/?author=1"}]}},"_links":{"self":[{"href":"https:\/\/northiberianctc.com\/blog\/es\/index.php?rest_route=\/wp\/v2\/posts\/185","targetHints":{"allow":["GET"]}}],"collection":[{"href":"https:\/\/northiberianctc.com\/blog\/es\/index.php?rest_route=\/wp\/v2\/posts"}],"about":[{"href":"https:\/\/northiberianctc.com\/blog\/es\/index.php?rest_route=\/wp\/v2\/types\/post"}],"author":[{"embeddable":true,"href":"https:\/\/northiberianctc.com\/blog\/es\/index.php?rest_route=\/wp\/v2\/users\/1"}],"replies":[{"embeddable":true,"href":"https:\/\/northiberianctc.com\/blog\/es\/index.php?rest_route=%2Fwp%2Fv2%2Fcomments&post=185"}],"version-history":[{"count":3,"href":"https:\/\/northiberianctc.com\/blog\/es\/index.php?rest_route=\/wp\/v2\/posts\/185\/revisions"}],"predecessor-version":[{"id":299,"href":"https:\/\/northiberianctc.com\/blog\/es\/index.php?rest_route=\/wp\/v2\/posts\/185\/revisions\/299"}],"wp:attachment":[{"href":"https:\/\/northiberianctc.com\/blog\/es\/index.php?rest_route=%2Fwp%2Fv2%2Fmedia&parent=185"}],"wp:term":[{"taxonomy":"category","embeddable":true,"href":"https:\/\/northiberianctc.com\/blog\/es\/index.php?rest_route=%2Fwp%2Fv2%2Fcategories&post=185"},{"taxonomy":"post_tag","embeddable":true,"href":"https:\/\/northiberianctc.com\/blog\/es\/index.php?rest_route=%2Fwp%2Fv2%2Ftags&post=185"}],"curies":[{"name":"wp","href":"https:\/\/api.w.org\/{rel}","templated":true}]}}