{"id":213,"date":"2013-06-29T17:32:02","date_gmt":"2013-06-29T17:32:02","guid":{"rendered":"http:\/\/northiberianctc.com\/blog\/es\/?p=213"},"modified":"2013-09-30T12:50:23","modified_gmt":"2013-09-30T12:50:23","slug":"etapa-31-san-esteban-de-leces-deva","status":"publish","type":"post","link":"https:\/\/northiberianctc.com\/blog\/es\/?p=213","title":{"rendered":"Etapa 31: San Esteban de Leces &#8211; Deva"},"content":{"rendered":"<p><img loading=\"lazy\" decoding=\"async\" class=\"alignright\" alt=\"San Esteban de Leces - Deva\" src=\"https:\/\/northiberianctc.com\/img\/stages\/31-ast.jpg\" width=\"320\" height=\"195\" \/>La etapa de hoy tiene la misma extensi\u00f3n que la de ayer, pero encontramos m\u00e1s caminos de monta\u00f1a y pistas y es m\u00e1s agradable de circular. Excepto un cuello de carretera con una pendiente fuerte, el resto del viaje transcurre entre subiditas y bajaditas suaves por interior, ya que solo veremos la playa en Duesos, en un momento en el que nos apartamos de la carretera N-632.<\/p>\n<p>De las poblaciones que nos vamos encontrando hoy, vale la pena pasarse un rato en Villaviciosa, capital mundial de la manzana y entorno natural privilegiado. Nuestra ruta rodea la r\u00eda por la parte interior y permite ver alg\u00fan sitio de inter\u00e9s paisaj\u00edstico. Despu\u00e9s se siguen carreteras provinciales y generales hasta que se llega cerca de Deva, una poblaci\u00f3n a cinco kil\u00f3metros de Gij\u00f3n\/Xix\u00f3n.<\/p>\n<p>En Deva hay un camping municipal muy bien equipado, en el que ceden bungalows a las personas que tienen credenciales de peregrino, de modo que se puede estar en el camping como si de un albergue se tratase. En la noche de hoy, s\u00e1bado  29\/6\/2013, tiene lugar el Orgull\u00edn del Norte, una celebraci\u00f3n que coincide con las otras manifestaciones del orgullo LGBT. Hay una fiesta con dj hasta la madrugada.<\/p>\n<div style=\"margin: 0 auto 0 auto; width: 400px;\"><iframe loading=\"lazy\" src=\"https:\/\/ssl.panoramio.com\/wapi\/template\/photo.html?user=7124452&amp;tag=stage31nictc&amp;bgcolor=%23FFFFFF\" height=\"400\" width=\"500\" frameborder=\"0\" marginwidth=\"0\" marginheight=\"0\" scrolling=\"no\"><\/iframe><\/div>\n<p><strong>Etapa 31 en Wikiloc<\/strong>: <a title=\"etapa 31\" href=\"http:\/\/es.wikiloc.com\/wikiloc\/view.do?id=4973589\">http:\/\/es.wikiloc.com\/wikiloc\/view.do?id=4973589<\/a><\/p>\n<p><strong>Track GPS Etapa 31 para descargar<\/strong>: <a title=\"track 31\" href=\"http:\/\/goo.gl\/B1YvBY\">http:\/\/goo.gl\/B1YvBY<\/a><\/p>\n<p><strong>Distancias<\/strong>: Albergue de peregrinos de San Esteban de Leces \u2013 Camping municipal de Deva 59 km<\/p>\n<p><strong>Poblaciones<\/strong>:<\/p>\n<div style=\"width: 210px\" class=\"wp-caption alignright\"><img loading=\"lazy\" decoding=\"async\" alt=\"Descarga el track 31 con QR BIDI\" src=\"https:\/\/northiberianctc.com\/img\/qr\/31-ast.png\" width=\"200\" height=\"200\" \/><p class=\"wp-caption-text\">Descarga el track 31 con QR BIDI<\/p><\/div>\n<p>San Esteban de Leces<br \/>\nBarredo<br \/>\nBerbes<br \/>\nCaravia<br \/>\nCarrales<br \/>\nDuesos<br \/>\nColunga<br \/>\nLos Tarreros<br \/>\nConyeu<br \/>\nPern\u00fas<br \/>\nLa Vega<br \/>\nLa Llera<br \/>\nPriesca<br \/>\nLa Vega<br \/>\nMuslera<br \/>\nVillaviciosa<br \/>\nDeva (camping municipal)<\/p>\n<p><strong>Precio del alojamiento<\/strong>: 5 euros.<\/p>\n<p><strong><a hreflang=\"en\" rel=\"alternate\" href=\"https:\/\/northiberianctc.com\/blog\/en\/?p=287\" title=\"Stage 31\">Stage 31 in English<\/a><\/strong> \u00b7 <strong><a hreflang=\"ca\" rel=\"alternate\" href=\"https:\/\/northiberianctc.com\/blog\/ca\/?p=393\" title=\"Etapa 31\">Etapa 31 en catal\u00e0<\/a><\/strong><\/p>\n","protected":false},"excerpt":{"rendered":"<p>La etapa de hoy tiene la misma extensi\u00f3n que la de ayer, pero encontramos m\u00e1s caminos de monta\u00f1a y pistas y es m\u00e1s agradable de circular. Excepto un cuello de carretera con una pendiente fuerte, el resto del viaje transcurre entre subiditas y bajaditas suaves por interior, ya que solo veremos la playa en Duesos, [&hellip;]<\/p>\n","protected":false},"author":1,"featured_media":0,"comment_status":"open","ping_status":"open","sticky":false,"template":"","format":"standard","meta":{"footnotes":""},"categories":[1],"tags":[],"class_list":["post-213","post","type-post","status-publish","format-standard","hentry","category-diario"],"yoast_head":"<!-- This site is optimized with the Yoast SEO plugin v27.5 - https:\/\/yoast.com\/product\/yoast-seo-wordpress\/ -->\n<title>Etapa 31: San Esteban de Leces - Deva - Norte Ib\u00e9rico de costa a costa<\/title>\n<meta name=\"robots\" content=\"index, follow, max-snippet:-1, max-image-preview:large, max-video-preview:-1\" \/>\n<link rel=\"canonical\" href=\"https:\/\/northiberianctc.com\/blog\/es\/?p=213\" \/>\n<meta property=\"og:locale\" content=\"es_ES\" \/>\n<meta property=\"og:type\" content=\"article\" \/>\n<meta property=\"og:title\" content=\"Etapa 31: San Esteban de Leces - Deva - Norte Ib\u00e9rico de costa a costa\" \/>\n<meta property=\"og:description\" content=\"La etapa de hoy tiene la misma extensi\u00f3n que la de ayer, pero encontramos m\u00e1s caminos de monta\u00f1a y pistas y es m\u00e1s agradable de circular. Excepto un cuello de carretera con una pendiente fuerte, el resto del viaje transcurre entre subiditas y bajaditas suaves por interior, ya que solo veremos la playa en Duesos, [&hellip;]\" \/>\n<meta property=\"og:url\" content=\"https:\/\/northiberianctc.com\/blog\/es\/?p=213\" \/>\n<meta property=\"og:site_name\" content=\"Norte Ib\u00e9rico de costa a costa\" \/>\n<meta property=\"article:published_time\" content=\"2013-06-29T17:32:02+00:00\" \/>\n<meta property=\"article:modified_time\" content=\"2013-09-30T12:50:23+00:00\" \/>\n<meta property=\"og:image\" content=\"https:\/\/northiberianctc.com\/img\/stages\/31-ast.jpg\" \/>\n<meta name=\"author\" content=\"gerard\" \/>\n<meta name=\"twitter:label1\" content=\"Escrito por\" \/>\n\t<meta name=\"twitter:data1\" content=\"gerard\" \/>\n\t<meta name=\"twitter:label2\" content=\"Tiempo de lectura\" \/>\n\t<meta name=\"twitter:data2\" content=\"2 minutos\" \/>\n<script type=\"application\/ld+json\" class=\"yoast-schema-graph\">{\"@context\":\"https:\\\/\\\/schema.org\",\"@graph\":[{\"@type\":\"Article\",\"@id\":\"https:\\\/\\\/northiberianctc.com\\\/blog\\\/es\\\/?p=213#article\",\"isPartOf\":{\"@id\":\"https:\\\/\\\/northiberianctc.com\\\/blog\\\/es\\\/?p=213\"},\"author\":{\"name\":\"gerard\",\"@id\":\"https:\\\/\\\/northiberianctc.com\\\/blog\\\/es\\\/#\\\/schema\\\/person\\\/22ba360fc6d49feb07072aae7579f785\"},\"headline\":\"Etapa 31: San Esteban de Leces &#8211; Deva\",\"datePublished\":\"2013-06-29T17:32:02+00:00\",\"dateModified\":\"2013-09-30T12:50:23+00:00\",\"mainEntityOfPage\":{\"@id\":\"https:\\\/\\\/northiberianctc.com\\\/blog\\\/es\\\/?p=213\"},\"wordCount\":308,\"commentCount\":0,\"image\":{\"@id\":\"https:\\\/\\\/northiberianctc.com\\\/blog\\\/es\\\/?p=213#primaryimage\"},\"thumbnailUrl\":\"https:\\\/\\\/northiberianctc.com\\\/img\\\/stages\\\/31-ast.jpg\",\"articleSection\":[\"Diario\"],\"inLanguage\":\"es\",\"potentialAction\":[{\"@type\":\"CommentAction\",\"name\":\"Comment\",\"target\":[\"https:\\\/\\\/northiberianctc.com\\\/blog\\\/es\\\/?p=213#respond\"]}]},{\"@type\":\"WebPage\",\"@id\":\"https:\\\/\\\/northiberianctc.com\\\/blog\\\/es\\\/?p=213\",\"url\":\"https:\\\/\\\/northiberianctc.com\\\/blog\\\/es\\\/?p=213\",\"name\":\"Etapa 31: San Esteban de Leces - Deva - Norte Ib\u00e9rico de costa a costa\",\"isPartOf\":{\"@id\":\"https:\\\/\\\/northiberianctc.com\\\/blog\\\/es\\\/#website\"},\"primaryImageOfPage\":{\"@id\":\"https:\\\/\\\/northiberianctc.com\\\/blog\\\/es\\\/?p=213#primaryimage\"},\"image\":{\"@id\":\"https:\\\/\\\/northiberianctc.com\\\/blog\\\/es\\\/?p=213#primaryimage\"},\"thumbnailUrl\":\"https:\\\/\\\/northiberianctc.com\\\/img\\\/stages\\\/31-ast.jpg\",\"datePublished\":\"2013-06-29T17:32:02+00:00\",\"dateModified\":\"2013-09-30T12:50:23+00:00\",\"author\":{\"@id\":\"https:\\\/\\\/northiberianctc.com\\\/blog\\\/es\\\/#\\\/schema\\\/person\\\/22ba360fc6d49feb07072aae7579f785\"},\"breadcrumb\":{\"@id\":\"https:\\\/\\\/northiberianctc.com\\\/blog\\\/es\\\/?p=213#breadcrumb\"},\"inLanguage\":\"es\",\"potentialAction\":[{\"@type\":\"ReadAction\",\"target\":[\"https:\\\/\\\/northiberianctc.com\\\/blog\\\/es\\\/?p=213\"]}]},{\"@type\":\"ImageObject\",\"inLanguage\":\"es\",\"@id\":\"https:\\\/\\\/northiberianctc.com\\\/blog\\\/es\\\/?p=213#primaryimage\",\"url\":\"https:\\\/\\\/northiberianctc.com\\\/img\\\/stages\\\/31-ast.jpg\",\"contentUrl\":\"https:\\\/\\\/northiberianctc.com\\\/img\\\/stages\\\/31-ast.jpg\"},{\"@type\":\"BreadcrumbList\",\"@id\":\"https:\\\/\\\/northiberianctc.com\\\/blog\\\/es\\\/?p=213#breadcrumb\",\"itemListElement\":[{\"@type\":\"ListItem\",\"position\":1,\"name\":\"Home\",\"item\":\"https:\\\/\\\/northiberianctc.com\\\/blog\\\/es\\\/\"},{\"@type\":\"ListItem\",\"position\":2,\"name\":\"Etapa 31: San Esteban de Leces &#8211; Deva\"}]},{\"@type\":\"WebSite\",\"@id\":\"https:\\\/\\\/northiberianctc.com\\\/blog\\\/es\\\/#website\",\"url\":\"https:\\\/\\\/northiberianctc.com\\\/blog\\\/es\\\/\",\"name\":\"Norte Ib\u00e9rico de costa a costa\",\"description\":\"Norte de la Pen\u00ednsula Ib\u00e9rica, 2.400 km de experiencia en bicicleta de monta\u00f1a\",\"potentialAction\":[{\"@type\":\"SearchAction\",\"target\":{\"@type\":\"EntryPoint\",\"urlTemplate\":\"https:\\\/\\\/northiberianctc.com\\\/blog\\\/es\\\/?s={search_term_string}\"},\"query-input\":{\"@type\":\"PropertyValueSpecification\",\"valueRequired\":true,\"valueName\":\"search_term_string\"}}],\"inLanguage\":\"es\"},{\"@type\":\"Person\",\"@id\":\"https:\\\/\\\/northiberianctc.com\\\/blog\\\/es\\\/#\\\/schema\\\/person\\\/22ba360fc6d49feb07072aae7579f785\",\"name\":\"gerard\",\"image\":{\"@type\":\"ImageObject\",\"inLanguage\":\"es\",\"@id\":\"https:\\\/\\\/secure.gravatar.com\\\/avatar\\\/27bb7adfc7c2756eaa4c5b429daf73977619bf29c70c672f113274ae23755e0b?s=96&d=mm&r=g\",\"url\":\"https:\\\/\\\/secure.gravatar.com\\\/avatar\\\/27bb7adfc7c2756eaa4c5b429daf73977619bf29c70c672f113274ae23755e0b?s=96&d=mm&r=g\",\"contentUrl\":\"https:\\\/\\\/secure.gravatar.com\\\/avatar\\\/27bb7adfc7c2756eaa4c5b429daf73977619bf29c70c672f113274ae23755e0b?s=96&d=mm&r=g\",\"caption\":\"gerard\"},\"url\":\"https:\\\/\\\/northiberianctc.com\\\/blog\\\/es\\\/?author=1\"}]}<\/script>\n<!-- \/ Yoast SEO plugin. -->","yoast_head_json":{"title":"Etapa 31: San Esteban de Leces - Deva - Norte Ib\u00e9rico de costa a costa","robots":{"index":"index","follow":"follow","max-snippet":"max-snippet:-1","max-image-preview":"max-image-preview:large","max-video-preview":"max-video-preview:-1"},"canonical":"https:\/\/northiberianctc.com\/blog\/es\/?p=213","og_locale":"es_ES","og_type":"article","og_title":"Etapa 31: San Esteban de Leces - Deva - Norte Ib\u00e9rico de costa a costa","og_description":"La etapa de hoy tiene la misma extensi\u00f3n que la de ayer, pero encontramos m\u00e1s caminos de monta\u00f1a y pistas y es m\u00e1s agradable de circular. Excepto un cuello de carretera con una pendiente fuerte, el resto del viaje transcurre entre subiditas y bajaditas suaves por interior, ya que solo veremos la playa en Duesos, [&hellip;]","og_url":"https:\/\/northiberianctc.com\/blog\/es\/?p=213","og_site_name":"Norte Ib\u00e9rico de costa a costa","article_published_time":"2013-06-29T17:32:02+00:00","article_modified_time":"2013-09-30T12:50:23+00:00","og_image":[{"url":"https:\/\/northiberianctc.com\/img\/stages\/31-ast.jpg","type":"","width":"","height":""}],"author":"gerard","twitter_misc":{"Escrito por":"gerard","Tiempo de lectura":"2 minutos"},"schema":{"@context":"https:\/\/schema.org","@graph":[{"@type":"Article","@id":"https:\/\/northiberianctc.com\/blog\/es\/?p=213#article","isPartOf":{"@id":"https:\/\/northiberianctc.com\/blog\/es\/?p=213"},"author":{"name":"gerard","@id":"https:\/\/northiberianctc.com\/blog\/es\/#\/schema\/person\/22ba360fc6d49feb07072aae7579f785"},"headline":"Etapa 31: San Esteban de Leces &#8211; Deva","datePublished":"2013-06-29T17:32:02+00:00","dateModified":"2013-09-30T12:50:23+00:00","mainEntityOfPage":{"@id":"https:\/\/northiberianctc.com\/blog\/es\/?p=213"},"wordCount":308,"commentCount":0,"image":{"@id":"https:\/\/northiberianctc.com\/blog\/es\/?p=213#primaryimage"},"thumbnailUrl":"https:\/\/northiberianctc.com\/img\/stages\/31-ast.jpg","articleSection":["Diario"],"inLanguage":"es","potentialAction":[{"@type":"CommentAction","name":"Comment","target":["https:\/\/northiberianctc.com\/blog\/es\/?p=213#respond"]}]},{"@type":"WebPage","@id":"https:\/\/northiberianctc.com\/blog\/es\/?p=213","url":"https:\/\/northiberianctc.com\/blog\/es\/?p=213","name":"Etapa 31: San Esteban de Leces - Deva - Norte Ib\u00e9rico de costa a costa","isPartOf":{"@id":"https:\/\/northiberianctc.com\/blog\/es\/#website"},"primaryImageOfPage":{"@id":"https:\/\/northiberianctc.com\/blog\/es\/?p=213#primaryimage"},"image":{"@id":"https:\/\/northiberianctc.com\/blog\/es\/?p=213#primaryimage"},"thumbnailUrl":"https:\/\/northiberianctc.com\/img\/stages\/31-ast.jpg","datePublished":"2013-06-29T17:32:02+00:00","dateModified":"2013-09-30T12:50:23+00:00","author":{"@id":"https:\/\/northiberianctc.com\/blog\/es\/#\/schema\/person\/22ba360fc6d49feb07072aae7579f785"},"breadcrumb":{"@id":"https:\/\/northiberianctc.com\/blog\/es\/?p=213#breadcrumb"},"inLanguage":"es","potentialAction":[{"@type":"ReadAction","target":["https:\/\/northiberianctc.com\/blog\/es\/?p=213"]}]},{"@type":"ImageObject","inLanguage":"es","@id":"https:\/\/northiberianctc.com\/blog\/es\/?p=213#primaryimage","url":"https:\/\/northiberianctc.com\/img\/stages\/31-ast.jpg","contentUrl":"https:\/\/northiberianctc.com\/img\/stages\/31-ast.jpg"},{"@type":"BreadcrumbList","@id":"https:\/\/northiberianctc.com\/blog\/es\/?p=213#breadcrumb","itemListElement":[{"@type":"ListItem","position":1,"name":"Home","item":"https:\/\/northiberianctc.com\/blog\/es\/"},{"@type":"ListItem","position":2,"name":"Etapa 31: San Esteban de Leces &#8211; Deva"}]},{"@type":"WebSite","@id":"https:\/\/northiberianctc.com\/blog\/es\/#website","url":"https:\/\/northiberianctc.com\/blog\/es\/","name":"Norte Ib\u00e9rico de costa a costa","description":"Norte de la Pen\u00ednsula Ib\u00e9rica, 2.400 km de experiencia en bicicleta de monta\u00f1a","potentialAction":[{"@type":"SearchAction","target":{"@type":"EntryPoint","urlTemplate":"https:\/\/northiberianctc.com\/blog\/es\/?s={search_term_string}"},"query-input":{"@type":"PropertyValueSpecification","valueRequired":true,"valueName":"search_term_string"}}],"inLanguage":"es"},{"@type":"Person","@id":"https:\/\/northiberianctc.com\/blog\/es\/#\/schema\/person\/22ba360fc6d49feb07072aae7579f785","name":"gerard","image":{"@type":"ImageObject","inLanguage":"es","@id":"https:\/\/secure.gravatar.com\/avatar\/27bb7adfc7c2756eaa4c5b429daf73977619bf29c70c672f113274ae23755e0b?s=96&d=mm&r=g","url":"https:\/\/secure.gravatar.com\/avatar\/27bb7adfc7c2756eaa4c5b429daf73977619bf29c70c672f113274ae23755e0b?s=96&d=mm&r=g","contentUrl":"https:\/\/secure.gravatar.com\/avatar\/27bb7adfc7c2756eaa4c5b429daf73977619bf29c70c672f113274ae23755e0b?s=96&d=mm&r=g","caption":"gerard"},"url":"https:\/\/northiberianctc.com\/blog\/es\/?author=1"}]}},"_links":{"self":[{"href":"https:\/\/northiberianctc.com\/blog\/es\/index.php?rest_route=\/wp\/v2\/posts\/213","targetHints":{"allow":["GET"]}}],"collection":[{"href":"https:\/\/northiberianctc.com\/blog\/es\/index.php?rest_route=\/wp\/v2\/posts"}],"about":[{"href":"https:\/\/northiberianctc.com\/blog\/es\/index.php?rest_route=\/wp\/v2\/types\/post"}],"author":[{"embeddable":true,"href":"https:\/\/northiberianctc.com\/blog\/es\/index.php?rest_route=\/wp\/v2\/users\/1"}],"replies":[{"embeddable":true,"href":"https:\/\/northiberianctc.com\/blog\/es\/index.php?rest_route=%2Fwp%2Fv2%2Fcomments&post=213"}],"version-history":[{"count":3,"href":"https:\/\/northiberianctc.com\/blog\/es\/index.php?rest_route=\/wp\/v2\/posts\/213\/revisions"}],"predecessor-version":[{"id":336,"href":"https:\/\/northiberianctc.com\/blog\/es\/index.php?rest_route=\/wp\/v2\/posts\/213\/revisions\/336"}],"wp:attachment":[{"href":"https:\/\/northiberianctc.com\/blog\/es\/index.php?rest_route=%2Fwp%2Fv2%2Fmedia&parent=213"}],"wp:term":[{"taxonomy":"category","embeddable":true,"href":"https:\/\/northiberianctc.com\/blog\/es\/index.php?rest_route=%2Fwp%2Fv2%2Fcategories&post=213"},{"taxonomy":"post_tag","embeddable":true,"href":"https:\/\/northiberianctc.com\/blog\/es\/index.php?rest_route=%2Fwp%2Fv2%2Ftags&post=213"}],"curies":[{"name":"wp","href":"https:\/\/api.w.org\/{rel}","templated":true}]}}