{"id":230,"date":"2013-07-08T17:45:14","date_gmt":"2013-07-08T17:45:14","guid":{"rendered":"http:\/\/northiberianctc.com\/blog\/es\/?p=230"},"modified":"2013-09-30T13:18:07","modified_gmt":"2013-09-30T13:18:07","slug":"etapa-39-valdovino-pontedeume","status":"publish","type":"post","link":"https:\/\/northiberianctc.com\/blog\/es\/?p=230","title":{"rendered":"Etapa 39: Valdovi\u00f1o \u2013 Pontedeume"},"content":{"rendered":"<p><img loading=\"lazy\" decoding=\"async\" class=\"alignright\" style=\"margin-left: 6px; margin-right: 6px;\" alt=\"Valdovi\u00f1o \u2013 Pontedeume\" src=\"https:\/\/northiberianctc.com\/img\/stages\/39-gal.jpg\" width=\"320\" height=\"195\" \/>El d\u00eda de hoy amanece soleado. Me voy del camping por carreteras secundarias, paso por el estanque de Frouxeira i despu\u00e9s de As Gorgas llego hasta una pista forestal muy descuidada, que me obliga a arrastrar la bicicleta unos cuantos kil\u00f3metros hasta que llego a unas colinas de techo llano de unos 300 m de altura, llamados A Lagoa. En medio del llano hay unas ruinas de instalaciones militares y un monolito de situaci\u00f3n geod\u00e9sica, todo muy curioso y diferente de lo que he visto hasta el d\u00eda de hoy. Los caminos atraviesan las colinas y llegan hasta las poblaciones de la playa, como A Fonte da Tella.<\/p>\n<p>Llego a Font\u00e1 por error, pero fotograf\u00edo el Quijote que preside la entrada a esta poblaci\u00f3n, y me vuelvo a las carreteras del noroeste con la intenci\u00f3n de ir a Ferrol siguiendo la l\u00ednea de costa. Llego a Ferrol y sigo por la r\u00eda hasta que entro en la ciudad y la atravieso hasta el puente que traspasa la r\u00eda, y despu\u00e9s utilizo un tramo del Camino de Santiago Ingl\u00e9s para circular por los suburbios y evitar trayectos por carretera. Igualmente tengo que acabar entrando en la N-651 para ir hasta Caba\u00f1as y de all\u00ed a Pontedeume. De Pontedeume a la playa Ber hay unos cuatro km que no se hacen nada pesados.<\/p>\n<p>Hay dos campings, pero pernoctar\u00e9 en el que est\u00e1 m\u00e1s cerca de la playa, llamado  \u201cCamping Ber \u2013 A Marola\u201d, es m\u00e1s barato y tiene instalaciones nuevas de este mismo a\u00f1o. El due\u00f1o me cuenta que \u201cBer\u201d est\u00e1 galleguizado, pero que en realidad proviene del verbo castellano Ver, y tiene su origen en la orientaci\u00f3n geogr\u00e1fica de la playa: los barcos que iban hasta Am\u00e9rica siglos atr\u00e1s pasaban por delante de la playa para tomar referencias geogr\u00e1ficas y alinearse con su destino final.<\/p>\n<p>En total habr\u00e9 pedaleado unos 100 km, pero no se ha hecho pesado porque los desniveles son suaves aunque la temperatura haya sido alta durante todo el d\u00eda.<\/p>\n<div style=\"margin: 0 auto 0 auto; width: 400px;\"><iframe loading=\"lazy\" src=\"https:\/\/ssl.panoramio.com\/wapi\/template\/photo.html?user=7124452&amp;tag=stage39nictc&amp;bgcolor=%23FFFFFF\" height=\"400\" width=\"500\" frameborder=\"0\" marginwidth=\"0\" marginheight=\"0\" scrolling=\"no\"><\/iframe><\/div>\n<p><strong>Etapa 39 en Wikiloc<\/strong>: <a title=\"etapa 39\" href=\"http:\/\/es.wikiloc.com\/wikiloc\/view.do?id=4973640\">http:\/\/es.wikiloc.com\/wikiloc\/view.do?id=4973640<\/a><\/p>\n<p><strong>Track GPS Etapa 39 para descargar<\/strong>: <a title=\"track 39\" href=\"http:\/\/goo.gl\/mKcGNW\">http:\/\/goo.gl\/mKcGNW<\/a><\/p>\n<p><strong>Distancias<\/strong>:  Camping A Lagoa \u2013 Camping Ber 99 km<\/p>\n<p><strong>Poblaciones<\/strong>:<\/p>\n<div style=\"width: 210px\" class=\"wp-caption alignright\"><img loading=\"lazy\" decoding=\"async\" alt=\"Descarga el track 29 con QR BIDI\" src=\"https:\/\/northiberianctc.com\/img\/qr\/39-gal.png\" width=\"200\" height=\"200\" \/><p class=\"wp-caption-text\">Descarga el track 39 con QR BIDI<\/p><\/div>\n<p>Lago<br \/>\nMontefaro<br \/>\nBaltar<br \/>\nO Grandal<br \/>\nA Pedreira<br \/>\nAs Gorgas<br \/>\nA Fonte da Tella<br \/>\nVila da Area<br \/>\nO Outeiro<br \/>\nFont\u00e1<br \/>\nO Pieiro<br \/>\nO Confurco<br \/>\nCari\u00f1o<br \/>\nSan Cristovo<br \/>\nBri\u00f3n<br \/>\nMalata<br \/>\nFerrol<br \/>\nPerl\u00edo<br \/>\nPereiro<br \/>\nO Chao da Aldea<br \/>\nCaba\u00f1as<br \/>\nPontedeume<br \/>\nBoebre<\/p>\n<p><strong>Precio del alojamiento<\/strong>: 6,8 euros.<\/p>\n<p><strong>Referencias<\/strong>: Camping Ber &#8211; A Marola. Praia de Ber, 15607 Boebre (Pontdedeume). Tel +34.981438500 www.campingber.es<\/p>\n<p><strong><a hreflang=\"en\" rel=\"alternate\" href=\"https:\/\/northiberianctc.com\/blog\/en\/?p=304\" title=\"Stage 39\">Stage 39 in English<\/a><\/strong> \u00b7 <strong><a hreflang=\"ca\" rel=\"alternate\" href=\"https:\/\/northiberianctc.com\/blog\/ca\/?p=447\" title=\"Etapa 39\">Etapa 39 en catal\u00e0<\/a><\/strong><\/p>\n","protected":false},"excerpt":{"rendered":"<p>El d\u00eda de hoy amanece soleado. Me voy del camping por carreteras secundarias, paso por el estanque de Frouxeira i despu\u00e9s de As Gorgas llego hasta una pista forestal muy descuidada, que me obliga a arrastrar la bicicleta unos cuantos kil\u00f3metros hasta que llego a unas colinas de techo llano de unos 300 m de [&hellip;]<\/p>\n","protected":false},"author":1,"featured_media":0,"comment_status":"open","ping_status":"open","sticky":false,"template":"","format":"standard","meta":{"footnotes":""},"categories":[1],"tags":[],"class_list":["post-230","post","type-post","status-publish","format-standard","hentry","category-diario"],"yoast_head":"<!-- This site is optimized with the Yoast SEO plugin v27.5 - https:\/\/yoast.com\/product\/yoast-seo-wordpress\/ -->\n<title>Etapa 39: Valdovi\u00f1o \u2013 Pontedeume - Norte Ib\u00e9rico de costa a costa<\/title>\n<meta name=\"robots\" content=\"index, follow, max-snippet:-1, max-image-preview:large, max-video-preview:-1\" \/>\n<link rel=\"canonical\" href=\"https:\/\/northiberianctc.com\/blog\/es\/?p=230\" \/>\n<meta property=\"og:locale\" content=\"es_ES\" \/>\n<meta property=\"og:type\" content=\"article\" \/>\n<meta property=\"og:title\" content=\"Etapa 39: Valdovi\u00f1o \u2013 Pontedeume - Norte Ib\u00e9rico de costa a costa\" \/>\n<meta property=\"og:description\" content=\"El d\u00eda de hoy amanece soleado. Me voy del camping por carreteras secundarias, paso por el estanque de Frouxeira i despu\u00e9s de As Gorgas llego hasta una pista forestal muy descuidada, que me obliga a arrastrar la bicicleta unos cuantos kil\u00f3metros hasta que llego a unas colinas de techo llano de unos 300 m de [&hellip;]\" \/>\n<meta property=\"og:url\" content=\"https:\/\/northiberianctc.com\/blog\/es\/?p=230\" \/>\n<meta property=\"og:site_name\" content=\"Norte Ib\u00e9rico de costa a costa\" \/>\n<meta property=\"article:published_time\" content=\"2013-07-08T17:45:14+00:00\" \/>\n<meta property=\"article:modified_time\" content=\"2013-09-30T13:18:07+00:00\" \/>\n<meta property=\"og:image\" content=\"https:\/\/northiberianctc.com\/img\/stages\/39-gal.jpg\" \/>\n<meta name=\"author\" content=\"gerard\" \/>\n<meta name=\"twitter:label1\" content=\"Escrito por\" \/>\n\t<meta name=\"twitter:data1\" content=\"gerard\" \/>\n\t<meta name=\"twitter:label2\" content=\"Tiempo de lectura\" \/>\n\t<meta name=\"twitter:data2\" content=\"2 minutos\" \/>\n<script type=\"application\/ld+json\" class=\"yoast-schema-graph\">{\"@context\":\"https:\\\/\\\/schema.org\",\"@graph\":[{\"@type\":\"Article\",\"@id\":\"https:\\\/\\\/northiberianctc.com\\\/blog\\\/es\\\/?p=230#article\",\"isPartOf\":{\"@id\":\"https:\\\/\\\/northiberianctc.com\\\/blog\\\/es\\\/?p=230\"},\"author\":{\"name\":\"gerard\",\"@id\":\"https:\\\/\\\/northiberianctc.com\\\/blog\\\/es\\\/#\\\/schema\\\/person\\\/22ba360fc6d49feb07072aae7579f785\"},\"headline\":\"Etapa 39: Valdovi\u00f1o \u2013 Pontedeume\",\"datePublished\":\"2013-07-08T17:45:14+00:00\",\"dateModified\":\"2013-09-30T13:18:07+00:00\",\"mainEntityOfPage\":{\"@id\":\"https:\\\/\\\/northiberianctc.com\\\/blog\\\/es\\\/?p=230\"},\"wordCount\":465,\"commentCount\":0,\"image\":{\"@id\":\"https:\\\/\\\/northiberianctc.com\\\/blog\\\/es\\\/?p=230#primaryimage\"},\"thumbnailUrl\":\"https:\\\/\\\/northiberianctc.com\\\/img\\\/stages\\\/39-gal.jpg\",\"articleSection\":[\"Diario\"],\"inLanguage\":\"es\",\"potentialAction\":[{\"@type\":\"CommentAction\",\"name\":\"Comment\",\"target\":[\"https:\\\/\\\/northiberianctc.com\\\/blog\\\/es\\\/?p=230#respond\"]}]},{\"@type\":\"WebPage\",\"@id\":\"https:\\\/\\\/northiberianctc.com\\\/blog\\\/es\\\/?p=230\",\"url\":\"https:\\\/\\\/northiberianctc.com\\\/blog\\\/es\\\/?p=230\",\"name\":\"Etapa 39: Valdovi\u00f1o \u2013 Pontedeume - Norte Ib\u00e9rico de costa a costa\",\"isPartOf\":{\"@id\":\"https:\\\/\\\/northiberianctc.com\\\/blog\\\/es\\\/#website\"},\"primaryImageOfPage\":{\"@id\":\"https:\\\/\\\/northiberianctc.com\\\/blog\\\/es\\\/?p=230#primaryimage\"},\"image\":{\"@id\":\"https:\\\/\\\/northiberianctc.com\\\/blog\\\/es\\\/?p=230#primaryimage\"},\"thumbnailUrl\":\"https:\\\/\\\/northiberianctc.com\\\/img\\\/stages\\\/39-gal.jpg\",\"datePublished\":\"2013-07-08T17:45:14+00:00\",\"dateModified\":\"2013-09-30T13:18:07+00:00\",\"author\":{\"@id\":\"https:\\\/\\\/northiberianctc.com\\\/blog\\\/es\\\/#\\\/schema\\\/person\\\/22ba360fc6d49feb07072aae7579f785\"},\"breadcrumb\":{\"@id\":\"https:\\\/\\\/northiberianctc.com\\\/blog\\\/es\\\/?p=230#breadcrumb\"},\"inLanguage\":\"es\",\"potentialAction\":[{\"@type\":\"ReadAction\",\"target\":[\"https:\\\/\\\/northiberianctc.com\\\/blog\\\/es\\\/?p=230\"]}]},{\"@type\":\"ImageObject\",\"inLanguage\":\"es\",\"@id\":\"https:\\\/\\\/northiberianctc.com\\\/blog\\\/es\\\/?p=230#primaryimage\",\"url\":\"https:\\\/\\\/northiberianctc.com\\\/img\\\/stages\\\/39-gal.jpg\",\"contentUrl\":\"https:\\\/\\\/northiberianctc.com\\\/img\\\/stages\\\/39-gal.jpg\"},{\"@type\":\"BreadcrumbList\",\"@id\":\"https:\\\/\\\/northiberianctc.com\\\/blog\\\/es\\\/?p=230#breadcrumb\",\"itemListElement\":[{\"@type\":\"ListItem\",\"position\":1,\"name\":\"Home\",\"item\":\"https:\\\/\\\/northiberianctc.com\\\/blog\\\/es\\\/\"},{\"@type\":\"ListItem\",\"position\":2,\"name\":\"Etapa 39: Valdovi\u00f1o \u2013 Pontedeume\"}]},{\"@type\":\"WebSite\",\"@id\":\"https:\\\/\\\/northiberianctc.com\\\/blog\\\/es\\\/#website\",\"url\":\"https:\\\/\\\/northiberianctc.com\\\/blog\\\/es\\\/\",\"name\":\"Norte Ib\u00e9rico de costa a costa\",\"description\":\"Norte de la Pen\u00ednsula Ib\u00e9rica, 2.400 km de experiencia en bicicleta de monta\u00f1a\",\"potentialAction\":[{\"@type\":\"SearchAction\",\"target\":{\"@type\":\"EntryPoint\",\"urlTemplate\":\"https:\\\/\\\/northiberianctc.com\\\/blog\\\/es\\\/?s={search_term_string}\"},\"query-input\":{\"@type\":\"PropertyValueSpecification\",\"valueRequired\":true,\"valueName\":\"search_term_string\"}}],\"inLanguage\":\"es\"},{\"@type\":\"Person\",\"@id\":\"https:\\\/\\\/northiberianctc.com\\\/blog\\\/es\\\/#\\\/schema\\\/person\\\/22ba360fc6d49feb07072aae7579f785\",\"name\":\"gerard\",\"image\":{\"@type\":\"ImageObject\",\"inLanguage\":\"es\",\"@id\":\"https:\\\/\\\/secure.gravatar.com\\\/avatar\\\/27bb7adfc7c2756eaa4c5b429daf73977619bf29c70c672f113274ae23755e0b?s=96&d=mm&r=g\",\"url\":\"https:\\\/\\\/secure.gravatar.com\\\/avatar\\\/27bb7adfc7c2756eaa4c5b429daf73977619bf29c70c672f113274ae23755e0b?s=96&d=mm&r=g\",\"contentUrl\":\"https:\\\/\\\/secure.gravatar.com\\\/avatar\\\/27bb7adfc7c2756eaa4c5b429daf73977619bf29c70c672f113274ae23755e0b?s=96&d=mm&r=g\",\"caption\":\"gerard\"},\"url\":\"https:\\\/\\\/northiberianctc.com\\\/blog\\\/es\\\/?author=1\"}]}<\/script>\n<!-- \/ Yoast SEO plugin. -->","yoast_head_json":{"title":"Etapa 39: Valdovi\u00f1o \u2013 Pontedeume - Norte Ib\u00e9rico de costa a costa","robots":{"index":"index","follow":"follow","max-snippet":"max-snippet:-1","max-image-preview":"max-image-preview:large","max-video-preview":"max-video-preview:-1"},"canonical":"https:\/\/northiberianctc.com\/blog\/es\/?p=230","og_locale":"es_ES","og_type":"article","og_title":"Etapa 39: Valdovi\u00f1o \u2013 Pontedeume - Norte Ib\u00e9rico de costa a costa","og_description":"El d\u00eda de hoy amanece soleado. Me voy del camping por carreteras secundarias, paso por el estanque de Frouxeira i despu\u00e9s de As Gorgas llego hasta una pista forestal muy descuidada, que me obliga a arrastrar la bicicleta unos cuantos kil\u00f3metros hasta que llego a unas colinas de techo llano de unos 300 m de [&hellip;]","og_url":"https:\/\/northiberianctc.com\/blog\/es\/?p=230","og_site_name":"Norte Ib\u00e9rico de costa a costa","article_published_time":"2013-07-08T17:45:14+00:00","article_modified_time":"2013-09-30T13:18:07+00:00","og_image":[{"url":"https:\/\/northiberianctc.com\/img\/stages\/39-gal.jpg","type":"","width":"","height":""}],"author":"gerard","twitter_misc":{"Escrito por":"gerard","Tiempo de lectura":"2 minutos"},"schema":{"@context":"https:\/\/schema.org","@graph":[{"@type":"Article","@id":"https:\/\/northiberianctc.com\/blog\/es\/?p=230#article","isPartOf":{"@id":"https:\/\/northiberianctc.com\/blog\/es\/?p=230"},"author":{"name":"gerard","@id":"https:\/\/northiberianctc.com\/blog\/es\/#\/schema\/person\/22ba360fc6d49feb07072aae7579f785"},"headline":"Etapa 39: Valdovi\u00f1o \u2013 Pontedeume","datePublished":"2013-07-08T17:45:14+00:00","dateModified":"2013-09-30T13:18:07+00:00","mainEntityOfPage":{"@id":"https:\/\/northiberianctc.com\/blog\/es\/?p=230"},"wordCount":465,"commentCount":0,"image":{"@id":"https:\/\/northiberianctc.com\/blog\/es\/?p=230#primaryimage"},"thumbnailUrl":"https:\/\/northiberianctc.com\/img\/stages\/39-gal.jpg","articleSection":["Diario"],"inLanguage":"es","potentialAction":[{"@type":"CommentAction","name":"Comment","target":["https:\/\/northiberianctc.com\/blog\/es\/?p=230#respond"]}]},{"@type":"WebPage","@id":"https:\/\/northiberianctc.com\/blog\/es\/?p=230","url":"https:\/\/northiberianctc.com\/blog\/es\/?p=230","name":"Etapa 39: Valdovi\u00f1o \u2013 Pontedeume - Norte Ib\u00e9rico de costa a costa","isPartOf":{"@id":"https:\/\/northiberianctc.com\/blog\/es\/#website"},"primaryImageOfPage":{"@id":"https:\/\/northiberianctc.com\/blog\/es\/?p=230#primaryimage"},"image":{"@id":"https:\/\/northiberianctc.com\/blog\/es\/?p=230#primaryimage"},"thumbnailUrl":"https:\/\/northiberianctc.com\/img\/stages\/39-gal.jpg","datePublished":"2013-07-08T17:45:14+00:00","dateModified":"2013-09-30T13:18:07+00:00","author":{"@id":"https:\/\/northiberianctc.com\/blog\/es\/#\/schema\/person\/22ba360fc6d49feb07072aae7579f785"},"breadcrumb":{"@id":"https:\/\/northiberianctc.com\/blog\/es\/?p=230#breadcrumb"},"inLanguage":"es","potentialAction":[{"@type":"ReadAction","target":["https:\/\/northiberianctc.com\/blog\/es\/?p=230"]}]},{"@type":"ImageObject","inLanguage":"es","@id":"https:\/\/northiberianctc.com\/blog\/es\/?p=230#primaryimage","url":"https:\/\/northiberianctc.com\/img\/stages\/39-gal.jpg","contentUrl":"https:\/\/northiberianctc.com\/img\/stages\/39-gal.jpg"},{"@type":"BreadcrumbList","@id":"https:\/\/northiberianctc.com\/blog\/es\/?p=230#breadcrumb","itemListElement":[{"@type":"ListItem","position":1,"name":"Home","item":"https:\/\/northiberianctc.com\/blog\/es\/"},{"@type":"ListItem","position":2,"name":"Etapa 39: Valdovi\u00f1o \u2013 Pontedeume"}]},{"@type":"WebSite","@id":"https:\/\/northiberianctc.com\/blog\/es\/#website","url":"https:\/\/northiberianctc.com\/blog\/es\/","name":"Norte Ib\u00e9rico de costa a costa","description":"Norte de la Pen\u00ednsula Ib\u00e9rica, 2.400 km de experiencia en bicicleta de monta\u00f1a","potentialAction":[{"@type":"SearchAction","target":{"@type":"EntryPoint","urlTemplate":"https:\/\/northiberianctc.com\/blog\/es\/?s={search_term_string}"},"query-input":{"@type":"PropertyValueSpecification","valueRequired":true,"valueName":"search_term_string"}}],"inLanguage":"es"},{"@type":"Person","@id":"https:\/\/northiberianctc.com\/blog\/es\/#\/schema\/person\/22ba360fc6d49feb07072aae7579f785","name":"gerard","image":{"@type":"ImageObject","inLanguage":"es","@id":"https:\/\/secure.gravatar.com\/avatar\/27bb7adfc7c2756eaa4c5b429daf73977619bf29c70c672f113274ae23755e0b?s=96&d=mm&r=g","url":"https:\/\/secure.gravatar.com\/avatar\/27bb7adfc7c2756eaa4c5b429daf73977619bf29c70c672f113274ae23755e0b?s=96&d=mm&r=g","contentUrl":"https:\/\/secure.gravatar.com\/avatar\/27bb7adfc7c2756eaa4c5b429daf73977619bf29c70c672f113274ae23755e0b?s=96&d=mm&r=g","caption":"gerard"},"url":"https:\/\/northiberianctc.com\/blog\/es\/?author=1"}]}},"_links":{"self":[{"href":"https:\/\/northiberianctc.com\/blog\/es\/index.php?rest_route=\/wp\/v2\/posts\/230","targetHints":{"allow":["GET"]}}],"collection":[{"href":"https:\/\/northiberianctc.com\/blog\/es\/index.php?rest_route=\/wp\/v2\/posts"}],"about":[{"href":"https:\/\/northiberianctc.com\/blog\/es\/index.php?rest_route=\/wp\/v2\/types\/post"}],"author":[{"embeddable":true,"href":"https:\/\/northiberianctc.com\/blog\/es\/index.php?rest_route=\/wp\/v2\/users\/1"}],"replies":[{"embeddable":true,"href":"https:\/\/northiberianctc.com\/blog\/es\/index.php?rest_route=%2Fwp%2Fv2%2Fcomments&post=230"}],"version-history":[{"count":3,"href":"https:\/\/northiberianctc.com\/blog\/es\/index.php?rest_route=\/wp\/v2\/posts\/230\/revisions"}],"predecessor-version":[{"id":355,"href":"https:\/\/northiberianctc.com\/blog\/es\/index.php?rest_route=\/wp\/v2\/posts\/230\/revisions\/355"}],"wp:attachment":[{"href":"https:\/\/northiberianctc.com\/blog\/es\/index.php?rest_route=%2Fwp%2Fv2%2Fmedia&parent=230"}],"wp:term":[{"taxonomy":"category","embeddable":true,"href":"https:\/\/northiberianctc.com\/blog\/es\/index.php?rest_route=%2Fwp%2Fv2%2Fcategories&post=230"},{"taxonomy":"post_tag","embeddable":true,"href":"https:\/\/northiberianctc.com\/blog\/es\/index.php?rest_route=%2Fwp%2Fv2%2Ftags&post=230"}],"curies":[{"name":"wp","href":"https:\/\/api.w.org\/{rel}","templated":true}]}}