{"id":232,"date":"2013-07-09T17:46:48","date_gmt":"2013-07-09T17:46:48","guid":{"rendered":"http:\/\/northiberianctc.com\/blog\/es\/?p=232"},"modified":"2013-09-30T13:21:35","modified_gmt":"2013-09-30T13:21:35","slug":"etapa-40-pontedeume-fragas-do-eume-pontedeume","status":"publish","type":"post","link":"https:\/\/northiberianctc.com\/blog\/es\/?p=232","title":{"rendered":"Etapa 40: Pontedeume \u2013 Fragas do Eume \u2013 Pontedeume"},"content":{"rendered":"<p><img loading=\"lazy\" decoding=\"async\" class=\"alignright\" alt=\"Pontedeume \u2013 Fragas do Eume \u2013 Pontedeume\" src=\"https:\/\/northiberianctc.com\/img\/stages\/40-gal.jpg\" width=\"320\" height=\"195\" \/>Esta etapa no estaba prevista, pero ya que me encuentro a solamente 20 km del monasterio de Caaveiro, me decido a subir all\u00ed y a visitar los bosques del r\u00edo Eume. Ser\u00e1 el tercer bosque que me paro a visitar despu\u00e9s de los de La Garrotxa e Irati. Es una excursi\u00f3n circular de unos cuarenta km que se puede preparar para un d\u00eda entero, y la he colocado aqu\u00ed como si fuese una etapa m\u00e1s.<\/p>\n<p>As Fragas do Eume es uno de los para\u00edsos naturales de Galicia. Lo conforman el <em>Parque Natural Fragas do Eume<\/em> y el complejo del Mosteiro de <em>San Xoan de Caaveiro<\/em>, todo ello uno de los \u00faltimos reductos de bosque tradicional atl\u00e1ntico y que vale la pena de visitar si segu\u00eds esta ruta por el norte ib\u00e9rico o si pas\u00e1is cerca de Ferrol, Coru\u00f1a o Pontedeume, en la desembocadura del r\u00edo Eume.<\/p>\n<p>Si vais all\u00ed, pod\u00e9is subir en bicicleta hasta el mismo monasterio, y desde all\u00ed seguir alguna de las rutas de senderismo programadas. Se sale del camping y se circula hasta la entrada de Pontedeume por la AC-144 y a unos dos kil\u00f3metros tendremos que girar a la izquierda y tomar la carreterita comarcal CP-6902 en direcci\u00f3n a Chao de Ombre.  Por el camino hay una fuente muy conocida y en el final de la carretera se encuentra el Parque Natural. Cuando llegamos a \u00e9l, los ciclistas podemos seguir hasta arriba en el monasterio, que se puede visitar libremente y en el que encontraremos tambi\u00e9n un bar de raciones.<\/p>\n<div style=\"margin: 0 auto 0 auto; width: 400px;\"><iframe loading=\"lazy\" src=\"https:\/\/ssl.panoramio.com\/wapi\/template\/photo.html?user=7124452&amp;tag=stage40nictc&amp;bgcolor=%23FFFFFF\" height=\"400\" width=\"500\" frameborder=\"0\" marginwidth=\"0\" marginheight=\"0\" scrolling=\"no\"><\/iframe><\/div>\n<p><strong>M\u00e1s informaci\u00f3n sobre As Fragas do Eume<\/strong>: <a title=\"As Fragas do Eume\" href=\"http:\/\/es.wikipedia.org\/wiki\/Fragas_del_Eume\">http:\/\/es.wikipedia.org\/wiki\/Fragas_del_Eume<\/a><\/p>\n<p><strong>Etapa 40 en Wikiloc<\/strong>: <a title=\"etapa 40\" href=\"http:\/\/es.wikiloc.com\/wikiloc\/view.do?id=4973648\">http:\/\/es.wikiloc.com\/wikiloc\/view.do?id=4973648<\/a><\/p>\n<p><strong>Track GPS Etapa 40 para descargar<\/strong>: <a title=\"track 40\" href=\"http:\/\/goo.gl\/iOCrel\">http:\/\/goo.gl\/iOCrel<\/a><\/p>\n<p><strong>Distancias<\/strong>: Camping Ber  &#8211; Pontedeume \u2013 Fragas do Eume y volver al camping 37 km<\/p>\n<div style=\"width: 210px\" class=\"wp-caption alignnone\"><img loading=\"lazy\" decoding=\"async\" alt=\"Descarga el track 40 con QR BIDI\" src=\"https:\/\/northiberianctc.com\/img\/qr\/40-gal.png\" width=\"200\" height=\"200\" \/><p class=\"wp-caption-text\">Descarga el track 40 con QR BIDI<\/p><\/div>\n<p><strong><a hreflang=\"en\" rel=\"alternate\" href=\"https:\/\/northiberianctc.com\/blog\/en\/?p=305\" title=\"Stage 40\">Stage 40 in English<\/a><\/strong> \u00b7 <strong><a hreflang=\"ca\" rel=\"alternate\" href=\"https:\/\/northiberianctc.com\/blog\/ca\/?p=452\" title=\"Etapa 40\">Etapa 40 en catal\u00e0<\/a><\/strong><\/p>\n","protected":false},"excerpt":{"rendered":"<p>Esta etapa no estaba prevista, pero ya que me encuentro a solamente 20 km del monasterio de Caaveiro, me decido a subir all\u00ed y a visitar los bosques del r\u00edo Eume. Ser\u00e1 el tercer bosque que me paro a visitar despu\u00e9s de los de La Garrotxa e Irati. Es una excursi\u00f3n circular de unos cuarenta [&hellip;]<\/p>\n","protected":false},"author":1,"featured_media":0,"comment_status":"open","ping_status":"open","sticky":false,"template":"","format":"standard","meta":{"footnotes":""},"categories":[1],"tags":[],"class_list":["post-232","post","type-post","status-publish","format-standard","hentry","category-diario"],"yoast_head":"<!-- This site is optimized with the Yoast SEO plugin v27.5 - https:\/\/yoast.com\/product\/yoast-seo-wordpress\/ -->\n<title>Etapa 40: Pontedeume \u2013 Fragas do Eume \u2013 Pontedeume - Norte Ib\u00e9rico de costa a costa<\/title>\n<meta name=\"robots\" content=\"index, follow, max-snippet:-1, max-image-preview:large, max-video-preview:-1\" \/>\n<link rel=\"canonical\" href=\"https:\/\/northiberianctc.com\/blog\/es\/?p=232\" \/>\n<meta property=\"og:locale\" content=\"es_ES\" \/>\n<meta property=\"og:type\" content=\"article\" \/>\n<meta property=\"og:title\" content=\"Etapa 40: Pontedeume \u2013 Fragas do Eume \u2013 Pontedeume - Norte Ib\u00e9rico de costa a costa\" \/>\n<meta property=\"og:description\" content=\"Esta etapa no estaba prevista, pero ya que me encuentro a solamente 20 km del monasterio de Caaveiro, me decido a subir all\u00ed y a visitar los bosques del r\u00edo Eume. Ser\u00e1 el tercer bosque que me paro a visitar despu\u00e9s de los de La Garrotxa e Irati. Es una excursi\u00f3n circular de unos cuarenta [&hellip;]\" \/>\n<meta property=\"og:url\" content=\"https:\/\/northiberianctc.com\/blog\/es\/?p=232\" \/>\n<meta property=\"og:site_name\" content=\"Norte Ib\u00e9rico de costa a costa\" \/>\n<meta property=\"article:published_time\" content=\"2013-07-09T17:46:48+00:00\" \/>\n<meta property=\"article:modified_time\" content=\"2013-09-30T13:21:35+00:00\" \/>\n<meta property=\"og:image\" content=\"https:\/\/northiberianctc.com\/img\/stages\/40-gal.jpg\" \/>\n<meta name=\"author\" content=\"gerard\" \/>\n<meta name=\"twitter:label1\" content=\"Escrito por\" \/>\n\t<meta name=\"twitter:data1\" content=\"gerard\" \/>\n\t<meta name=\"twitter:label2\" content=\"Tiempo de lectura\" \/>\n\t<meta name=\"twitter:data2\" content=\"2 minutos\" \/>\n<script type=\"application\/ld+json\" class=\"yoast-schema-graph\">{\"@context\":\"https:\\\/\\\/schema.org\",\"@graph\":[{\"@type\":\"Article\",\"@id\":\"https:\\\/\\\/northiberianctc.com\\\/blog\\\/es\\\/?p=232#article\",\"isPartOf\":{\"@id\":\"https:\\\/\\\/northiberianctc.com\\\/blog\\\/es\\\/?p=232\"},\"author\":{\"name\":\"gerard\",\"@id\":\"https:\\\/\\\/northiberianctc.com\\\/blog\\\/es\\\/#\\\/schema\\\/person\\\/22ba360fc6d49feb07072aae7579f785\"},\"headline\":\"Etapa 40: Pontedeume \u2013 Fragas do Eume \u2013 Pontedeume\",\"datePublished\":\"2013-07-09T17:46:48+00:00\",\"dateModified\":\"2013-09-30T13:21:35+00:00\",\"mainEntityOfPage\":{\"@id\":\"https:\\\/\\\/northiberianctc.com\\\/blog\\\/es\\\/?p=232\"},\"wordCount\":343,\"commentCount\":0,\"image\":{\"@id\":\"https:\\\/\\\/northiberianctc.com\\\/blog\\\/es\\\/?p=232#primaryimage\"},\"thumbnailUrl\":\"https:\\\/\\\/northiberianctc.com\\\/img\\\/stages\\\/40-gal.jpg\",\"articleSection\":[\"Diario\"],\"inLanguage\":\"es\",\"potentialAction\":[{\"@type\":\"CommentAction\",\"name\":\"Comment\",\"target\":[\"https:\\\/\\\/northiberianctc.com\\\/blog\\\/es\\\/?p=232#respond\"]}]},{\"@type\":\"WebPage\",\"@id\":\"https:\\\/\\\/northiberianctc.com\\\/blog\\\/es\\\/?p=232\",\"url\":\"https:\\\/\\\/northiberianctc.com\\\/blog\\\/es\\\/?p=232\",\"name\":\"Etapa 40: Pontedeume \u2013 Fragas do Eume \u2013 Pontedeume - Norte Ib\u00e9rico de costa a costa\",\"isPartOf\":{\"@id\":\"https:\\\/\\\/northiberianctc.com\\\/blog\\\/es\\\/#website\"},\"primaryImageOfPage\":{\"@id\":\"https:\\\/\\\/northiberianctc.com\\\/blog\\\/es\\\/?p=232#primaryimage\"},\"image\":{\"@id\":\"https:\\\/\\\/northiberianctc.com\\\/blog\\\/es\\\/?p=232#primaryimage\"},\"thumbnailUrl\":\"https:\\\/\\\/northiberianctc.com\\\/img\\\/stages\\\/40-gal.jpg\",\"datePublished\":\"2013-07-09T17:46:48+00:00\",\"dateModified\":\"2013-09-30T13:21:35+00:00\",\"author\":{\"@id\":\"https:\\\/\\\/northiberianctc.com\\\/blog\\\/es\\\/#\\\/schema\\\/person\\\/22ba360fc6d49feb07072aae7579f785\"},\"breadcrumb\":{\"@id\":\"https:\\\/\\\/northiberianctc.com\\\/blog\\\/es\\\/?p=232#breadcrumb\"},\"inLanguage\":\"es\",\"potentialAction\":[{\"@type\":\"ReadAction\",\"target\":[\"https:\\\/\\\/northiberianctc.com\\\/blog\\\/es\\\/?p=232\"]}]},{\"@type\":\"ImageObject\",\"inLanguage\":\"es\",\"@id\":\"https:\\\/\\\/northiberianctc.com\\\/blog\\\/es\\\/?p=232#primaryimage\",\"url\":\"https:\\\/\\\/northiberianctc.com\\\/img\\\/stages\\\/40-gal.jpg\",\"contentUrl\":\"https:\\\/\\\/northiberianctc.com\\\/img\\\/stages\\\/40-gal.jpg\"},{\"@type\":\"BreadcrumbList\",\"@id\":\"https:\\\/\\\/northiberianctc.com\\\/blog\\\/es\\\/?p=232#breadcrumb\",\"itemListElement\":[{\"@type\":\"ListItem\",\"position\":1,\"name\":\"Home\",\"item\":\"https:\\\/\\\/northiberianctc.com\\\/blog\\\/es\\\/\"},{\"@type\":\"ListItem\",\"position\":2,\"name\":\"Etapa 40: Pontedeume \u2013 Fragas do Eume \u2013 Pontedeume\"}]},{\"@type\":\"WebSite\",\"@id\":\"https:\\\/\\\/northiberianctc.com\\\/blog\\\/es\\\/#website\",\"url\":\"https:\\\/\\\/northiberianctc.com\\\/blog\\\/es\\\/\",\"name\":\"Norte Ib\u00e9rico de costa a costa\",\"description\":\"Norte de la Pen\u00ednsula Ib\u00e9rica, 2.400 km de experiencia en bicicleta de monta\u00f1a\",\"potentialAction\":[{\"@type\":\"SearchAction\",\"target\":{\"@type\":\"EntryPoint\",\"urlTemplate\":\"https:\\\/\\\/northiberianctc.com\\\/blog\\\/es\\\/?s={search_term_string}\"},\"query-input\":{\"@type\":\"PropertyValueSpecification\",\"valueRequired\":true,\"valueName\":\"search_term_string\"}}],\"inLanguage\":\"es\"},{\"@type\":\"Person\",\"@id\":\"https:\\\/\\\/northiberianctc.com\\\/blog\\\/es\\\/#\\\/schema\\\/person\\\/22ba360fc6d49feb07072aae7579f785\",\"name\":\"gerard\",\"image\":{\"@type\":\"ImageObject\",\"inLanguage\":\"es\",\"@id\":\"https:\\\/\\\/secure.gravatar.com\\\/avatar\\\/27bb7adfc7c2756eaa4c5b429daf73977619bf29c70c672f113274ae23755e0b?s=96&d=mm&r=g\",\"url\":\"https:\\\/\\\/secure.gravatar.com\\\/avatar\\\/27bb7adfc7c2756eaa4c5b429daf73977619bf29c70c672f113274ae23755e0b?s=96&d=mm&r=g\",\"contentUrl\":\"https:\\\/\\\/secure.gravatar.com\\\/avatar\\\/27bb7adfc7c2756eaa4c5b429daf73977619bf29c70c672f113274ae23755e0b?s=96&d=mm&r=g\",\"caption\":\"gerard\"},\"url\":\"https:\\\/\\\/northiberianctc.com\\\/blog\\\/es\\\/?author=1\"}]}<\/script>\n<!-- \/ Yoast SEO plugin. -->","yoast_head_json":{"title":"Etapa 40: Pontedeume \u2013 Fragas do Eume \u2013 Pontedeume - Norte Ib\u00e9rico de costa a costa","robots":{"index":"index","follow":"follow","max-snippet":"max-snippet:-1","max-image-preview":"max-image-preview:large","max-video-preview":"max-video-preview:-1"},"canonical":"https:\/\/northiberianctc.com\/blog\/es\/?p=232","og_locale":"es_ES","og_type":"article","og_title":"Etapa 40: Pontedeume \u2013 Fragas do Eume \u2013 Pontedeume - Norte Ib\u00e9rico de costa a costa","og_description":"Esta etapa no estaba prevista, pero ya que me encuentro a solamente 20 km del monasterio de Caaveiro, me decido a subir all\u00ed y a visitar los bosques del r\u00edo Eume. Ser\u00e1 el tercer bosque que me paro a visitar despu\u00e9s de los de La Garrotxa e Irati. Es una excursi\u00f3n circular de unos cuarenta [&hellip;]","og_url":"https:\/\/northiberianctc.com\/blog\/es\/?p=232","og_site_name":"Norte Ib\u00e9rico de costa a costa","article_published_time":"2013-07-09T17:46:48+00:00","article_modified_time":"2013-09-30T13:21:35+00:00","og_image":[{"url":"https:\/\/northiberianctc.com\/img\/stages\/40-gal.jpg","type":"","width":"","height":""}],"author":"gerard","twitter_misc":{"Escrito por":"gerard","Tiempo de lectura":"2 minutos"},"schema":{"@context":"https:\/\/schema.org","@graph":[{"@type":"Article","@id":"https:\/\/northiberianctc.com\/blog\/es\/?p=232#article","isPartOf":{"@id":"https:\/\/northiberianctc.com\/blog\/es\/?p=232"},"author":{"name":"gerard","@id":"https:\/\/northiberianctc.com\/blog\/es\/#\/schema\/person\/22ba360fc6d49feb07072aae7579f785"},"headline":"Etapa 40: Pontedeume \u2013 Fragas do Eume \u2013 Pontedeume","datePublished":"2013-07-09T17:46:48+00:00","dateModified":"2013-09-30T13:21:35+00:00","mainEntityOfPage":{"@id":"https:\/\/northiberianctc.com\/blog\/es\/?p=232"},"wordCount":343,"commentCount":0,"image":{"@id":"https:\/\/northiberianctc.com\/blog\/es\/?p=232#primaryimage"},"thumbnailUrl":"https:\/\/northiberianctc.com\/img\/stages\/40-gal.jpg","articleSection":["Diario"],"inLanguage":"es","potentialAction":[{"@type":"CommentAction","name":"Comment","target":["https:\/\/northiberianctc.com\/blog\/es\/?p=232#respond"]}]},{"@type":"WebPage","@id":"https:\/\/northiberianctc.com\/blog\/es\/?p=232","url":"https:\/\/northiberianctc.com\/blog\/es\/?p=232","name":"Etapa 40: Pontedeume \u2013 Fragas do Eume \u2013 Pontedeume - Norte Ib\u00e9rico de costa a costa","isPartOf":{"@id":"https:\/\/northiberianctc.com\/blog\/es\/#website"},"primaryImageOfPage":{"@id":"https:\/\/northiberianctc.com\/blog\/es\/?p=232#primaryimage"},"image":{"@id":"https:\/\/northiberianctc.com\/blog\/es\/?p=232#primaryimage"},"thumbnailUrl":"https:\/\/northiberianctc.com\/img\/stages\/40-gal.jpg","datePublished":"2013-07-09T17:46:48+00:00","dateModified":"2013-09-30T13:21:35+00:00","author":{"@id":"https:\/\/northiberianctc.com\/blog\/es\/#\/schema\/person\/22ba360fc6d49feb07072aae7579f785"},"breadcrumb":{"@id":"https:\/\/northiberianctc.com\/blog\/es\/?p=232#breadcrumb"},"inLanguage":"es","potentialAction":[{"@type":"ReadAction","target":["https:\/\/northiberianctc.com\/blog\/es\/?p=232"]}]},{"@type":"ImageObject","inLanguage":"es","@id":"https:\/\/northiberianctc.com\/blog\/es\/?p=232#primaryimage","url":"https:\/\/northiberianctc.com\/img\/stages\/40-gal.jpg","contentUrl":"https:\/\/northiberianctc.com\/img\/stages\/40-gal.jpg"},{"@type":"BreadcrumbList","@id":"https:\/\/northiberianctc.com\/blog\/es\/?p=232#breadcrumb","itemListElement":[{"@type":"ListItem","position":1,"name":"Home","item":"https:\/\/northiberianctc.com\/blog\/es\/"},{"@type":"ListItem","position":2,"name":"Etapa 40: Pontedeume \u2013 Fragas do Eume \u2013 Pontedeume"}]},{"@type":"WebSite","@id":"https:\/\/northiberianctc.com\/blog\/es\/#website","url":"https:\/\/northiberianctc.com\/blog\/es\/","name":"Norte Ib\u00e9rico de costa a costa","description":"Norte de la Pen\u00ednsula Ib\u00e9rica, 2.400 km de experiencia en bicicleta de monta\u00f1a","potentialAction":[{"@type":"SearchAction","target":{"@type":"EntryPoint","urlTemplate":"https:\/\/northiberianctc.com\/blog\/es\/?s={search_term_string}"},"query-input":{"@type":"PropertyValueSpecification","valueRequired":true,"valueName":"search_term_string"}}],"inLanguage":"es"},{"@type":"Person","@id":"https:\/\/northiberianctc.com\/blog\/es\/#\/schema\/person\/22ba360fc6d49feb07072aae7579f785","name":"gerard","image":{"@type":"ImageObject","inLanguage":"es","@id":"https:\/\/secure.gravatar.com\/avatar\/27bb7adfc7c2756eaa4c5b429daf73977619bf29c70c672f113274ae23755e0b?s=96&d=mm&r=g","url":"https:\/\/secure.gravatar.com\/avatar\/27bb7adfc7c2756eaa4c5b429daf73977619bf29c70c672f113274ae23755e0b?s=96&d=mm&r=g","contentUrl":"https:\/\/secure.gravatar.com\/avatar\/27bb7adfc7c2756eaa4c5b429daf73977619bf29c70c672f113274ae23755e0b?s=96&d=mm&r=g","caption":"gerard"},"url":"https:\/\/northiberianctc.com\/blog\/es\/?author=1"}]}},"_links":{"self":[{"href":"https:\/\/northiberianctc.com\/blog\/es\/index.php?rest_route=\/wp\/v2\/posts\/232","targetHints":{"allow":["GET"]}}],"collection":[{"href":"https:\/\/northiberianctc.com\/blog\/es\/index.php?rest_route=\/wp\/v2\/posts"}],"about":[{"href":"https:\/\/northiberianctc.com\/blog\/es\/index.php?rest_route=\/wp\/v2\/types\/post"}],"author":[{"embeddable":true,"href":"https:\/\/northiberianctc.com\/blog\/es\/index.php?rest_route=\/wp\/v2\/users\/1"}],"replies":[{"embeddable":true,"href":"https:\/\/northiberianctc.com\/blog\/es\/index.php?rest_route=%2Fwp%2Fv2%2Fcomments&post=232"}],"version-history":[{"count":4,"href":"https:\/\/northiberianctc.com\/blog\/es\/index.php?rest_route=\/wp\/v2\/posts\/232\/revisions"}],"predecessor-version":[{"id":357,"href":"https:\/\/northiberianctc.com\/blog\/es\/index.php?rest_route=\/wp\/v2\/posts\/232\/revisions\/357"}],"wp:attachment":[{"href":"https:\/\/northiberianctc.com\/blog\/es\/index.php?rest_route=%2Fwp%2Fv2%2Fmedia&parent=232"}],"wp:term":[{"taxonomy":"category","embeddable":true,"href":"https:\/\/northiberianctc.com\/blog\/es\/index.php?rest_route=%2Fwp%2Fv2%2Fcategories&post=232"},{"taxonomy":"post_tag","embeddable":true,"href":"https:\/\/northiberianctc.com\/blog\/es\/index.php?rest_route=%2Fwp%2Fv2%2Ftags&post=232"}],"curies":[{"name":"wp","href":"https:\/\/api.w.org\/{rel}","templated":true}]}}