{"id":241,"date":"2013-07-13T17:53:35","date_gmt":"2013-07-13T17:53:35","guid":{"rendered":"http:\/\/northiberianctc.com\/blog\/es\/?p=241"},"modified":"2013-09-30T13:32:34","modified_gmt":"2013-09-30T13:32:34","slug":"etapa-44-muxia-fisterra","status":"publish","type":"post","link":"https:\/\/northiberianctc.com\/blog\/es\/?p=241","title":{"rendered":"Etapa 44: Mux\u00eda \u2013 Fisterra"},"content":{"rendered":"<p><img loading=\"lazy\" decoding=\"async\" class=\"alignright\" style=\"margin-left: 6px; margin-right: 6px;\" alt=\"Mux\u00eda \u2013 Fisterra\" src=\"https:\/\/northiberianctc.com\/img\/stages\/44-gal.jpg\" width=\"320\" height=\"195\" \/>Esta es la \u00faltima etapa de nuestra ruta, y es corta y agradable de recorrer. Despu\u00e9s podremos escoger varias maneras de marcharnos de la Costa da Morte, aunque yo me desplazar\u00e9 a Santiago de Compostela por carretera y desde all\u00ed tomar\u00e9 transportes p\u00fablicos para volver a Catalunya.<\/p>\n<p>Salgo de Mux\u00eda algo tarde porque tengo que arreglar un pinchazo, y el retraso me da la oportunidad de conocer un muchacho miembro de Traski, un grupo de monta\u00f1a que impulsa rutas de senderismo por la Costa da Morte siguiendo los caminos que yo he seguido de camino hacia aqu\u00ed.<\/p>\n<p>Comienzo a bajar a Mux\u00eda y me dirijo all\u00ed por el Cabo Touri\u00f1an y las playas siguientes, un lugar bastante apartado de los turistas habituales, que en su mayor\u00eda son del Camino y van por otras rutas interiores. Nuestro recorrido es el contrario que el de los peregrinos y durante m\u00e1s de la mitad del camino no se coincide con los peregrinos.<\/p>\n<p>A partir de Lies, en medio de la etapa de hoy, ja se empieza a circular por pistas de peregrinaje y se encuentra a mucha gente caminando en sentido contrario. Unos km antes de Fisterra nos desviamos hacia la derecha y entramos en el pueblo por el oeste, por San Marti\u00f1o, justo al contrario que los peregrinos.<\/p>\n<p>Me quedo a dormir en el albergue p\u00fablico de Fisterra y acabo saliendo de noche para celebrar que he finalizado mi viaje de 44 d\u00edas en bicicleta, aparte de los d\u00edas que he pasado haciendo turismo o descansando en alg\u00fan camping o hostal. He descubierto uno de los que deben de ser destinos emblem\u00e1ticos de Fisterra para peregrinos: la bibliotaberna A Galeria, propiedad del escritor gallego Roberto Traba Velay, alguien a qui\u00e9n me alegro de haber conocido.<\/p>\n<p>Si has tenido la paciencia de leer hasta aqu\u00ed este diario tengo que agradec\u00e9rtelo sinceramente, y si tienes inter\u00e9s en comentarme algo puedes utilizar el sistema de comentarios o entrar en el apartado <a title=\"Sobre m\u00ed\" href=\"https:\/\/northiberianctc.com\/blog\/es\/?page_id=13\">Sobre m\u00ed<\/a> y enviarme un mensaje. Deseo que te haya gustado lo que has le\u00eddo y te invito a aprovechar esta ruta para construirte un viaje similar y descubrir cientos de lugares, e incluso otros que yo no he alcanzado a visitar.<\/p>\n<div style=\"margin: 0 auto 0 auto; width: 400px;\"><iframe loading=\"lazy\" src=\"https:\/\/ssl.panoramio.com\/wapi\/template\/photo.html?user=7124452&amp;tag=stage44nictc&amp;bgcolor=%23FFFFFF\" height=\"400\" width=\"500\" frameborder=\"0\" marginwidth=\"0\" marginheight=\"0\" scrolling=\"no\"><\/iframe><\/div>\n<p><strong>Etapa 44 en Wikiloc<\/strong>: <a title=\"etapa 44\" href=\"http:\/\/es.wikiloc.com\/wikiloc\/view.do?id=4973684\">http:\/\/es.wikiloc.com\/wikiloc\/view.do?id=4973684<\/a><\/p>\n<p><strong>Track GPS Etapa 44 para descargar<\/strong>: <a title=\"track 44\" href=\"http:\/\/goo.gl\/KJhH3A\">http:\/\/goo.gl\/KJhH3A<\/a><\/p>\n<p><strong>Distancias<\/strong>: Mux\u00eda \u2013 Fisterra 48 km<\/p>\n<p><strong>Poblaciones<\/strong>:<\/p>\n<div style=\"width: 210px\" class=\"wp-caption alignright\"><img loading=\"lazy\" decoding=\"async\" alt=\"Descarga el track 44 con QR BIDI\" src=\"https:\/\/northiberianctc.com\/img\/qr\/44-gal.png\" width=\"200\" height=\"200\" \/><p class=\"wp-caption-text\">Descarga el track 44 con QR BIDI<\/p><\/div>\n<p>Mux\u00eda<br \/>\nLourido<br \/>\nCu\u00f1o<br \/>\nMartineto<br \/>\nViseo<br \/>\nMoreira<br \/>\nTouri\u00f1an<br \/>\nTal\u00f3n<br \/>\nSanto Estevo de Lires<br \/>\nA Canosa<br \/>\nSan Marti\u00f1o<br \/>\nFisterra<\/p>\n<p><strong>Precio del alojamiento<\/strong>: 6 euros.<\/p>\n<p><strong>Referencias<\/strong>: A Galer\u00eda, bibliotaberna. Rua Real, 25. Fisterra.<\/p>\n<p><strong><a hreflang=\"en\" rel=\"alternate\" href=\"https:\/\/northiberianctc.com\/blog\/en\/?p=313\" title=\"Stage 44\">Stage 44 in English<\/a><\/strong> \u00b7 <strong><a hreflang=\"ca\" rel=\"alternate\" href=\"https:\/\/northiberianctc.com\/blog\/ca\/?p=475\" title=\"Etapa 44\">Etapa 44 en catal\u00e0<\/a><\/strong><\/p>\n","protected":false},"excerpt":{"rendered":"<p>Esta es la \u00faltima etapa de nuestra ruta, y es corta y agradable de recorrer. Despu\u00e9s podremos escoger varias maneras de marcharnos de la Costa da Morte, aunque yo me desplazar\u00e9 a Santiago de Compostela por carretera y desde all\u00ed tomar\u00e9 transportes p\u00fablicos para volver a Catalunya. Salgo de Mux\u00eda algo tarde porque tengo que [&hellip;]<\/p>\n","protected":false},"author":1,"featured_media":0,"comment_status":"open","ping_status":"open","sticky":false,"template":"","format":"standard","meta":{"footnotes":""},"categories":[1],"tags":[],"class_list":["post-241","post","type-post","status-publish","format-standard","hentry","category-diario"],"yoast_head":"<!-- This site is optimized with the Yoast SEO plugin v27.5 - https:\/\/yoast.com\/product\/yoast-seo-wordpress\/ -->\n<title>Etapa 44: Mux\u00eda \u2013 Fisterra - Norte Ib\u00e9rico de costa a costa<\/title>\n<meta name=\"robots\" content=\"index, follow, max-snippet:-1, max-image-preview:large, max-video-preview:-1\" \/>\n<link rel=\"canonical\" href=\"https:\/\/northiberianctc.com\/blog\/es\/?p=241\" \/>\n<meta property=\"og:locale\" content=\"es_ES\" \/>\n<meta property=\"og:type\" content=\"article\" \/>\n<meta property=\"og:title\" content=\"Etapa 44: Mux\u00eda \u2013 Fisterra - Norte Ib\u00e9rico de costa a costa\" \/>\n<meta property=\"og:description\" content=\"Esta es la \u00faltima etapa de nuestra ruta, y es corta y agradable de recorrer. Despu\u00e9s podremos escoger varias maneras de marcharnos de la Costa da Morte, aunque yo me desplazar\u00e9 a Santiago de Compostela por carretera y desde all\u00ed tomar\u00e9 transportes p\u00fablicos para volver a Catalunya. Salgo de Mux\u00eda algo tarde porque tengo que [&hellip;]\" \/>\n<meta property=\"og:url\" content=\"https:\/\/northiberianctc.com\/blog\/es\/?p=241\" \/>\n<meta property=\"og:site_name\" content=\"Norte Ib\u00e9rico de costa a costa\" \/>\n<meta property=\"article:published_time\" content=\"2013-07-13T17:53:35+00:00\" \/>\n<meta property=\"article:modified_time\" content=\"2013-09-30T13:32:34+00:00\" \/>\n<meta property=\"og:image\" content=\"https:\/\/northiberianctc.com\/img\/stages\/44-gal.jpg\" \/>\n<meta name=\"author\" content=\"gerard\" \/>\n<meta name=\"twitter:label1\" content=\"Escrito por\" \/>\n\t<meta name=\"twitter:data1\" content=\"gerard\" \/>\n\t<meta name=\"twitter:label2\" content=\"Tiempo de lectura\" \/>\n\t<meta name=\"twitter:data2\" content=\"2 minutos\" \/>\n<script type=\"application\/ld+json\" class=\"yoast-schema-graph\">{\"@context\":\"https:\\\/\\\/schema.org\",\"@graph\":[{\"@type\":\"Article\",\"@id\":\"https:\\\/\\\/northiberianctc.com\\\/blog\\\/es\\\/?p=241#article\",\"isPartOf\":{\"@id\":\"https:\\\/\\\/northiberianctc.com\\\/blog\\\/es\\\/?p=241\"},\"author\":{\"name\":\"gerard\",\"@id\":\"https:\\\/\\\/northiberianctc.com\\\/blog\\\/es\\\/#\\\/schema\\\/person\\\/22ba360fc6d49feb07072aae7579f785\"},\"headline\":\"Etapa 44: Mux\u00eda \u2013 Fisterra\",\"datePublished\":\"2013-07-13T17:53:35+00:00\",\"dateModified\":\"2013-09-30T13:32:34+00:00\",\"mainEntityOfPage\":{\"@id\":\"https:\\\/\\\/northiberianctc.com\\\/blog\\\/es\\\/?p=241\"},\"wordCount\":468,\"commentCount\":2,\"image\":{\"@id\":\"https:\\\/\\\/northiberianctc.com\\\/blog\\\/es\\\/?p=241#primaryimage\"},\"thumbnailUrl\":\"https:\\\/\\\/northiberianctc.com\\\/img\\\/stages\\\/44-gal.jpg\",\"articleSection\":[\"Diario\"],\"inLanguage\":\"es\",\"potentialAction\":[{\"@type\":\"CommentAction\",\"name\":\"Comment\",\"target\":[\"https:\\\/\\\/northiberianctc.com\\\/blog\\\/es\\\/?p=241#respond\"]}]},{\"@type\":\"WebPage\",\"@id\":\"https:\\\/\\\/northiberianctc.com\\\/blog\\\/es\\\/?p=241\",\"url\":\"https:\\\/\\\/northiberianctc.com\\\/blog\\\/es\\\/?p=241\",\"name\":\"Etapa 44: Mux\u00eda \u2013 Fisterra - Norte Ib\u00e9rico de costa a costa\",\"isPartOf\":{\"@id\":\"https:\\\/\\\/northiberianctc.com\\\/blog\\\/es\\\/#website\"},\"primaryImageOfPage\":{\"@id\":\"https:\\\/\\\/northiberianctc.com\\\/blog\\\/es\\\/?p=241#primaryimage\"},\"image\":{\"@id\":\"https:\\\/\\\/northiberianctc.com\\\/blog\\\/es\\\/?p=241#primaryimage\"},\"thumbnailUrl\":\"https:\\\/\\\/northiberianctc.com\\\/img\\\/stages\\\/44-gal.jpg\",\"datePublished\":\"2013-07-13T17:53:35+00:00\",\"dateModified\":\"2013-09-30T13:32:34+00:00\",\"author\":{\"@id\":\"https:\\\/\\\/northiberianctc.com\\\/blog\\\/es\\\/#\\\/schema\\\/person\\\/22ba360fc6d49feb07072aae7579f785\"},\"breadcrumb\":{\"@id\":\"https:\\\/\\\/northiberianctc.com\\\/blog\\\/es\\\/?p=241#breadcrumb\"},\"inLanguage\":\"es\",\"potentialAction\":[{\"@type\":\"ReadAction\",\"target\":[\"https:\\\/\\\/northiberianctc.com\\\/blog\\\/es\\\/?p=241\"]}]},{\"@type\":\"ImageObject\",\"inLanguage\":\"es\",\"@id\":\"https:\\\/\\\/northiberianctc.com\\\/blog\\\/es\\\/?p=241#primaryimage\",\"url\":\"https:\\\/\\\/northiberianctc.com\\\/img\\\/stages\\\/44-gal.jpg\",\"contentUrl\":\"https:\\\/\\\/northiberianctc.com\\\/img\\\/stages\\\/44-gal.jpg\"},{\"@type\":\"BreadcrumbList\",\"@id\":\"https:\\\/\\\/northiberianctc.com\\\/blog\\\/es\\\/?p=241#breadcrumb\",\"itemListElement\":[{\"@type\":\"ListItem\",\"position\":1,\"name\":\"Home\",\"item\":\"https:\\\/\\\/northiberianctc.com\\\/blog\\\/es\\\/\"},{\"@type\":\"ListItem\",\"position\":2,\"name\":\"Etapa 44: Mux\u00eda \u2013 Fisterra\"}]},{\"@type\":\"WebSite\",\"@id\":\"https:\\\/\\\/northiberianctc.com\\\/blog\\\/es\\\/#website\",\"url\":\"https:\\\/\\\/northiberianctc.com\\\/blog\\\/es\\\/\",\"name\":\"Norte Ib\u00e9rico de costa a costa\",\"description\":\"Norte de la Pen\u00ednsula Ib\u00e9rica, 2.400 km de experiencia en bicicleta de monta\u00f1a\",\"potentialAction\":[{\"@type\":\"SearchAction\",\"target\":{\"@type\":\"EntryPoint\",\"urlTemplate\":\"https:\\\/\\\/northiberianctc.com\\\/blog\\\/es\\\/?s={search_term_string}\"},\"query-input\":{\"@type\":\"PropertyValueSpecification\",\"valueRequired\":true,\"valueName\":\"search_term_string\"}}],\"inLanguage\":\"es\"},{\"@type\":\"Person\",\"@id\":\"https:\\\/\\\/northiberianctc.com\\\/blog\\\/es\\\/#\\\/schema\\\/person\\\/22ba360fc6d49feb07072aae7579f785\",\"name\":\"gerard\",\"image\":{\"@type\":\"ImageObject\",\"inLanguage\":\"es\",\"@id\":\"https:\\\/\\\/secure.gravatar.com\\\/avatar\\\/27bb7adfc7c2756eaa4c5b429daf73977619bf29c70c672f113274ae23755e0b?s=96&d=mm&r=g\",\"url\":\"https:\\\/\\\/secure.gravatar.com\\\/avatar\\\/27bb7adfc7c2756eaa4c5b429daf73977619bf29c70c672f113274ae23755e0b?s=96&d=mm&r=g\",\"contentUrl\":\"https:\\\/\\\/secure.gravatar.com\\\/avatar\\\/27bb7adfc7c2756eaa4c5b429daf73977619bf29c70c672f113274ae23755e0b?s=96&d=mm&r=g\",\"caption\":\"gerard\"},\"url\":\"https:\\\/\\\/northiberianctc.com\\\/blog\\\/es\\\/?author=1\"}]}<\/script>\n<!-- \/ Yoast SEO plugin. -->","yoast_head_json":{"title":"Etapa 44: Mux\u00eda \u2013 Fisterra - Norte Ib\u00e9rico de costa a costa","robots":{"index":"index","follow":"follow","max-snippet":"max-snippet:-1","max-image-preview":"max-image-preview:large","max-video-preview":"max-video-preview:-1"},"canonical":"https:\/\/northiberianctc.com\/blog\/es\/?p=241","og_locale":"es_ES","og_type":"article","og_title":"Etapa 44: Mux\u00eda \u2013 Fisterra - Norte Ib\u00e9rico de costa a costa","og_description":"Esta es la \u00faltima etapa de nuestra ruta, y es corta y agradable de recorrer. Despu\u00e9s podremos escoger varias maneras de marcharnos de la Costa da Morte, aunque yo me desplazar\u00e9 a Santiago de Compostela por carretera y desde all\u00ed tomar\u00e9 transportes p\u00fablicos para volver a Catalunya. Salgo de Mux\u00eda algo tarde porque tengo que [&hellip;]","og_url":"https:\/\/northiberianctc.com\/blog\/es\/?p=241","og_site_name":"Norte Ib\u00e9rico de costa a costa","article_published_time":"2013-07-13T17:53:35+00:00","article_modified_time":"2013-09-30T13:32:34+00:00","og_image":[{"url":"https:\/\/northiberianctc.com\/img\/stages\/44-gal.jpg","type":"","width":"","height":""}],"author":"gerard","twitter_misc":{"Escrito por":"gerard","Tiempo de lectura":"2 minutos"},"schema":{"@context":"https:\/\/schema.org","@graph":[{"@type":"Article","@id":"https:\/\/northiberianctc.com\/blog\/es\/?p=241#article","isPartOf":{"@id":"https:\/\/northiberianctc.com\/blog\/es\/?p=241"},"author":{"name":"gerard","@id":"https:\/\/northiberianctc.com\/blog\/es\/#\/schema\/person\/22ba360fc6d49feb07072aae7579f785"},"headline":"Etapa 44: Mux\u00eda \u2013 Fisterra","datePublished":"2013-07-13T17:53:35+00:00","dateModified":"2013-09-30T13:32:34+00:00","mainEntityOfPage":{"@id":"https:\/\/northiberianctc.com\/blog\/es\/?p=241"},"wordCount":468,"commentCount":2,"image":{"@id":"https:\/\/northiberianctc.com\/blog\/es\/?p=241#primaryimage"},"thumbnailUrl":"https:\/\/northiberianctc.com\/img\/stages\/44-gal.jpg","articleSection":["Diario"],"inLanguage":"es","potentialAction":[{"@type":"CommentAction","name":"Comment","target":["https:\/\/northiberianctc.com\/blog\/es\/?p=241#respond"]}]},{"@type":"WebPage","@id":"https:\/\/northiberianctc.com\/blog\/es\/?p=241","url":"https:\/\/northiberianctc.com\/blog\/es\/?p=241","name":"Etapa 44: Mux\u00eda \u2013 Fisterra - Norte Ib\u00e9rico de costa a costa","isPartOf":{"@id":"https:\/\/northiberianctc.com\/blog\/es\/#website"},"primaryImageOfPage":{"@id":"https:\/\/northiberianctc.com\/blog\/es\/?p=241#primaryimage"},"image":{"@id":"https:\/\/northiberianctc.com\/blog\/es\/?p=241#primaryimage"},"thumbnailUrl":"https:\/\/northiberianctc.com\/img\/stages\/44-gal.jpg","datePublished":"2013-07-13T17:53:35+00:00","dateModified":"2013-09-30T13:32:34+00:00","author":{"@id":"https:\/\/northiberianctc.com\/blog\/es\/#\/schema\/person\/22ba360fc6d49feb07072aae7579f785"},"breadcrumb":{"@id":"https:\/\/northiberianctc.com\/blog\/es\/?p=241#breadcrumb"},"inLanguage":"es","potentialAction":[{"@type":"ReadAction","target":["https:\/\/northiberianctc.com\/blog\/es\/?p=241"]}]},{"@type":"ImageObject","inLanguage":"es","@id":"https:\/\/northiberianctc.com\/blog\/es\/?p=241#primaryimage","url":"https:\/\/northiberianctc.com\/img\/stages\/44-gal.jpg","contentUrl":"https:\/\/northiberianctc.com\/img\/stages\/44-gal.jpg"},{"@type":"BreadcrumbList","@id":"https:\/\/northiberianctc.com\/blog\/es\/?p=241#breadcrumb","itemListElement":[{"@type":"ListItem","position":1,"name":"Home","item":"https:\/\/northiberianctc.com\/blog\/es\/"},{"@type":"ListItem","position":2,"name":"Etapa 44: Mux\u00eda \u2013 Fisterra"}]},{"@type":"WebSite","@id":"https:\/\/northiberianctc.com\/blog\/es\/#website","url":"https:\/\/northiberianctc.com\/blog\/es\/","name":"Norte Ib\u00e9rico de costa a costa","description":"Norte de la Pen\u00ednsula Ib\u00e9rica, 2.400 km de experiencia en bicicleta de monta\u00f1a","potentialAction":[{"@type":"SearchAction","target":{"@type":"EntryPoint","urlTemplate":"https:\/\/northiberianctc.com\/blog\/es\/?s={search_term_string}"},"query-input":{"@type":"PropertyValueSpecification","valueRequired":true,"valueName":"search_term_string"}}],"inLanguage":"es"},{"@type":"Person","@id":"https:\/\/northiberianctc.com\/blog\/es\/#\/schema\/person\/22ba360fc6d49feb07072aae7579f785","name":"gerard","image":{"@type":"ImageObject","inLanguage":"es","@id":"https:\/\/secure.gravatar.com\/avatar\/27bb7adfc7c2756eaa4c5b429daf73977619bf29c70c672f113274ae23755e0b?s=96&d=mm&r=g","url":"https:\/\/secure.gravatar.com\/avatar\/27bb7adfc7c2756eaa4c5b429daf73977619bf29c70c672f113274ae23755e0b?s=96&d=mm&r=g","contentUrl":"https:\/\/secure.gravatar.com\/avatar\/27bb7adfc7c2756eaa4c5b429daf73977619bf29c70c672f113274ae23755e0b?s=96&d=mm&r=g","caption":"gerard"},"url":"https:\/\/northiberianctc.com\/blog\/es\/?author=1"}]}},"_links":{"self":[{"href":"https:\/\/northiberianctc.com\/blog\/es\/index.php?rest_route=\/wp\/v2\/posts\/241","targetHints":{"allow":["GET"]}}],"collection":[{"href":"https:\/\/northiberianctc.com\/blog\/es\/index.php?rest_route=\/wp\/v2\/posts"}],"about":[{"href":"https:\/\/northiberianctc.com\/blog\/es\/index.php?rest_route=\/wp\/v2\/types\/post"}],"author":[{"embeddable":true,"href":"https:\/\/northiberianctc.com\/blog\/es\/index.php?rest_route=\/wp\/v2\/users\/1"}],"replies":[{"embeddable":true,"href":"https:\/\/northiberianctc.com\/blog\/es\/index.php?rest_route=%2Fwp%2Fv2%2Fcomments&post=241"}],"version-history":[{"count":4,"href":"https:\/\/northiberianctc.com\/blog\/es\/index.php?rest_route=\/wp\/v2\/posts\/241\/revisions"}],"predecessor-version":[{"id":244,"href":"https:\/\/northiberianctc.com\/blog\/es\/index.php?rest_route=\/wp\/v2\/posts\/241\/revisions\/244"}],"wp:attachment":[{"href":"https:\/\/northiberianctc.com\/blog\/es\/index.php?rest_route=%2Fwp%2Fv2%2Fmedia&parent=241"}],"wp:term":[{"taxonomy":"category","embeddable":true,"href":"https:\/\/northiberianctc.com\/blog\/es\/index.php?rest_route=%2Fwp%2Fv2%2Fcategories&post=241"},{"taxonomy":"post_tag","embeddable":true,"href":"https:\/\/northiberianctc.com\/blog\/es\/index.php?rest_route=%2Fwp%2Fv2%2Ftags&post=241"}],"curies":[{"name":"wp","href":"https:\/\/api.w.org\/{rel}","templated":true}]}}